{"id":23482,"date":"2024-05-16T18:09:15","date_gmt":"2024-05-16T15:09:15","guid":{"rendered":"https:\/\/candname.com\/tr\/?p=23482"},"modified":"2024-05-16T18:09:15","modified_gmt":"2024-05-16T15:09:15","slug":"15-mayis-kurt-dili-bayrami-kurtlerin-yasadigi-her-yerde-kutlaniyor","status":"publish","type":"post","link":"https:\/\/candname.com\/tr\/?p=23482","title":{"rendered":"15 May\u0131s &#8220;K\u00fcrt Dili Bayram\u0131&#8221; K\u00fcrtlerin ya\u015fad\u0131\u011f\u0131 her yerde kutlan\u0131yor"},"content":{"rendered":"<p>Latin harfleriyle yay\u0131mlanan ilk K\u00fcrt\u00e7e dergi Hawar&#8217;\u0131n 1932&#8217;de \u015eam&#8217;da ilk bask\u0131s\u0131n\u0131n yap\u0131ld\u0131\u011f\u0131 g\u00fcn, 2006&#8217;dan bu yana K\u00fcrt Dili Bayram\u0131 olarak kutlan\u0131yor. 2024 K\u00fcrt Dili Bayram\u0131 ba\u015fta Diyarbak\u0131r\/Amed olmak \u00fczere K\u00fcrt illerinde etkin ve co\u015fkulu bir bi\u00e7imde ge\u00e7iyor<\/p>\n<p>K\u00fcrt Dili Bayram\u0131 15 May\u0131s, her y\u0131l oldu\u011fu gibi Diyarbak\u0131r, Siirt, Van gibi b\u00fcy\u00fck merkezlerin yan\u0131 s\u0131ra il\u00e7elerde de ger\u00e7ekle\u015ftirilen etkinliklerle kutlan\u0131yor. K\u00fcrtlerin ya\u015fad\u0131\u011f\u0131 her yerde ger\u00e7ekle\u015ftirilen programlara halk etkin kat\u0131l\u0131m g\u00f6steriyor.<\/p>\n<h2>D\u0130yarbak\u0131r\/Amed&#8217;de dengb\u00eaj ve \u00e7irokb\u00eajler<\/h2>\n<p><img decoding=\"async\" src=\"https:\/\/static.bianet.org\/2024\/05\/hawar.jpg\" alt=\"\" \/><em>Foto\u011fraf: MA<\/em><\/p>\n<p>Mezopotamya Ajans\u0131n\u0131n (MA) haberine g\u00f6re, Amed&#8217;in S\u00fbr il\u00e7esindeki Ulu Cami Meydan\u0131&#8217;nda Mezopotamya Dil ve K\u00fclt\u00fcr Ara\u015ft\u0131rmalar\u0131 Derne\u011fi&#8217;nin (MED-DER) organize etti\u011fi Dengb\u00eaj ve \u00c7\u00eerokb\u00eaj etkinli\u011finde Demokratik B\u00f6lgeler Partisi (DBP) E\u015f Genel Ba\u015fkanlar\u0131 \u00c7i\u011fdem K\u0131l\u0131\u00e7g\u00fcn U\u00e7ar ve Keskin Bay\u0131nd\u0131r, DBP ve Halklar\u0131n E\u015fitlik ve Demokrasi Partisi (DEM Parti) \u0130l E\u015f Ba\u015fkanlar\u0131, S\u00fbr Belediye E\u015f Ba\u015fkanlar\u0131, DEM Parti Amed Milletvekili Adalet Kaya, Tevgera Jin\u00ean Azad (\u00d6zg\u00fcr Kad\u0131n Hareketi &#8211; TJA) \u00fcyeleri de haz\u0131r bulundu.<\/p>\n<p>Dengb\u00eajlerin seslendirdi\u011fi stranlar\u0131n yan\u0131 s\u0131ra okunan K\u00fcrt\u00e7e \u015fiirler ve \u00e7\u00eeroklarla K\u00fcrt dilinin zenginlikleri sergilenirken izleyiciler &#8220;mamikler&#8221; (bilmece) dolay\u0131m\u0131yla geleneksel interaktif oyun ve e\u011flencelere kat\u0131ld\u0131lar.<\/p>\n<p>Etkinlik\u00a0 sona ererken performanslarda yer alanlar ve izleyenler birlikte &#8220;Ziman\u00ea Kurd\u00ee&#8221; (K\u00fcrt Dili) \u015fark\u0131s\u0131n\u0131 seslendirdiler.<\/p>\n<h2>Silvan\/Farq\u00een&#8217;de Ser\u00ea Gulan\u00ea \u015fenlikleri<\/h2>\n<p>Farq\u00een il\u00e7esinde de K\u00fcrt Dili Bayram\u0131, y\u00fczy\u0131llard\u0131r s\u00fcregelen -Hicri takvime g\u00f6re 1 May\u0131s, Miladi takvime g\u00f6re 14 May\u0131s- geleneksel Ser\u00ea Gulan\u00ea (May\u0131s ba\u015f\u0131) \u015fenlikleriyle Gaza Z\u00eavetirk\u00ea, B\u00eazwan, Malabad\u00ea, Aram Tigran Park\u0131 ve Parka Kaniya Nav\u00een\u2019deki etkinliklerde co\u015fkuyla kutland\u0131.<\/p>\n<p>Dicle K\u00fclt\u00fcr ve Sanat Derne\u011fi erbane ekibinin de yer ald\u0131\u011f\u0131 etkinlikte, s\u00f6ylenen K\u00fcrt\u00e7e \u015fark\u0131larla birlikte halaylar \u00e7ekildi.<\/p>\n<p>Piknik alanlar\u0131nda MED-DER \u00f6\u011fretmenlerinin K\u00fcrt\u00e7e alfabeyi \u00f6\u011fretti\u011fi \u00e7ocuklar kendi adlar\u0131n\u0131 yazd\u0131lar. Etkinlik biterken \u00e7ocuklara K\u00fcrt\u00e7e \u00f6yk\u00fc kitaplar\u0131 arma\u011fan edildi. Piknik alan\u0131n\u0131 ziyaret eden Farq\u00een Belediye E\u015f Ba\u015fkanlar\u0131 Sevim Bi\u00e7ici ve Kadri Esen de halk\u0131n Ser\u00ea Gulan\u00ea kutlamalar\u0131na ortrak oldu.<\/p>\n<h2>\u00c7\u0131nar\/Xana Axpar&#8217;da dil at\u00f6lyeleri<\/h2>\n<p>MED-DER \u00f6nc\u00fcl\u00fc\u011f\u00fcnde s\u00fcrd\u00fcrlen 15 May\u0131s \u00a0K\u00fcrt Dil Bayram\u0131 etkinlikleri kapsam\u0131nda Amed&#8217;in Xana Axpar (\u00c7\u0131nar) il\u00e7esinde bulunan Hucet\u00eey\u00ea (Ba\u015fakl\u0131) ve Husuka (Hi\u00e7a) k\u00f6ylerinde at\u00f6lyeler ger\u00e7ekle\u015ftirdi. Etkinliklere kat\u0131lan \u00e7ok say\u0131da \u00e7ocu\u011fa Xana Axpar E\u015f Ba\u015fkanlar\u0131 ve Halklar\u0131n E\u015fitlik ve Demokrasi Partisi (DEM Parti) il\u00e7e y\u00f6neticileri e\u015flik etti.<\/p>\n<p>At\u00f6lyelerde K\u00fcrt\u00e7e \u015fark\u0131lar e\u015fli\u011finde oyunlar oynay\u0131p, boyalarla resim \u00e7al\u0131\u015fmalar\u0131 yapt\u0131.<\/p>\n<h2>Erxen\u00ee\/Ergani&#8217;de dengb\u00eaj gecesi<\/h2>\n<p>Erxen\u00ee&#8217;de 15 May\u0131s K\u00fcrt Dili Bayram\u0131 E\u011fitim ve Bilim Emek\u00e7ileri Sendikas\u0131 (E\u011fitim-Sen) \u00f6nc\u00fcl\u00fc\u011f\u00fcndeki dengb\u00eaj gecesinde kutland\u0131. Geceye Erxen\u00ee Belediye E\u015f Ba\u015fkanlar\u0131 \u015eiyar G\u00fcldiken ve Birsen Azak Bayar&#8217;\u0131n yan\u0131 s\u0131ra DEM Parti ve DBP Erxen\u00ee il\u00e7e \u00f6rg\u00fctleri, e\u011fitim emek\u00e7ileri ve \u00e7ok say\u0131da ki\u015fi kat\u0131ld\u0131.<\/p>\n<p>Etkinlik a\u00e7\u0131l\u0131\u015f\u0131nda konu\u015fan Belediye E\u015f Ba\u015fkan\u0131 \u015eiyar G\u00fcldiken, K\u00fcrt Dili Bayram\u0131n\u0131 kutlayarak, K\u00fcrt dilinin hak etti\u011fi yere ula\u015fmas\u0131 i\u00e7in her t\u00fcrl\u00fc hizmeti yapacaklar\u0131n\u0131 vurgulad\u0131. Kayy\u0131m s\u00fcrecinde ilk sald\u0131r\u0131lan alanlardan birinin de K\u00fcrt\u00e7e oldu\u011funa dikkat \u00e7eken G\u00fcldiken, halk\u0131n iradesine bir kez daha sahip \u00e7\u0131kt\u0131\u011f\u0131n\u0131 ve bunun da diline sahip \u00e7\u0131kt\u0131\u011f\u0131 anlam\u0131na geldi\u011fini ifade etti.<\/p>\n<p>G\u00fcldiken, &#8220;Biz de halk\u0131m\u0131zdan ald\u0131\u011f\u0131m\u0131z bu mesaja sahip \u00e7\u0131karak, K\u00fcrt diline gereken hizmeti sa\u011flayaca\u011f\u0131z. \u00c7ocuklar\u0131n ana dillerini \u00f6\u011frenmesi i\u00e7in anadilde e\u011fitim veren kre\u015fleri \u00f6n\u00fcm\u00fczdeki g\u00fcnlerde halk\u0131m\u0131z\u0131n hizmetine sunaca\u011f\u0131z&#8221; dedi.<\/p>\n<p>Konu\u015fmalar\u0131n ard\u0131ndan Dicle K\u00fclt\u00fcr ve Sanat Derne\u011fi\u2019ne ba\u011fl\u0131 dengb\u00eajler stranlar\u0131n\u0131 seslendirirken \u00e7\u00eerokb\u00eaj Ayhan Erkmen de \u00e7\u00eeroklarla (\u00f6yk\u00fcler) K\u00fcrt\u00e7e&#8217;nin anlat\u0131m g\u00fcc\u00fcn\u00fc sergileyen bir performans ortaya koydu.<\/p>\n<h2>Siirt\/S\u00eart&#8217;te bas\u0131n a\u00e7\u0131klamas\u0131<\/h2>\n<p>Botan Derne\u011fi (Botan-Der), S\u00eart Belediyesi, Kamu Emek\u00e7ileri Sendikalar\u0131 Konfederasyonu (KESK), E\u011fitim ve Bilim Emek\u00e7ileri Sendikas\u0131 (E\u011fitim-Sen), S\u00eart Barosu, \u0130nsan Haklar\u0131 Derne\u011fi (\u0130HD), Devrimci \u0130\u015f\u00e7i Sendikalar\u0131 Konfederasyonu (D\u0130SK) ile M\u00fchendis ve Mimarlar Odas\u0131 Birli\u011fi (TMMOB), Botan-Der binas\u0131 \u00f6n\u00fcnde 15 May\u0131s K\u00fcrt Dil Bayram\u0131\u2019n\u0131n anlam ve \u00f6nemini dile getirdikleri bir bas\u0131n a\u00e7\u0131klamas\u0131nda bir araya geldi.<\/p>\n<p>Botan-Der&#8217;den Sait Toprak, t\u00fcm dillerin \u00e7ok k\u0131ymetli oldu\u011funu fakat asimilasyona u\u011frayan dillerin daha \u00e7ok savunulmaya ihtiyac\u0131 oldu\u011funu vurgulad\u0131. K\u00fcrt dilinin asimilasyon politikalar\u0131yla kar\u015f\u0131 kar\u015f\u0131ya olan dillerden oldu\u011funa dikkat \u00e7eken Toprak, K\u00fcrt Dil Bayram\u0131 i\u00e7in ger\u00e7ekle\u015ftirilecek eylem ve etkinlikler i\u00e7in, halka sahiplenme \u00e7a\u011fr\u0131s\u0131 yapt\u0131 ve bayram program\u0131n\u0131 a\u00e7\u0131klad\u0131<\/p>\n<p>Buna g\u00f6re, S\u00eart\u2019te 15 May\u0131s K\u00fcrt Dil Bayram\u0131 kapsam\u0131nda \u015fu etkinlikler yer alacak:<\/p>\n<p>* 15 May\u0131s: Botan-Der\u2019de a\u00e7\u0131klama (17.00)-K\u0131zlar Tepesi\u2019nde y\u00f6resel m\u00fczik dinletisi (19.00)<\/p>\n<p>*17 May\u0131s: K\u00fcrt Yazar Berken Bereh\u2019in kat\u0131l\u0131m\u0131yla S\u00eart Belediyesi\u2019nde panel (19.30)<\/p>\n<p>*18 May\u0131s: K\u0131zlar Tepesi\u2019nde tiyatro ve m\u00fczik dinletisi (19.00)<\/p>\n<p>*19 May\u0131s: K\u0131zlar Tepesi\u2019nde a\u00e7\u0131k hava sinemas\u0131 (19.30)<\/p>\n<h2>Van\/Wan&#8217;da dil kursunda mezuniyet t\u00f6reni<\/h2>\n<p>ARS\u0130SA, \u0130HD, TJA, Kowara Destar, HDP, DBP, DEM Parti, Emek ve Demokrasi Platformu ortakl\u0131\u011f\u0131nda 15 May\u0131s K\u00fcrt Dili Bayram\u0131 etkinlikleri kapsam\u0131nda \u015eanoWan\u2019da K\u00fcrt\u00e7e dil kursunda mezun olan \u00f6\u011frencilere belgeleri verildi.<\/p>\n<p>\u201cHer dem Kurd\u00ee li her der\u00ea Kurd\u00ee, her dem Kurdk\u00ee her ca de Kurdk\u00ee\u201d, \u201cEm perwerdehiya bi Kurd\u00ee dixwazin\u201d (&#8220;Hep K\u00fcrt, her yerde K\u00fcrt, her zaman K\u00fcrt, her yerde K\u00fcrt&#8221; ve &#8220;K\u00fcrt\u00e7e e\u011fitim istiyoruz&#8221;) pankart\u0131n\u0131n as\u0131ld\u0131\u011f\u0131 etkinli\u011fe DEM Parti B\u00fcy\u00fck\u015fehir Belediye E\u015f Ba\u015fkanlar\u0131 Neslihan \u015eedal ve Abdullah Zeydan ile DEM Parti il\u00e7e belediye e\u015f ba\u015fkanlar\u0131 ve meclis \u00fcyeleri, Bar\u0131\u015f Anneleri Meclisi \u00fcyeleri ve bir\u00e7ok ki\u015fi kat\u0131ld\u0131.<\/p>\n<p>ARS\u0130SA E\u011fitmenlerinden Cemil Arman, ba\u015fta K\u00fcrt\u00e7e dili olmak \u00fczere her alanda iktidar\u0131n bask\u0131 politikalar\u0131yla K\u00fcrt halk\u0131n\u0131 y\u0131ld\u0131rmaya \u00e7al\u0131\u015ft\u0131\u011f\u0131n\u0131 ifade etti. T\u00fcm bu politikalara kar\u015f\u0131 m\u00fccadele edilmesi gerekti\u011finin vurgusunu yapan Arman, \u201cHer alanda dilimize sahip \u00e7\u0131kmal\u0131 ve her alanda kendimize dil savunucusu olarak misyon bi\u00e7meliyiz.\u201d dedi.<\/p>\n<p>ARS\u0130SA\u2019 \u00f6\u011frencileri alk\u0131\u015flarla mezuniyet belgelerini ald\u0131. Ard\u0131ndan etkinlik \u015fiir dinletisi ve m\u00fczikler e\u015fli\u011finde son buldu.<\/p>\n<div class=\"box-12\">\n<h2>15 May\u0131s K\u00fcrt Dil Bayram\u0131 Nedir?<\/h2>\n<p>15 May\u0131s K\u00fcrt Dil Bayram\u0131, her y\u0131l 15 May\u0131s&#8217;ta kutlanan K\u00fcrt\u00e7e&#8217;nin edebi ve k\u00fclt\u00fcrel dil olarak kabul g\u00f6rmesine adanm\u0131\u015f bir g\u00fcnd\u00fcr. Bayram, K\u00fcrt diasporas\u0131 taraf\u0131ndan da d\u00fcnyada K\u00fcrtlerin ya\u015fad\u0131\u011f\u0131 her yerde kutlan\u0131yor.<\/p>\n<p>15 May\u0131s, Celadet Ali Bedirxan\u00a0 ve arkada\u015flar\u0131n\u0131n K\u00fcrt\u00e7e Hawar dergisinin ilk say\u0131s\u0131n\u0131n 1932&#8217;de \u015eam&#8217;da yay\u0131nlamalar\u0131n\u0131n y\u0131ld\u00f6n\u00fcm\u00fcn\u00fc imliyor. Latin alfabesiyle bas\u0131lm\u0131\u015f ilk K\u00fcrt\u00e7e dergi olan Hawar&#8217;\u0131n yay\u0131n hayat\u0131na ba\u015flamas\u0131, K\u00fcrt dilinin geli\u015fmesi ve standartlar\u0131n\u0131n belirlenmesinde \u00f6nemli bir d\u00f6n\u00fcm noktas\u0131 olarak de\u011ferlendiliyor.<\/p>\n<p>\u00d6zellikle son y\u00fcz y\u0131lda sistematik asimilasyon, bask\u0131 ve yasaklamalara u\u011frayan K\u00fcrt\u00e7e&#8217;ye kazand\u0131rd\u0131klar\u0131 a\u00e7\u0131s\u0131ndan derginin yay\u0131n hayat\u0131na ba\u015flad\u0131\u011f\u0131 15 May\u0131s g\u00fcn\u00fc, 2006&#8217;dan bu yana K\u00fcrt Dil Bayram\u0131 olarak kabul edilip kutlan\u0131yor.<\/p>\n<p>Hawar dergisi dil, k\u00fclt\u00fcr, kimlik ve edebiyat ba\u015fta olmak \u00fczere bir\u00e7ok alanda b\u00fcy\u00fck bir de\u011fi\u015fime \u00f6nc\u00fcl\u00fck ederek K\u00fcrt dili ve k\u00fclt\u00fcr\u00fc \u00e7al\u0131\u015fmalar\u0131n\u0131n son y\u00fczy\u0131l\u0131n\u0131n merkezinde yer al\u0131yor. Yay\u0131n ve \u00e7al\u0131\u015fma ortam\u0131nda\u00a0 Osman Sabri, Nurettin Zaza, Cegerxw\u00een gibi b\u00fcy\u00fck K\u00fcrt edebiyat\u00e7\u0131lar\u0131n yeti\u015fmesine f\u0131rsat sunan dergi K\u00fcrt dili ve edebiyat\u0131n\u0131n simgesi olarak kabul ediliyor.<\/p>\n<p>15 May\u0131s K\u00fcrt Dil Bayram\u0131, K\u00fcrt dilinin ve k\u00fclt\u00fcr\u00fcn\u00fcn \u00f6nemini vurgulamak a\u00e7\u0131s\u0131ndan \u00f6nemli bir vesile olarak K\u00fcrtlerin k\u00fclt\u00fcrel ve toplumsal ya\u015fant\u0131s\u0131nda kayda de\u011fer bir yere sahip. Bu bayramda, K\u00fcrt\u00e7e edebiyat ve sanat yarat\u0131lar\u0131n\u0131n payla\u015f\u0131lmas\u0131n\u0131n yan\u0131 s\u0131ra dilin korunmas\u0131 ve geli\u015ftirilmesi ad\u0131na yap\u0131lan \u00e7al\u0131\u015fmalar da kutlan\u0131yor.<\/p>\n<p>15 May\u0131s K\u00fcrt Dil Bayram\u0131\u00a0K\u00fcrt dilinin zengin bir tarihi ve k\u00fclt\u00fcrel mirasa sahip oldu\u011funu hat\u0131rlatmak,\u00a0K\u00fcrt\u00e7e&#8217;nin sadece bir ileti\u015fim arac\u0131 olman\u0131n \u00f6tesinde bir kimlik ve k\u00fclt\u00fcr ta\u015f\u0131y\u0131c\u0131s\u0131 oldu\u011funu da vurgulamak,\u00a0K\u00fcrt dilinin korunmas\u0131 ve geli\u015ftirilmesi do\u011frultusunda\u00a0 fark\u0131ndal\u0131k yaratmak ve K\u00fcrt\u00e7e&#8217;nin resmi bir dil olarak tan\u0131nmas\u0131 i\u00e7in m\u00fccadeleyi te\u015fvik etmek a\u00e7\u0131s\u0131ndan \u00f6nem ta\u015f\u0131yor.<\/p>\n<\/div>\n","protected":false},"excerpt":{"rendered":"<p>Latin harfleriyle yay\u0131mlanan ilk K\u00fcrt\u00e7e dergi Hawar&#8217;\u0131n 1932&#8217;de \u015eam&#8217;da ilk bask\u0131s\u0131n\u0131n yap\u0131ld\u0131\u011f\u0131 g\u00fcn, 2006&#8217;dan bu yana K\u00fcrt Dili Bayram\u0131 olarak kutlan\u0131yor. 2024 K\u00fcrt Dili Bayram\u0131 ba\u015fta Diyarbak\u0131r\/Amed olmak \u00fczere K\u00fcrt illerinde etkin ve co\u015fkulu bir bi\u00e7imde ge\u00e7iyor K\u00fcrt Dili Bayram\u0131 15 May\u0131s, her y\u0131l oldu\u011fu gibi Diyarbak\u0131r, Siirt, Van gibi b\u00fcy\u00fck merkezlerin yan\u0131 s\u0131ra il\u00e7elerde &hellip;<\/p>\n","protected":false},"author":32,"featured_media":23483,"comment_status":"open","ping_status":"open","sticky":false,"template":"","format":"standard","meta":{"footnotes":""},"categories":[3],"tags":[5447,6593,6023,1616],"class_list":["post-23482","post","type-post","status-publish","format-standard","has-post-thumbnail","","category-haber","tag-haber","tag-kurt-dili-bayrami","tag-kurtce-haber","tag-manset"],"_links":{"self":[{"href":"https:\/\/candname.com\/tr\/index.php?rest_route=\/wp\/v2\/posts\/23482","targetHints":{"allow":["GET"]}}],"collection":[{"href":"https:\/\/candname.com\/tr\/index.php?rest_route=\/wp\/v2\/posts"}],"about":[{"href":"https:\/\/candname.com\/tr\/index.php?rest_route=\/wp\/v2\/types\/post"}],"author":[{"embeddable":true,"href":"https:\/\/candname.com\/tr\/index.php?rest_route=\/wp\/v2\/users\/32"}],"replies":[{"embeddable":true,"href":"https:\/\/candname.com\/tr\/index.php?rest_route=%2Fwp%2Fv2%2Fcomments&post=23482"}],"version-history":[{"count":1,"href":"https:\/\/candname.com\/tr\/index.php?rest_route=\/wp\/v2\/posts\/23482\/revisions"}],"predecessor-version":[{"id":23484,"href":"https:\/\/candname.com\/tr\/index.php?rest_route=\/wp\/v2\/posts\/23482\/revisions\/23484"}],"wp:featuredmedia":[{"embeddable":true,"href":"https:\/\/candname.com\/tr\/index.php?rest_route=\/wp\/v2\/media\/23483"}],"wp:attachment":[{"href":"https:\/\/candname.com\/tr\/index.php?rest_route=%2Fwp%2Fv2%2Fmedia&parent=23482"}],"wp:term":[{"taxonomy":"category","embeddable":true,"href":"https:\/\/candname.com\/tr\/index.php?rest_route=%2Fwp%2Fv2%2Fcategories&post=23482"},{"taxonomy":"post_tag","embeddable":true,"href":"https:\/\/candname.com\/tr\/index.php?rest_route=%2Fwp%2Fv2%2Ftags&post=23482"}],"curies":[{"name":"wp","href":"https:\/\/api.w.org\/{rel}","templated":true}]}}