{"id":23475,"date":"2024-05-04T07:13:56","date_gmt":"2024-05-04T04:13:56","guid":{"rendered":"https:\/\/candname.com\/tr\/?p=23475"},"modified":"2024-05-03T23:26:32","modified_gmt":"2024-05-03T20:26:32","slug":"kurdistan-daglarinda-gecen-netflix-belgeseli-yayinda","status":"publish","type":"post","link":"https:\/\/candname.com\/tr\/?p=23475","title":{"rendered":"K\u00fcrdistan da\u011flar\u0131nda ge\u00e7en Netflix belgeseli yay\u0131nda"},"content":{"rendered":"<p>Netflix&#8217;ten &#8220;K\u00fcrdistan&#8221; ma\u011faralar\u0131na dair belgesel.. K\u00fcrdistan&#8217;\u0131n Barzan b\u00f6lgesindeki \u015eanedar Ma\u011faras\u0131&#8217;nda bulunan, d\u00fcnyada en iyi korunmu\u015f<\/p>\n<p>G\u00fcn\u00fcm\u00fcz K\u00fcrdistan co\u011frafyas\u0131nda ya\u015fam\u0131\u015f olan Neandartelleri konu edinen bir Netflix belgeselinin tan\u0131t\u0131m videosunda, Irak K\u00fcrdistan B\u00f6lgesel Y\u00f6netimi s\u0131n\u0131rlar\u0131 i\u00e7erisinde bulunan \u015eanidar Ma\u011faras\u0131&#8217;n\u0131n \u00f6nemine i\u015faret edildi.<\/p>\n<p>Neandertallerin S\u0131rlar\u0131 belgeselinde, K\u00fcrdistan da\u011flar\u0131 ifadesi kullan\u0131larak, &#8220;Sadece birka\u00e7 yerdeki kal\u0131nt\u0131lar\u0131 g\u00fcn\u00fcm\u00fcze ula\u015fabildi. K\u00fcrdistan da\u011flar\u0131n\u0131n derinliklerinde sakl\u0131 \u015eanidar ma\u011faras\u0131. \u015eanidar Ma\u011faras\u0131, d\u00fcnyan\u0131n en \u00f6nemli ma\u011faralar\u0131ndan biri olarak kabul ediliyor. Hem Nendarteller hem Homo Sapiens d\u00f6nemi a\u00e7\u0131s\u0131ndan&#8221; denildi.<\/p>\n<div class=\"banner banner-wide\">\n<div id=\"notsy_container_707893738\" class=\"AGC_VIDEO\" data-notsy-container-index=\"1\" data-notsy-mapped-container=\"1\"><\/div>\n<\/div>\n<p>Belgesel, Neandertallerin gizemleri ve fosil kay\u0131tlar\u0131n\u0131n bize hem ya\u015famlar\u0131 hem de yok olu\u015flar\u0131 hakk\u0131nda nas\u0131l ipu\u00e7lar\u0131 verdi\u011fini inceliyor.<\/p>\n<p><strong>3D G\u00d6R\u00dcN\u00dcM\u00dc \u0130LE YEN\u0130DEN YARATILDI<\/strong><\/p>\n<p>Yap\u0131lan bir kaz\u0131da bulunan neandertal kad\u0131n iskeletinin kafatas\u0131 \u00fc\u00e7 boyutlu olarak yeniden olu\u015fturulmu\u015ftu. \u201cShanidar Z\u201d diye adland\u0131r\u0131lan iskeletin kafatas\u0131, \u201cNeandertallerin S\u0131rlar\u0131\u201d adl\u0131 yeni Netflix belgeselinin bir par\u00e7as\u0131 olarak 3D g\u00f6r\u00fcn\u00fcm\u00fc ile yeniden yarat\u0131ld\u0131.<\/p>\n<p>&nbsp;<\/p>\n<p><strong>\u0130LK G\u00d6STER\u0130M 2 MAYIS&#8217;TA YAPILDI<\/strong><\/p>\n<p>Belgeselin pr\u00f6miyeri 2 May\u0131s 2024 d\u00fcnya \u00e7ap\u0131nda Netflix&#8217;te yap\u0131ld\u0131. Y\u00f6netmenli\u011fini &#8216;The Greatest Game&#8217;, &#8216;A World in Arms ve As It Happened: Pearl Harbor&#8217; gibi filmleriyle tan\u0131nan \u0130ngiliz y\u00f6netmen Ashley Gething yap\u0131yor.<\/p>\n<p><strong>40 B\u0130N YIL \u00d6NCE KAYBOLDULAR<\/strong><br \/>\nSoylar\u0131 bundan yakla\u015f\u0131k 40 bin y\u0131l \u00f6nce gizemli bir \u015fekilde kaybolan neandarteller, birka\u00e7 bin y\u0131ll\u0131k k\u0131sa bir s\u00fcre boyunca bug\u00fcn\u00fcn insanlar\u0131 olan Homo Sapiens&#8217;ler ile birlikte ya\u015fad\u0131. Kaba, g\u00fcd\u00fck ve vah\u015fi olduklar\u0131 d\u00fc\u015f\u00fcn\u00fclen neandertaller ile ilgili \u00e7al\u0131\u015fmalar, tahminlerimizden farkl\u0131 olabileceklerini g\u00f6steriyor.<\/p>\n<p><strong>Art\u0131 Ger\u00e7ek<\/strong><\/p>\n<p>&nbsp;<\/p>\n","protected":false},"excerpt":{"rendered":"<p>Netflix&#8217;ten &#8220;K\u00fcrdistan&#8221; ma\u011faralar\u0131na dair belgesel.. K\u00fcrdistan&#8217;\u0131n Barzan b\u00f6lgesindeki \u015eanedar Ma\u011faras\u0131&#8217;nda bulunan, d\u00fcnyada en iyi korunmu\u015f G\u00fcn\u00fcm\u00fcz K\u00fcrdistan co\u011frafyas\u0131nda ya\u015fam\u0131\u015f olan Neandartelleri konu edinen bir Netflix belgeselinin tan\u0131t\u0131m videosunda, Irak K\u00fcrdistan B\u00f6lgesel Y\u00f6netimi s\u0131n\u0131rlar\u0131 i\u00e7erisinde bulunan \u015eanidar Ma\u011faras\u0131&#8217;n\u0131n \u00f6nemine i\u015faret edildi. Neandertallerin S\u0131rlar\u0131 belgeselinde, K\u00fcrdistan da\u011flar\u0131 ifadesi kullan\u0131larak, &#8220;Sadece birka\u00e7 yerdeki kal\u0131nt\u0131lar\u0131 g\u00fcn\u00fcm\u00fcze ula\u015fabildi. K\u00fcrdistan da\u011flar\u0131n\u0131n &hellip;<\/p>\n","protected":false},"author":32,"featured_media":23476,"comment_status":"open","ping_status":"open","sticky":false,"template":"","format":"standard","meta":{"footnotes":""},"categories":[103],"tags":[336,6587,108,1616,4745,6586,6585,6588,6589,6590],"class_list":["post-23475","post","type-post","status-publish","format-standard","has-post-thumbnail","","category-kultur","tag-belgesel","tag-bulunan","tag-kurdistan","tag-manset","tag-mezopotamya","tag-neandertal","tag-neandertallerin-sirlari","tag-netflix","tag-netflix-belgeselleri","tag-sanedar-magarasi"],"_links":{"self":[{"href":"https:\/\/candname.com\/tr\/index.php?rest_route=\/wp\/v2\/posts\/23475","targetHints":{"allow":["GET"]}}],"collection":[{"href":"https:\/\/candname.com\/tr\/index.php?rest_route=\/wp\/v2\/posts"}],"about":[{"href":"https:\/\/candname.com\/tr\/index.php?rest_route=\/wp\/v2\/types\/post"}],"author":[{"embeddable":true,"href":"https:\/\/candname.com\/tr\/index.php?rest_route=\/wp\/v2\/users\/32"}],"replies":[{"embeddable":true,"href":"https:\/\/candname.com\/tr\/index.php?rest_route=%2Fwp%2Fv2%2Fcomments&post=23475"}],"version-history":[{"count":1,"href":"https:\/\/candname.com\/tr\/index.php?rest_route=\/wp\/v2\/posts\/23475\/revisions"}],"predecessor-version":[{"id":23477,"href":"https:\/\/candname.com\/tr\/index.php?rest_route=\/wp\/v2\/posts\/23475\/revisions\/23477"}],"wp:featuredmedia":[{"embeddable":true,"href":"https:\/\/candname.com\/tr\/index.php?rest_route=\/wp\/v2\/media\/23476"}],"wp:attachment":[{"href":"https:\/\/candname.com\/tr\/index.php?rest_route=%2Fwp%2Fv2%2Fmedia&parent=23475"}],"wp:term":[{"taxonomy":"category","embeddable":true,"href":"https:\/\/candname.com\/tr\/index.php?rest_route=%2Fwp%2Fv2%2Fcategories&post=23475"},{"taxonomy":"post_tag","embeddable":true,"href":"https:\/\/candname.com\/tr\/index.php?rest_route=%2Fwp%2Fv2%2Ftags&post=23475"}],"curies":[{"name":"wp","href":"https:\/\/api.w.org\/{rel}","templated":true}]}}