{"id":23471,"date":"2024-05-03T23:06:37","date_gmt":"2024-05-03T20:06:37","guid":{"rendered":"https:\/\/candname.com\/tr\/?p=23471"},"modified":"2024-05-03T23:13:02","modified_gmt":"2024-05-03T20:13:02","slug":"tarih-kurdistandan-baslar","status":"publish","type":"post","link":"https:\/\/candname.com\/tr\/?p=23471","title":{"rendered":"TAR\u0130H K\u00dcRD\u0130STAN\u2019DAN BA\u015eLAR!.."},"content":{"rendered":"<div dir=\"auto\">Nuh Tufan\u0131, S\u00fcmerler ve Hititler<\/div>\n<div dir=\"auto\"><\/div>\n<div dir=\"auto\"><em>&#8220;Yunan medeniyeti de hicret eden K\u00fcrtler\u2019in kurdu\u011fu bir medeniyettir. K\u00fcrtlerin Yunana gitmeleri ile ba\u015flam\u0131\u015ft\u0131r. Hepsinden \u00f6nemlisi ve a\u00e7\u0131k\u00e7as\u0131 \u00e7a\u011fda\u015f Amerikan medeniyetidir. \u00c7ok ilgin\u00e7tir, hi\u00e7bir zaman Dicle ve F\u0131rat aras\u0131ndaki y\u00f6rede Beynen Nehreyn&#8217;den Bat\u0131 s\u00f6z etmiyor. \u00c7\u00fcnk\u00fc bundan s\u00f6z ederse geli\u015ftirdi\u011fi b\u00fct\u00fcn nazariye bir anda bo\u015fa \u00e7\u0131kacakt\u0131r. Oysa b\u00fct\u00fcnc\u00fc bir geli\u015fme seyri vard\u0131r. Daha \u00f6nce dedi\u011fimiz gibi Yunan medeniyetinin kayna\u011f\u0131 K\u00fcrtlere dayan\u0131r. K\u00fcrtler iki nehir aras\u0131nda ya\u015famaktad\u0131r. Mezopotamya, d\u00fcnyan\u0131n k\u00fclt\u00fcr, medeniyet ve felsefenin merkezidir. Riyaz\u00ee bilimlerin ilk geli\u015fme g\u00f6sterdi\u011fi yer bu iki nehir aras\u0131 b\u00f6lgedir.&#8221; Dr. Ali \u015eeriati<\/em><\/div>\n<div dir=\"auto\"><\/div>\n<div dir=\"auto\"><\/div>\n<div dir=\"auto\">Yaz\u0131ya bu al\u0131nt\u0131 ile ba\u015flamam\u0131n nedeni yazd\u0131klar\u0131m\u0131z\u0131 ve bizi ciddiye almayanlara kar\u015f\u0131 hi\u00e7 kimsenin reddedemeyece\u011fi bir referansla ba\u015flama iste\u011fimizdir. Dr.Ali \u015eeriati \u0130slam d\u00fcnyas\u0131n\u0131n \u00f6nemli entelekt\u00fcellerinden birisidir.<\/div>\n<div dir=\"auto\">Yunan k\u00fclt\u00fcr\u00fcne gelece\u011fiz fakat en ba\u015fa d\u00f6nelim.<\/div>\n<div dir=\"auto\">Nuh Tufan\u0131 ile ba\u015flayal\u0131m.Tufanla ilgili b\u00fct\u00fcn i\u015faretler ve tufan sonras\u0131 b\u00fct\u00fcn veriler tufan\u0131n K\u00fcrdistan\u2019da ortaya \u00e7\u0131kt\u0131\u011f\u0131n\u0131 ve tufan efsanesinin b\u00fct\u00fcn k\u00fclt\u00fcrlere ve dinlere buradan yay\u0131ld\u0131\u011f\u0131n\u0131 rahatl\u0131kla s\u00f6yleyebiliriz.<\/div>\n<div dir=\"auto\">Tufan\u0131n as\u0131l kayna\u011f\u0131 \u201cG\u0131lgam\u0131\u015f\u201d destan\u0131d\u0131r.<\/div>\n<div dir=\"auto\">Destanda tufan\u0131n kopaca\u011f\u0131 ve buna tedbir olarak birisinin gemi yapt\u0131\u011f\u0131 uzunca bir b\u00f6l\u00fcmde anlat\u0131lmaktad\u0131r.<\/div>\n<div dir=\"auto\">S\u00fcmerler ve S\u00fcmerce 20.y\u00fczy\u0131lda icat edilen ve ortaya at\u0131lan bir kavim ismidir. Nereden geldikleri bilinmeyen ve birdenbire Mezopotamya\u2019da d\u00f6nemine g\u00f6re en \u00fcst seviyede bir medeniyet in\u015fa eden ve geldikleri gibi nereye gittikleri de bilinmeyen bir kavim olarak anlat\u0131lan ve ad\u0131na S\u00fcmer denilen kavim Yukar\u0131 Mezopotamya\u2019dan gelen K\u00fcrtlerin bizzat kendileridir.<\/div>\n<div dir=\"auto\">K\u00fcrtlerin tarihini bilenler b\u0131rak\u0131n S\u00fcmerler d\u00f6nemini g\u00fcn\u00fcm\u00fczde bile bir \u00e7ok de\u011fi\u015fik \u00f6zelliklere sahip kabilelerden ve de\u011fi\u015fik leh\u00e7elerden olu\u015fan bir dil konu\u015fan bir halk oldu\u011funu g\u00f6receklerdir.<\/div>\n<div dir=\"auto\">Bak\u0131n \u00f6zellikle T\u00fcrk tarih\u00e7ileri S\u00fcmerleri T\u00fcrklerle ili\u015fkilendirmek i\u00e7in zorlayarak baz\u0131 kelimelerin ortak oldu\u011funu iddia etmektedirler.<\/div>\n<div dir=\"auto\">Peki S\u00fcmerce diye bilinen dilin \u00f6zellikle en eski K\u00fcrt\u00e7e leh\u00e7eleriyle benzerlikleri,dilin yap\u0131s\u0131 ve di\u011fer k\u00fclt\u00fcrel \u00f6zellikler incelenmi\u015f midir?<\/div>\n<div dir=\"auto\">Dolay\u0131s\u0131yla arkeologlar\u0131n ve tarih\u00e7ilerin bir t\u00fcrl\u00fc i\u00e7inden \u00e7\u0131kamad\u0131\u011f\u0131 problemi \u00e7\u00f6zelim S\u00fcmerler diye \u201cayr\u0131\u201d bir kavim hi\u00e7bir zaman olmam\u0131\u015ft\u0131r ve hi\u00e7bir tablette kendilerine \u201cS\u00fcmer\u201d ad\u0131n\u0131 takmam\u0131\u015flard\u0131r.Bu kavim Yukar\u0131 Mezopotam\u2019dan A\u015fa\u011f\u0131 Mezopotamya\u2019ya giden K\u00fcrtlerden ba\u015fkas\u0131 de\u011fildir.Ve tarihten de silinmemi\u015flerdir.Tam aksine Mezopotamya uygarl\u0131\u011f\u0131n\u0131n i\u00e7erisinde hala ya\u015famaya devam etmektedirler.<\/div>\n<div dir=\"auto\">\u0130\u015fte G\u0131lgam\u0131\u015f Destan\u0131 ve Tufan mitolojisi tamamen K\u00fcrdistan kaynakl\u0131d\u0131r.<\/div>\n<div dir=\"auto\">Sadece Tufan de\u011fil ayn\u0131 zamanda \u201c\u00f6l\u00fcms\u00fczl\u00fck\u201d mitolojisi ve \u201ciksiri\u201d de K\u00fcrdistan kaynakl\u0131d\u0131r.<\/div>\n<div dir=\"auto\">Tarih K\u00fcrdistan\u2019da Ba\u015flar!..<\/div>\n<div dir=\"auto\">Tarih \u015fimdilik kayd\u0131yla \u201cS\u00fcmer\u2019de\u201d ba\u015fl\u0131yorsa, o zaman do\u011fru tabir \u015fu olmal\u0131d\u0131r \u201ctarih K\u00fcrdistan\u2019da ba\u015flar\u201d\u2026<\/div>\n<div dir=\"auto\">Gelelim Nuh Peygambere ve tufana\u2026<\/div>\n<div dir=\"auto\">Yine hi\u00e7 kimsenin itiraz edemeyece\u011fi bir kayna\u011fa ba\u015fvural\u0131m\u2026<\/div>\n<div dir=\"auto\">K\u00fcrtler\u2019in tarihinin Hz. N\u00fbh ve Tufan\u2019la ba\u015flad\u0131\u011f\u0131n\u0131 iddi\u00e2 eden isimlerden biri de, 20. yy\u2019da \u0130slam d\u00fcnyas\u0131n\u0131n yeti\u015ftirdi\u011fi en b\u00fcy\u00fck d\u00fc\u015f\u00fcn\u00fcrlerden biri olan Pakistanl\u0131 \u00fcnl\u00fc \u0130slam \u00e2limi Mewl\u00e2n\u00e2 Eb\u00fb\u2019l- \u00c2l\u00e2 el- Mevdud\u00ee (1903 \u2013 79)\u2018dir. \u00dcst\u00e2d Mevdud\u00ee, hem ba\u015fyap\u0131t\u0131 olan 7 ciltlik \u201cTefh\u00eem\u2019ul- Q\u00fbr\u2019\u00e2n\u201dadl\u0131 eserinde, hem de di\u011fer kitaplar\u0131nda, N\u00fbh Tufan\u0131\u2019n\u0131n K\u00fcrdistan\u2019da ger\u00e7ekle\u015fti\u011fini belirterek K\u00fcrtler\u2019in tarihini buradan ba\u015flat\u0131r. (Bkz. Eb\u00fb\u2019l- \u00c2l\u00e2 el- Mevdud\u00ee, Tefh\u00eem\u2019ul- Q\u00fbr\u2019\u00e2n, H\u00fbd s\u00fbresi tefsiri ve Araf s\u00fbresi tefsiri \/ ayr\u0131ca bkz. Eb\u00fb\u2019l- \u00c2l\u00e2 el- Mevdud\u00ee, Tarih Boyunca Tevh\u00eed M\u00fccadelesi ve Peygamber\u2019in Hayat\u0131) (Aktaran \u0130brahim Sediyani)<\/div>\n<div dir=\"auto\">Mevdudi kolay kolay yabana at\u0131lacak birisi de\u011fildir.\u015e\u00f6yle ki Kuran tefsiri olan \u201cTefhimu\u2019l Kur\u2019an\u201d \u015fimdiye dek en \u00e7ok sat\u0131lan ve okunan kuran tefsiridir d\u00fcnyada.<\/div>\n<div dir=\"auto\">Gelelim maddi kan\u0131tlara\u2026<\/div>\n<div dir=\"auto\">Geminin \u201cCudi\u201d da\u011f\u0131na oturdu\u011funu bizzat Kuran belirtmektedir.<\/div>\n<div dir=\"auto\">Cudi \u2013\u201cYer bulmak\u201d anlam\u0131na gelmektedir K\u00fcrt\u00e7e\u2019de\u2026<\/div>\n<div dir=\"auto\">Halk aras\u0131nda geminin Cudi Da\u011f\u0131\u2019n\u0131n \u201cSefine\u201d Tepesinde karaya oturdu\u011funa inan\u0131lmaktad\u0131r.Bu y\u00fczden buras\u0131 g\u00fcn\u00fcm\u00fczde bile \u201cziyaret\u201d olarak bilinmekte ve ziyaret\u00e7iler taraf\u0131ndan gidilmektedir.<\/div>\n<div dir=\"auto\">Bu tepeye S\u00fcryaniler \u201cGeminin Manast\u0131r\u0131\u201d ad\u0131yla bilinen bir tap\u0131nak in\u015fa ederler.<\/div>\n<div dir=\"auto\">Yine S\u00fcryaniler Cudi Da\u011f\u0131\u2019na \u201cTure Kardu\u201d K\u00fcrtlerin Da\u011f\u0131 derler.<\/div>\n<div dir=\"auto\">Sefine ise \u201cGemi\u201d anlam\u0131na gelmektedir.<\/div>\n<div dir=\"auto\">Devam edelim teologlar ve tarih\u00e7iler ve hatta Kuran\u2019a g\u00f6re gemide 80 insan bulunmaktayd\u0131.<\/div>\n<div dir=\"auto\">Gemiden \u00e7\u0131kan insanlar \u201cHey\u015fteyan\u201d (Seksenler) ad\u0131yla bir k\u00f6y kurarlar ve bu k\u00f6y hala bu isimle \u015e\u0131rnak\u2019a ba\u011fl\u0131 olarak bulunmakta ve ya\u015fam devam etmektedir.<\/div>\n<div dir=\"auto\">Nuh Peygamber\u2019in mezar\u0131 Cizre\u2019dedir ve ziyaret\u00e7iler taraf\u0131ndan ziyaret edilmektedir.<\/div>\n<div dir=\"auto\">Cizre\u2019nin bir mahallesinin ismi Nuh bir di\u011feri de Yafes\u2019tir.Yafes Nuh Peygamber\u2019in \u00fc\u00e7 o\u011flundan birisinin ismidir.<\/div>\n<div dir=\"auto\">\u015e\u0131rnak\u2019\u0131n ger\u00e7ek ismi \u201c\u015eehr-i Nuh\u201dtur.<\/div>\n<div dir=\"auto\">S\u00fcryaniler \u015e\u0131rnak\u2019a \u201c\u015eera Nuh\u201d yani \u201cNuh\u2019un \u0130stirahatgah\u0131\u201d derler.<\/div>\n<div dir=\"auto\">Cizre surlar\u0131 gemi bi\u00e7imindedirler.<\/div>\n<div dir=\"auto\">Normal ko\u015fullarda arkeologlar ve tarih\u00e7iler k\u00fc\u00e7\u00fck bir \u00e7anak-\u00e7\u00f6mlekten \u00e7ok b\u00fcy\u00fck teorilere ve sonu\u00e7lara ula\u015fmay\u0131 bilirler.<\/div>\n<div dir=\"auto\">Peki yukar\u0131da yazd\u0131\u011f\u0131m\u0131z ve kal\u0131nt\u0131lar\u0131 hala g\u00fcn\u00fcm\u00fcze kadar gelen Nuh Tufan\u0131 ile ilgili bu kadar \u201cmaddi\u201d kan\u0131ta ra\u011fmen neden bu sonu\u00e7lara ula\u015fmay\u0131 denemiyorlar?..<\/div>\n<div dir=\"auto\">Cevap kesinlikle K\u00fcrdistan\u2019\u0131n kendi tarih yaz\u0131m\u0131n\u0131n \u015fu veya bu nedenle \u201cihmal\u201d edilmesi veya egemenlerin \u201cresmi tarihinin\u201d bizlerin kafas\u0131nda \u00e7ok fazla yer almas\u0131ndan kaynaklanmaktad\u0131r.<\/div>\n<div dir=\"auto\">Baz\u0131 ara\u015ft\u0131rmac\u0131lar geminin Ararat Da\u011f\u0131\u2019da yani \u201cAgiri\u201d yani A\u011fr\u0131 Da\u011f\u0131\u2019nda karaya oturdu\u011funu iddia etmektedirler.<\/div>\n<div dir=\"auto\">Bu tamamen Ararat Da\u011f\u0131\u2019n\u0131n Ermenistan\u2019a ait olmas\u0131 temelinde dillendirilen bir teorinin yans\u0131mas\u0131d\u0131r.<\/div>\n<div dir=\"auto\">Sabrederseniz Ermenilere de ileride gelece\u011fiz.<\/div>\n<div dir=\"auto\">S\u00fcmerler nas\u0131l Yukar\u0131 Mezopotamya\u2019dan gidenlerse, peki y\u00fczy\u0131llarca birlikte ya\u015fad\u0131\u011f\u0131m\u0131z Ermeniler kimler oluyor?..<\/div>\n<div dir=\"auto\">O zaman biraz daha geriye gidelim\u2026<\/div>\n<div dir=\"auto\">\u00d6nce Hititler!..<\/div>\n<div dir=\"auto\">Klasik tarih anlat\u0131m\u0131 t\u0131pk\u0131 S\u00fcmerler gibi Hititlerin M,\u00d6 2000 y\u0131llar\u0131nda Anadolu\u2019da b\u00fcy\u00fck bir medeniyet in\u015fa ettiklerini ve zamanla tarih sahnesinden \u00e7ekildiklerini iddia etmektedirler.<\/div>\n<div dir=\"auto\">On puanl\u0131k soru soraca\u011f\u0131m herkese\u2026<\/div>\n<div dir=\"auto\">S\u00fcmerler, Akadlar, Babilliler, Asurlar, Elamlar ve Hititler nereye kayboldular?..<\/div>\n<div dir=\"auto\">Bu kadar b\u00fcy\u00fck uygarl\u0131klar ortaya \u00e7\u0131karan kavimlere ne oldu?..<\/div>\n<div dir=\"auto\">Ve klasik tarih anlay\u0131\u015f\u0131na g\u00f6re bunlardan \u00e7ok daha geri bir uygarl\u0131\u011fa sahip olan K\u00fcrtler nas\u0131l olur da hala tarih sahnesinden \u00e7ekilmediler de o anl\u0131-\u015fanl\u0131 uygarl\u0131klar tarihten kayboldu?..<\/div>\n<div dir=\"auto\">B\u0131rak\u0131n \u00e7ok derin teorileri normal bir halk diliyle l\u00fctfen cevap verin\u2026<\/div>\n<div dir=\"auto\">Neden bu uygarl\u0131klar\u0131n hepsi yok oldu da K\u00fcrtler hala tarihteki yerlerini devam ettirmektedirler?..<\/div>\n<div dir=\"auto\">\u0130\u015fte nedenini s\u00f6yleyelim\u2026<\/div>\n<div dir=\"auto\">Bo\u015funa tarih K\u00fcrdistan\u2019dan ba\u015flar diye ba\u015fl\u0131k atm\u0131yorum\u2026<\/div>\n<div dir=\"auto\">Bu de\u011fi\u015fik isimlerle adland\u0131r\u0131lan ve sanki de\u011fi\u015fik uygarl\u0131klar gibi aktar\u0131lan b\u00fct\u00fcn bu kavimlerin k\u00f6keni K\u00fcrdistan\u2019d\u0131r.<\/div>\n<div dir=\"auto\">Bu kavimlerin hepsi K\u00fcrdistan\u2019dan etrafa yay\u0131lm\u0131\u015flard\u0131r.<\/div>\n<div dir=\"auto\">Neden eski kavimlerin hi\u00e7birisinin dili \u201cAramice\u201d hari\u00e7 g\u00fcn\u00fcm\u00fczde konu\u015fulmamaktad\u0131r fakat K\u00fcrt\u00e7e hala canl\u0131l\u0131\u011f\u0131n\u0131 korumaktad\u0131r.<\/div>\n<div dir=\"auto\">Anlatal\u0131m o zaman!..<\/div>\n<div dir=\"auto\">B\u00fct\u00fcn eski kavimlerin dillerinin k\u00f6keni K\u00fcrt\u00e7e\u2019dir.<\/div>\n<div dir=\"auto\">Ama tek bir K\u00fcrt\u00e7e\u2019den bahsetmiyorum.<\/div>\n<div dir=\"auto\">K\u00fcrt\u00e7e\u2019nin leh\u00e7eleri ve \u015fivelerinden bahsediyorum\u2026<\/div>\n<div dir=\"auto\">Herkesin do\u011fru bildi\u011fi bir yanl\u0131\u015f\u0131 da hemen d\u00fczelteyim\u2026<\/div>\n<div dir=\"auto\">K\u00fcrtler etnik olarak Perslerden ve dil olarak Fars\u00e7a\u2019dan gelmemektedirler.<\/div>\n<div dir=\"auto\">Tam tersine Persler Medlerden ve Fars\u00e7a\u2019da K\u00fcrt\u00e7e\u2019den gelmektedir.<\/div>\n<div dir=\"auto\">Uzun laf\u0131n k\u0131sas\u0131 Mezopotamya topraklar\u0131nda ya\u015fayan eski kavimlerin tamam\u0131 K\u00fcrtlerin akrabalar\u0131d\u0131r ve tarih sahnesinden \u00e7ekilmemi\u015flerdir.<\/div>\n<div dir=\"auto\">Dilleri ve k\u00fclt\u00fcrleri evrilerek de\u011fi\u015fik kavimlere d\u00f6n\u00fc\u015fmekle birlikte bu eski kavimlerin \u201cKadim torunlar\u0131\u201d en \u00e7ok g\u00fcn\u00fcm\u00fczde hala K\u00fcrdistan topraklar\u0131nda ya\u015famaktad\u0131rlar.<\/div>\n<div dir=\"auto\">Asuriler,Ermeniler,S\u00fcryaniler,Keldaniler, Ezidiler,Zerd\u00fc\u015fler,Aleviler ve daha niceleri g\u00fcn\u00fcm\u00fczde neden en \u00e7ok K\u00fcrdistan topraklar\u0131nda ya\u015famaktad\u0131rlar?..<\/div>\n<div dir=\"auto\">Sadece K\u00fcrtlerin dil,din ve mezhep alan\u0131ndaki \u201cho\u015fg\u00f6r\u00fcleri\u201d ile bu durum a\u00e7\u0131klanamaz.<\/div>\n<div dir=\"auto\">\u00c7\u00fcnk\u00fc bu kavimlerin hepsi asl\u0131nda \u201cbizimkilerdir\u201d\u2026<\/div>\n<div dir=\"auto\">Ve asl\u0131nda kendi topraklar\u0131nda ya\u015famaya devam etmektedirler.<\/div>\n<div dir=\"auto\">Hititler konusuna gelecek olursak\u2026<\/div>\n<div dir=\"auto\">Diyelim ki klasik tarihin anlatt\u0131\u011f\u0131 gibi Hititler diye bir uygarl\u0131 yakla\u015f\u0131k 2000 y\u0131l Anadolu\u2019da varl\u0131\u011f\u0131n\u0131 s\u00fcrd\u00fcrd\u00fc ve sonra tarih sahnesinden ayr\u0131ld\u0131.<\/div>\n<div dir=\"auto\">Peki bunlar\u0131n kom\u015fular\u0131 kimlerdi?..<\/div>\n<div dir=\"auto\">Do\u011fu ve G\u00fcney kom\u015fular\u0131 g\u00fcn\u00fcm\u00fcz K\u00fcrdistan topraklar\u0131 de\u011fil mi?..<\/div>\n<div dir=\"auto\">\u00dcstelik Hititlerde t\u0131pk\u0131 S\u00fcmerler gibi 20.y\u00fczy\u0131lda ortaya \u00e7\u0131kar\u0131lm\u0131\u015f bir uygarl\u0131kt\u0131r.<\/div>\n<div dir=\"auto\">\u0130\u015fte b\u00fct\u00fcn sorun burada ba\u015flamaktad\u0131r.<\/div>\n<div dir=\"auto\">20. y\u00fczy\u0131lda ortaya \u00e7\u0131kar\u0131lan bu uygarl\u0131klar K\u00fcrdistan tamamen yok say\u0131larak bir yerlere \u201ceklemlenmeye\u201d \u00e7al\u0131\u015f\u0131lm\u0131\u015ft\u0131r.<\/div>\n<div dir=\"auto\">Akadlar Araplara, Zerd\u00fc\u015ft dini Perslere, Babilliler yine Araplara, Asurlura sahip \u00e7\u0131kan olmam\u0131\u015ft\u0131r, S\u00fcmerlere en \u00e7ok T\u00fcrkler sahiplenmekte Hititler ise \u201ckimsesiz\u201d kalm\u0131\u015flard\u0131r.<\/div>\n<div dir=\"auto\">\u00c7ok \u00f6nemli bir hat\u0131rlatma yapaca\u011f\u0131m\u2026<\/div>\n<div dir=\"auto\">Bizler yani Kuzeyliler tarihi T\u00fcrk\u00e7e okumaktay\u0131z.<\/div>\n<div dir=\"auto\">Ve onlar kime ne derse bizde \u00f6yle deriz\u2026<\/div>\n<div dir=\"auto\">\u0130\u015fte bu bizim her \u015feyi onlar gibi anlamam\u0131za ve yorumlamam\u0131za neden olmaktad\u0131r.<\/div>\n<div dir=\"auto\">Hitit ismini T\u00fcrk\u00e7e bilmekteyiz.Veya baz\u0131lar\u0131 h\u0131z\u0131n\u0131 alamay\u0131p \u201cEti\u201d derler.<\/div>\n<div dir=\"auto\">Atat\u00fcrk sa\u00e7ma teorilerine k\u0131l\u0131f uydurmak i\u00e7in \u201cEti\u201d ad\u0131yla dev tesisler kurmu\u015ftur mesela.<\/div>\n<div dir=\"auto\">Hititler kendilerine \u201cHitit\u201d demiyorlard\u0131\u2026<\/div>\n<div dir=\"auto\">Onlar\u0131n ger\u00e7ek ismi \u201cHattilerdir\u201d\u2026<\/div>\n<div dir=\"auto\">\u015eimdi s\u0131k\u0131 durun!..<\/div>\n<div dir=\"auto\">Herkes kafas\u0131ndaki K\u00fcrdistan haritas\u0131n\u0131 \u00f6nce g\u00f6zden ge\u00e7irsin ve l\u00fctfen \u201cgeni\u015fletsin\u201d\u2026<\/div>\n<div dir=\"auto\">Neden mi?..<\/div>\n<div dir=\"auto\">\u00c7\u00fcnk\u00fc \u201cHattiler\u201d bizleriz\u2026<\/div>\n<div dir=\"auto\">Yani bizim atalar\u0131m\u0131zd\u0131r.<\/div>\n<div dir=\"auto\">Yani \u0130\u00e7 Anadolu\u2019ya yerle\u015fen ve orada \u201cmuhte\u015fem\u201d bir uygarl\u0131k tesis edenler bizimkilerdir.<\/div>\n<div dir=\"auto\">Hatti ismi K\u00fcrt\u00e7e\u2019de \u201cgelenler\u201d anlam\u0131na veya \u201cgeldiler\u201d anlam\u0131na gelmektedir.Veya \u201cgelenlerin \u00fclkesi\u201d de denilmektedir.<\/div>\n<div dir=\"auto\">Peki kim bu gelenler? Ve sonra nereye gittiler?..<\/div>\n<div dir=\"auto\">Hattiler K\u00fcrtlerin Anadolu\u2019da kurduklar\u0131 en \u00f6nemli uygarl\u0131klardan bir tanesidir.<\/div>\n<div dir=\"auto\">Biraz daha temellendirelim\u2026<\/div>\n<div dir=\"auto\">Hattiler Kuzey\u2019den gelen sald\u0131r\u0131lar sonucu \u0130\u00e7 Anadolu\u2019dan \u00e7\u0131kar\u0131l\u0131nca \u015fimdiki Gaziantep b\u00f6lgesinde daha k\u00fc\u00e7\u00fck bir uygarl\u0131k olarak 700 y\u0131l daha ya\u015famaya devam ederler.<\/div>\n<div dir=\"auto\">\u015eimdi klasik tarih anlat\u0131m\u0131 olarak eski kavimlerin \u201cortadan kaybolmas\u0131\u201d teorisi mi size daha mant\u0131kl\u0131 geliyor yoksa bu uygarl\u0131klar\u0131n K\u00fcrdistan\u2019da hala varl\u0131klar\u0131n\u0131 s\u00fcrd\u00fcrmesi mi daha mant\u0131kl\u0131 geliyor?..<\/div>\n<div dir=\"auto\">Hattilerin bilinen \u00f6nemli krallar\u0131ndan birisinin ismi \u201cHattu\u015fili\u201d dir. Yani \u201cya\u011fmuru getiren adam\u201d\u2026<\/div>\n<div dir=\"auto\">Yetmediyse devam edelim\u2026<\/div>\n<div dir=\"auto\">D\u00fcnyan\u0131n en eski yaz\u0131l\u0131 \u015fark\u0131s\u0131 \u201cK\u00fcrt\u00e7e\u2019dir\u201d ve bu \u015fark\u0131y\u0131 Hattiler yazm\u0131\u015ft\u0131r.<\/div>\n<div dir=\"auto\">S\u00fcmer ve Hitit tabletlerinin dili K\u00fcrt\u00e7e\u2019nin eski leh\u00e7elerinin dilidir.<\/div>\n<div dir=\"auto\">Ve iddia ediyorum arkeologlar ve dilbilimciler bu tabletleri okuma-yazma bilmeyen K\u00fcrt ya\u015fl\u0131lar\u0131na okusunlar bizim ya\u015fl\u0131lar\u0131m\u0131z hemen o tabletlerde yaz\u0131lanlar\u0131n \u00f6nemli bir k\u0131sm\u0131n\u0131n anlam\u0131n\u0131 onlara hemen s\u00f6ylerler.Ara\u015ft\u0131rmac\u0131lar y\u0131llarca bo\u015funa bu tabletleri \u00e7\u00f6zmek i\u00e7in o kadar kafa yordular.\u00c7\u00fcnk\u00fc kafalar\u0131nda K\u00fcrdistan tarih yaz\u0131m\u0131 bilinci olmad\u0131\u011f\u0131 i\u00e7in K\u00fcrt\u00e7eyle bu tabletleri kar\u015f\u0131la\u015ft\u0131rma gere\u011fi duymad\u0131lar ne yaz\u0131k ki!..<\/div>\n<div dir=\"auto\">Daha ne diyelim!&#8230;<\/div>\n<div dir=\"auto\"><\/div>\n<div dir=\"auto\"><strong>Muazzez Bakta\u015f<\/strong><\/div>\n","protected":false},"excerpt":{"rendered":"<p>Nuh Tufan\u0131, S\u00fcmerler ve Hititler &#8220;Yunan medeniyeti de hicret eden K\u00fcrtler\u2019in kurdu\u011fu bir medeniyettir. K\u00fcrtlerin Yunana gitmeleri ile ba\u015flam\u0131\u015ft\u0131r. Hepsinden \u00f6nemlisi ve a\u00e7\u0131k\u00e7as\u0131 \u00e7a\u011fda\u015f Amerikan medeniyetidir. \u00c7ok ilgin\u00e7tir, hi\u00e7bir zaman Dicle ve F\u0131rat aras\u0131ndaki y\u00f6rede Beynen Nehreyn&#8217;den Bat\u0131 s\u00f6z etmiyor. \u00c7\u00fcnk\u00fc bundan s\u00f6z ederse geli\u015ftirdi\u011fi b\u00fct\u00fcn nazariye bir anda bo\u015fa \u00e7\u0131kacakt\u0131r. Oysa b\u00fct\u00fcnc\u00fc bir geli\u015fme &hellip;<\/p>\n","protected":false},"author":32,"featured_media":23474,"comment_status":"open","ping_status":"open","sticky":false,"template":"","format":"standard","meta":{"footnotes":""},"categories":[65],"tags":[2149,724,5429,117,1616,5593],"class_list":["post-23471","post","type-post","status-publish","format-standard","has-post-thumbnail","","category-forum","tag-dicle","tag-firat","tag-kurt-medeniyeti","tag-kurtler","tag-manset","tag-medeniyet"],"_links":{"self":[{"href":"https:\/\/candname.com\/tr\/index.php?rest_route=\/wp\/v2\/posts\/23471","targetHints":{"allow":["GET"]}}],"collection":[{"href":"https:\/\/candname.com\/tr\/index.php?rest_route=\/wp\/v2\/posts"}],"about":[{"href":"https:\/\/candname.com\/tr\/index.php?rest_route=\/wp\/v2\/types\/post"}],"author":[{"embeddable":true,"href":"https:\/\/candname.com\/tr\/index.php?rest_route=\/wp\/v2\/users\/32"}],"replies":[{"embeddable":true,"href":"https:\/\/candname.com\/tr\/index.php?rest_route=%2Fwp%2Fv2%2Fcomments&post=23471"}],"version-history":[{"count":1,"href":"https:\/\/candname.com\/tr\/index.php?rest_route=\/wp\/v2\/posts\/23471\/revisions"}],"predecessor-version":[{"id":23473,"href":"https:\/\/candname.com\/tr\/index.php?rest_route=\/wp\/v2\/posts\/23471\/revisions\/23473"}],"wp:featuredmedia":[{"embeddable":true,"href":"https:\/\/candname.com\/tr\/index.php?rest_route=\/wp\/v2\/media\/23474"}],"wp:attachment":[{"href":"https:\/\/candname.com\/tr\/index.php?rest_route=%2Fwp%2Fv2%2Fmedia&parent=23471"}],"wp:term":[{"taxonomy":"category","embeddable":true,"href":"https:\/\/candname.com\/tr\/index.php?rest_route=%2Fwp%2Fv2%2Fcategories&post=23471"},{"taxonomy":"post_tag","embeddable":true,"href":"https:\/\/candname.com\/tr\/index.php?rest_route=%2Fwp%2Fv2%2Ftags&post=23471"}],"curies":[{"name":"wp","href":"https:\/\/api.w.org\/{rel}","templated":true}]}}