{"id":23467,"date":"2024-05-01T07:07:38","date_gmt":"2024-05-01T04:07:38","guid":{"rendered":"https:\/\/candname.com\/tr\/?p=23467"},"modified":"2024-04-30T22:10:42","modified_gmt":"2024-04-30T19:10:42","slug":"1914-bitlis-kurd-ayaklanmasi-2","status":"publish","type":"post","link":"https:\/\/candname.com\/tr\/?p=23467","title":{"rendered":"1914 Bitlis K\u00fcrd Ayaklanmas\u0131- 2"},"content":{"rendered":"<p>Mele Selim, hareket ba\u015flamadan \u00f6nce 1913\u2019ten itibaren b\u00f6lgedeki n\u00fcfuslu K\u00fcrd din adamlar\u0131, a\u015firet reisleri ve Ermeni temsilcilerinden \u015fahsiyetleri ziyaret ederek harekete destek vermelerini talebinde bulunur. Bu ama\u00e7la g\u00f6r\u00fc\u015ft\u00fc\u011f\u00fc \u015fahsiyetlerden bir de, o d\u00f6nem Van\u2019da bulunan Mele Sa\u00eed\u00ea Kurd\u00ee\u2019dir.<\/p>\n<p>Sa\u00eed\u00ea Kurd\u00ee, kendisine ayn\u0131 zamanda ders vermi\u015f olan Mele Selim\u2019in bizatihi \u015fahs\u0131na y\u00f6nelik g\u00f6nderdi\u011fi harekete kat\u0131l\u0131m \u00e7a\u011fr\u0131s\u0131na verdi\u011fi cevapta: \u201cBen Van\u2019da m\u00fcft\u00fcyd\u00fcm. \u00dcstad\u0131m bana haber g\u00f6nderdi, orduda dinsiz subaylar yeti\u015fiyor, bunlar ileride din i\u00e7in tehlikelidir, bize i\u015ftirak et, biz bu dinsizlere isyan edece\u011fiz. Ben de cevaben dedim ki: Bu orduda y\u00fcz bin evliya var, birka\u00e7 dinsiz i\u00e7in bunlara k\u0131l\u0131\u00e7 \u00e7ekemeyiz. \u00dcstad\u0131m Seyda Selim gelece\u011fi daha iyi g\u00f6rd\u00fc. Ben g\u00f6remedim ama intikam\u0131m\u0131z al\u0131nacak.\u201d<a href=\"file:\/\/\/C:\/Users\/Necmi\/Downloads\/1914%20Bitlis%20K%C3%BCrd%20Ayaklanmas%C4%B1-%202.docx#_ftn1\" name=\"_ftnref1\">[1]<\/a><\/p>\n<p>\u00d6rg\u00fctleme \u00e7al\u0131\u015fmalar\u0131n\u0131 gizli bir \u015fekilde y\u00fcr\u00fcten R\u00eaxistina \u00cer\u015fad\u2019\u0131n varl\u0131\u011f\u0131 ve ama\u00e7lar\u0131 Seyyid Ali\u2019nin karde\u015fi taraf\u0131ndan \u0130ttihat\u00e7\u0131lara ihbar edilir ve bunun sonucunda bir\u00e7ok \u00f6nde gelen \u00cer\u015fad \u00f6rg\u00fct\u00fc \u00fcyesi oldu\u011fu iddias\u0131yla, Eyl\u00fcl 1913\u2019ten itibaren \u0130ttihat ve Terakki y\u00f6netimi taraf\u0131ndan tutuklan\u0131r ve bir k\u0131sm\u0131 da suikastlar sonucu \u00f6ld\u00fcr\u00fcl\u00fcr. Hareketin \u00f6nemli isimlerinden olan H\u00fcseyin ve Hayrettin Berazi de 1913\u2019te \u00f6ld\u00fcr\u00fcl\u00fcr.<a href=\"file:\/\/\/C:\/Users\/Necmi\/Downloads\/1914%20Bitlis%20K%C3%BCrd%20Ayaklanmas%C4%B1-%202.docx#_ftn2\" name=\"_ftnref2\">[2]<\/a>\u00a0Bundan k\u0131sa bir s\u00fcre sonra da S\u00fcleyman Bey (Ar\u00e7e\u015fli), Karde\u015fi Farho, Hayri Bey, Ebax (\u00d6zalp) Kaymakam\u0131 Mustafa Bey, Nuri Bey, H\u00fcseyin Abdal A\u011fa<a href=\"file:\/\/\/C:\/Users\/Necmi\/Downloads\/1914%20Bitlis%20K%C3%BCrd%20Ayaklanmas%C4%B1-%202.docx#_ftn3\" name=\"_ftnref3\">[3]<\/a>\u00a0ve di\u011fer tan\u0131nm\u0131\u015f K\u00fcrd \u015fahsiyetleri de tutuklan\u0131r. Daha sonra hareketin devam etti\u011fi g\u00fcnlerde b\u00f6lgedeki \u00f6nemli liderlerden bir olan Kamil Bedirhan da nisan ay\u0131 sonlar\u0131nda tutuklanarak \u0130stanbul\u2019a g\u00f6nderilir ve daha sonra oradan ka\u00e7arak Tiflis\u2019e gider.<\/p>\n<p>B\u00fct\u00fcn bu geli\u015fmelerle birlikte \u00f6zellikle Bitlis k\u0131rsal\u0131nda ve \u00e7e\u015fitli nahiyelerde bulunan kadrolar \u00f6rg\u00fctsel ve propaganda \u00e7al\u0131\u015fmalar\u0131na devam eder. 17 Nisan 1330 (1914) tarihli polis m\u00fcd\u00fcr\u00fcn\u00fcn K\u00fcrdlerin \u00f6rg\u00fctsel \u00e7al\u0131\u015fmalar\u0131na dair verdi\u011fi rapora g\u00f6re; merkez sanca\u011f\u0131na t\u00e2bi \u015eatak nahiyesinin H\u00e2\u00e7ukan (Xa\u00e7\u00fbkan) k\u00f6y\u00fcnden S\u00fcleyman A\u011fa d\u00fc\u011f\u00fcn bahanesiyle Miryanis k\u00f6y\u00fcne giderek ve gece Fak\u00ee \u0130sa nam\u0131nda birinin hanesinde ve birka\u00e7 g\u00fcn de s\u00f6z konusu k\u00f6y ihtiyar heyetinden Mehmed o\u011flu Ali\u2019nin evinde kalarak ve Mutki kazas\u0131n\u0131n Ali Harat k\u00f6y\u00fcnde oturan \u0130\u011f\u0131k kabilesinden Hotan o\u011flu \u015eakir ve Dolek k\u00f6y\u00fcnden \u00d6mer Aziz o\u011flu Zerkub\u00ee ve Garzan kazas\u0131n\u0131n Millo k\u00f6y\u00fcnde oturan Atmanki a\u015firetinin Mala Bad\u0131r kabilesi reisi Hasan bin Hamid ile iki refikini ve Arinc k\u00f6y\u00fcnden Mustafa Bin Ali Han ve bir refiki, \u015eirvan kazas\u0131n\u0131n Arbo k\u00f6y\u00fcnden Re\u015fit Bin Mustafa ve Muhtar Hac\u0131 bin Ahmed ve Cafer Bin Remo (Remzi)\u2019yi celb ve merkum Ali\u2019nin odas\u0131nda gizlice toplanarak kendilerini h\u00fck\u00fcmet aleyhine sevk ve tahrik ve ah\u00e2liyi isyana davet eyledi\u011fi nahiye m\u00fcd\u00fcrl\u00fc\u011f\u00fcnce<a href=\"file:\/\/\/C:\/Users\/Necmi\/Downloads\/1914%20Bitlis%20K%C3%BCrd%20Ayaklanmas%C4%B1-%202.docx#_ftn4\" name=\"_ftnref4\">[4]<\/a>\u00a0tespit edilmi\u015ftir.<\/p>\n<p>Hizan il\u00e7esi ile Kar\u00e7ikan, \u015eetek ve S\u00eemek nahiyelerinde K\u00fcrdler aras\u0131nda propaganda yap\u0131lmakta, \u00f6rg\u00fct kurulmakta ve silah da\u011f\u0131t\u0131lmakta idi. Bu geli\u015fmelerle ilgili olarak Xa\u00e7\u00fbkanl\u0131 S\u00fcleyman A\u011fa, birka\u00e7 arkada\u015f\u0131 ile birlikte, \u015eetek Nahiye M\u00fcd\u00fcr\u00fc taraf\u0131ndan silah da\u011f\u0131t\u0131m\u0131 maddesinden dolay\u0131 tutuklanarak il merkezine g\u00f6nderilmi\u015flerdi. Bu konuda yap\u0131lan soru\u015fturman\u0131n sonucu, Mele Selim\u2019in merkeze getirilmesi gere\u011fini g\u00f6steriyordu. Vali durumu Hizan kaymakam\u0131na bildiriliyor.<a href=\"file:\/\/\/C:\/Users\/Necmi\/Downloads\/1914%20Bitlis%20K%C3%BCrd%20Ayaklanmas%C4%B1-%202.docx#_ftn5\" name=\"_ftnref5\">[5]<\/a>\u00a0K\u00fcrd hareketinin aktif \u00f6rg\u00fctleyicilerinden ve liderlerinden biri olan ve K\u00fcrdler aras\u0131nda \u00f6nemli etkiye sahip Mele Selim\u2019i tutuklamaya ve onun b\u00f6lgesinde \u201cd\u00fczeni\u201d yeniden kurmaya karar verir. Hizan Kaymakam\u0131, silahl\u0131 jandarmalarla aniden Mele Selim\u2019in evini sar\u0131p onu yakalayarak S\u00eemek nahiyesine g\u00f6t\u00fcr\u00fcyor ve oradan da 50 jandarman\u0131n e\u015fli\u011finde, il merkezine iki saatlik uzakl\u0131kta bulunan Alek\u2019e kadar geliyorlar.<a href=\"file:\/\/\/C:\/Users\/Necmi\/Downloads\/1914%20Bitlis%20K%C3%BCrd%20Ayaklanmas%C4%B1-%202.docx#_ftn6\" name=\"_ftnref6\">[6]<\/a><\/p>\n<p>Jandarmalar\u0131n \u00e7oklu\u011funu g\u00f6ren Mele Selim, i\u015fin i\u00e7inde bir ola\u011fan\u00fcst\u00fcl\u00fck oldu\u011funu sezinleyince k\u00f6yl\u00fclere durumu bildiriyor ve k\u00f6yl\u00fcleri heyecana s\u00fcr\u00fckleyerek harekete te\u015fvik ediyor. Ba\u015fg\u00f6steren arbede \u00fczerine 2-3 jandarma yaralan\u0131yor ve Mele Selim kurtar\u0131l\u0131yor; oradan do\u011fru, oturdu\u011fu Xuma\u00e7 k\u00f6y\u00fcne gidiyor.<a href=\"file:\/\/\/C:\/Users\/Necmi\/Downloads\/1914%20Bitlis%20K%C3%BCrd%20Ayaklanmas%C4%B1-%202.docx#_ftn7\" name=\"_ftnref7\">[7]<\/a>\u00a0Bu olaydan sonra K\u00fcrdler tam bir teyakkuz haline ge\u00e7iyor. Mele Selim, \u00e7evreye haberler g\u00f6ndererek derhal a\u00e7\u0131k\u00e7a haz\u0131rl\u0131klara ba\u015fl\u0131yor, Xuma\u00e7 b\u00f6lgesini savunmak i\u00e7in gerekli \u00f6nlemleri almaya ba\u015fl\u0131yorlar.<\/p>\n<div class=\"embededImgWithTitle\">\n<div class=\"embedeImgCaption\"><\/div>\n<\/div>\n<p>K\u00fcrd hareketinin Bitlis\u2019in \u00e7e\u015fitli b\u00f6lgelerindeki etkinli\u011fi art\u0131k\u00e7a, yeterli m\u00fchimmat, askeri ve polis g\u00fcc\u00fcn\u00fcn olmamas\u0131 nedeniyle Vali Mazhar M\u00fcft\u00fc geli\u015fen olaylar kar\u015f\u0131s\u0131nda tedirgin olur. Dahiliye Nezareti 6 Mart 1330\u2019da Van Valisi Tahsin Bey\u2019e yapt\u0131\u011f\u0131 uyar\u0131da, ger\u00e7ekte Bitlis\u2019te yeterli kuvvetin olup olmad\u0131\u011f\u0131 sorulur, Bitlis Valisi Mazhar Bey\u2019in zaafiyet g\u00f6sterdi\u011fi ve tela\u015fl\u0131 oldu\u011fu, bu gidi\u015fle bir K\u00fcrt meselesi \u00e7\u0131karaca\u011f\u0131<a href=\"file:\/\/\/C:\/Users\/Necmi\/Downloads\/1914%20Bitlis%20K%C3%BCrd%20Ayaklanmas%C4%B1-%202.docx#_ftn8\" name=\"_ftnref8\">[8]<\/a>\u00a0uyar\u0131s\u0131nda bulunur. Bunun \u00fczerine yap\u0131lan de\u011ferlendirme sonucunda, Siirt\u2019te 18 Temmuz 1913\u2019te mutasarr\u0131f olarak tayin edilen ve d\u00f6nemin Dahiliye Naz\u0131r\u0131 Talat Pa\u015fa\u2019n\u0131n da akrabas\u0131 olan Mustafa Abd\u00fclhalik Renda, geli\u015fen olaylar \u00fczerine yakla\u015f\u0131k sekiz ay sonra 30 Mart 1914\u2019te Siirt\u2019ten Bitlis\u2019e vali olarak tayin edilir. M. Abd\u00fclhalik Renda,\u00a0Siirt\u2019te iken, yap\u0131lan se\u00e7imlerde Vilayet Umumi Meclis azal\u0131\u011f\u0131na se\u00e7ilen K\u00e2mil Bedirhan Bey\u2019in yap\u0131lan itiraz \u00fczerine mazbatas\u0131 verilmemi\u015fti. \u0130tirazda bulunan m\u00fcft\u00fc ve nak\u00eeb efendinin itiraz gerek\u00e7esi ise, \u201cBedirhanilerin \u015fimdiye kadar bu memlekette yapt\u0131klar\u0131 muhalif isyanlar\u0131 nazar-\u0131 itibara alarak h\u00fck\u00fcmetimizi ikaz etmeye matuf (y\u00f6nelik) oldu\u011funu<a href=\"file:\/\/\/C:\/Users\/Necmi\/Downloads\/1914%20Bitlis%20K%C3%BCrd%20Ayaklanmas%C4%B1-%202.docx#_ftn9\" name=\"_ftnref9\">[9]<\/a>\u00a0belirtir.<\/p>\n<p>Yeni Bitlis valisi M. Abd\u00fclhalik Bey, Bitlis\u2019te g\u00f6reve ba\u015flad\u0131\u011f\u0131 gibi \u00d6rfi \u0130dare ilan eder ve ayn\u0131 g\u00fcn\u00fcn gecesinde, bir k\u00f6yl\u00fc taraf\u0131ndan, \u015eeyh \u015eahabettin Efendi m\u00fchr\u00fcyle kendisine hitaben Arap\u00e7a \u201c\u0130l\u00e2 mutasarr\u0131f kumandan\u201d serlevhas\u0131yla bir \u00fcltimatomun g\u00f6nderildi\u011fini. \u00dcltimatomda h\u00fck\u00fcmet dairelerini, deppoyu ve silahlar\u0131 teslim etmedi\u011fimiz taktirde kasabay\u0131 i\u015fgal ettikleri zaman hepimizin derisini y\u00fczerek saman dolduracaklar\u0131n\u0131 ve h\u00fck\u00fcmet kap\u0131s\u0131na asarak gelip ge\u00e7ene t\u00fck\u00fcrteceklerini ve d\u00f6k\u00fclecek M\u00fcsl\u00fcman kan\u0131n\u0131n vebalinin bize ait olaca\u011f\u0131n\u0131 bildiriyor ve \u00fcltimatomun sonunda \u201cAllah\u2019\u0131n inayeti ile cihada ba\u015fl\u0131yoruz\u201d diyordu.<a href=\"file:\/\/\/C:\/Users\/Necmi\/Downloads\/1914%20Bitlis%20K%C3%BCrd%20Ayaklanmas%C4%B1-%202.docx#_ftn10\" name=\"_ftnref10\">[10]<\/a>\u00a0Law Re\u015fd\u2019in aktar\u0131m\u0131na g\u00f6re,\u00a0Mele Selim\u2019in \u0131srar\u0131 \u00fczerine, Valiye, \u015eeyh \u015eehabeddin\u2019in m\u00fchr\u00fc ile m\u00fch\u00fcrlenen ve tehditler i\u00e7eren bir mektup yaz\u0131larak, Feqi Mistefa arac\u0131l\u0131\u011f\u0131yla g\u00f6nderilmiti.<a href=\"file:\/\/\/C:\/Users\/Necmi\/Downloads\/1914%20Bitlis%20K%C3%BCrd%20Ayaklanmas%C4%B1-%202.docx#_ftn11\" name=\"_ftnref11\">[11]<\/a><\/p>\n<p>Sorunun fena bir renk ve \u015fekil alaca\u011f\u0131n\u0131 anlayan Bitlis Valisi\u00a0M. Abd\u00fclhalik bir taraftan asker ve m\u00fchimmat yetersizli\u011fi nedeniyle zaman kazanma pe\u015finde iken, di\u011fer yandan da ba\u015fta Mele Selim\u2019in kay\u0131npederi ile K\u00fcfrevizade \u015feyhlerinden \u015eeyh Abd\u00fclhalik Efendi, M\u00fcft\u00fc Efendiyi ve y\u00f6renin ileri gelenlerinden olu\u015fan bir heyeti devreye koyup, hareketin liderlerinden Mele Selim\u2019i \u015fehir merkezine getirterek bir anla\u015fma sa\u011flamaya \u00e7al\u0131\u015f\u0131r. \u201cMele\u2019nin il merkezine getirtilmesi ve bir uzla\u015fma sa\u011flanarak sorunun \u00e7\u00f6z\u00fclmesi i\u00e7in, h\u00fck\u00fcmet ad\u0131na Mele\u2019nin kay\u0131nbabas\u0131 olan Kadiri \u015feyhlerinden \u015eeyh Nasreddin\u2019i, halk ad\u0131na da K\u00fcfrevizade \u015eeyh Abd\u00fclhalik Efendi, M\u00fcft\u00fc Efendi ve tekkelerin y\u00f6netimiyle g\u00f6revli Nak\u00eeb Efendi ile y\u00f6renin e\u015fraf ve ileri gelenlerinden olu\u015fan 10 ki\u015filik bir \u00f6zel heyet g\u00f6nderiyor.<\/p>\n<p>Heyet Xuma\u00e7\u2019a var\u0131nca Seyyid Ali\u2019yi de orada bulur. O gece heyet onuruna bir \u00e7ay ziyafeti yap\u0131l\u0131r ve sorun tart\u0131\u015f\u0131l\u0131r, Heyet \u00fcyeleri, Mele Selim\u2019e, ba\u015fvurdu\u011fu harekattan vazge\u00e7ip h\u00fck\u00fcmete boyun e\u011fmesini, e\u011fer kalk\u0131\u015fmay\u0131 ve anla\u015fmazl\u0131\u011fa d\u00fc\u015fmeyi zorunlu k\u0131lan nedenler var ise, bu nedenleri belirli istekler \u015feklinde h\u00fck\u00fcmete bildirmesini anlatarak, kendilerinin de bundan yana olduklar\u0131n\u0131 eklerler. Seyyid Ali de heyetin g\u00f6r\u00fc\u015f\u00fcn\u00fc destekleyerek, Mele Selim\u2019e fikrinden vazge\u00e7mesini s\u00f6yler. Fakat Mele Selim, davas\u0131ndan hi\u00e7bir \u015fekilde vazge\u00e7meyece\u011fini anlatmak i\u00e7in \u015fu kar\u015f\u0131l\u0131\u011f\u0131 verir: Vali Bitlis\u2019te ne duruyor! \u0130\u015fte Musa Bey (Hac\u0131 Musa Bey) bize vali!\u00a0<a href=\"file:\/\/\/C:\/Users\/Necmi\/Downloads\/1914%20Bitlis%20K%C3%BCrd%20Ayaklanmas%C4%B1-%202.docx#_ftn12\" name=\"_ftnref12\">[12]<\/a><\/p>\n<p>Vali taraf\u0131ndan Mele Selime g\u00f6nderilen g\u00f6r\u00fc\u015fme heyeti, istenen sonuca ula\u015famazlar ve Mele Selim\u2019i hareketi durdurmas\u0131 i\u00e7in ikna edemezler. Valinin talebi \u00fczerine bizzat Mele Selim g\u00f6r\u00fc\u015fmeleri s\u00fcrd\u00fcrmek i\u00e7in heyetle beraber Bitlis\u2019e gider.\u00a0 \u015eehirde yak\u0131n arkada\u015flar\u0131ndan birinin evinde kalarak, el\u00e7i arac\u0131l\u0131\u011f\u0131yla \u00fc\u00e7 kez Vali\u2019nin Mele Selim\u2019e yapt\u0131\u011f\u0131 \u00f6nerilere kar\u015f\u0131l\u0131k o da \u00f6nerilerde bulundu. Selim\u2019in a\u015fa\u011f\u0131lay\u0131c\u0131 davran\u0131\u015flar\u0131 kar\u015f\u0131s\u0131nda Vali g\u00f6r\u00fc\u015fmeyi kesti ve ve Mele Selim de Xuma\u00e7\u2019a geri d\u00f6nd\u00fc. Ayr\u0131lmadan \u00f6nce, g\u00f6nderdi\u011fi son mesajda, e\u011fer T\u00fcrk askerleriyle yak\u0131nda \u00e7\u0131kacak olan \u00e7at\u0131\u015fmada hayatta kal\u0131rsa, \u201cyak\u0131n gelecekte b\u00fct\u00fcn K\u00fcrdlerin kendi haklar\u0131, \u00f6zellikle K\u00fcrdleri peri\u015fan eden ve \u00fclkeyi yabanc\u0131lara satan T\u00fcrk y\u00f6netimini kovmak i\u00e7in ayaklanaca\u011f\u0131n\u0131\u201d<a href=\"file:\/\/\/C:\/Users\/Necmi\/Downloads\/1914%20Bitlis%20K%C3%BCrd%20Ayaklanmas%C4%B1-%202.docx#_ftn13\" name=\"_ftnref13\">[13]<\/a>\u00a0bildirir.<\/p>\n<p>G\u00f6nderilen nasihat heyetiyle ilk ba\u015fta zaman kazanma aray\u0131\u015f\u0131nda olan Vali, gerekli askeri kuvvete ula\u015f\u0131nca \u015funu s\u00f6yleyecek: Bu b\u00f6lgede h\u00e2kim olan nasihat heyeti ve s\u00f6z de\u011fil, yaln\u0131z kuvvettir. Bundan sonra Mele Selim\u2019e yak\u0131nl\u0131\u011f\u0131yla bilinen K\u00fcrdler, Vali\u2019nin emriyle tutuklanmaya ba\u015fland\u0131. Tutuklular\u0131n serbest b\u0131rak\u0131lmas\u0131 talebinde bulunan Mele Selim, olumlu bir cevap alamay\u0131nca \u00e7evrede \u015fehir merkezine girmek \u00fczere haz\u0131rl\u0131klar\u0131n\u0131 yapm\u0131\u015f olan arkada\u015flar\u0131yla harekete ge\u00e7er.\u00a0K\u00fcrdler 31 Mart gecesi Bitlis \u015fehir merkezine girerek hareketi ba\u015flat\u0131yor. 3 Nisan 1914\u2019te de Bitlis\u2019te \u00d6rfi \u0130dare ilan ediliyor.<\/p>\n<p>(Devam edecek.)<\/p>\n<p><b><i>Se\u00eed Veroj-Rudaw.net<\/i><\/b><\/p>\n<p>&nbsp;<\/p>\n<div class=\"selectionShareable\">\n<p>&nbsp;<\/p>\n<hr align=\"left\" size=\"1\" width=\"33%\" \/>\n<div id=\"ftn1\" class=\"selectionShareable\">\n<p><a href=\"file:\/\/\/C:\/Users\/Necmi\/Downloads\/1914%20Bitlis%20K%C3%BCrd%20Ayaklanmas%C4%B1-%202.docx#_ftnref1\" name=\"_ftn1\">[1]<\/a>\u00a0Nevzat Bing\u00f6l,\u00a0<em>Bitlis \u0130syan\u0131 ve \u015eeyh Selim<\/em>, Do Yay\u0131nlar\u0131, \u0130stanbul, 2013, s. 38<\/p>\n<\/div>\n<div id=\"ftn2\" class=\"selectionShareable\">\n<p><a href=\"file:\/\/\/C:\/Users\/Necmi\/Downloads\/1914%20Bitlis%20K%C3%BCrd%20Ayaklanmas%C4%B1-%202.docx#_ftnref2\" name=\"_ftn2\">[2]<\/a>\u00a0Nevzat Bing\u00f6l, Age.,<em>\u00a0<\/em>s. 34<\/p>\n<\/div>\n<div id=\"ftn3\" class=\"selectionShareable\">\n<p><a href=\"file:\/\/\/C:\/Users\/Necmi\/Downloads\/1914%20Bitlis%20K%C3%BCrd%20Ayaklanmas%C4%B1-%202.docx#_ftnref3\" name=\"_ftn3\">[3]<\/a>\u00a0Dr. Cel\u00eel\u00ea Cel\u00eel,\u00a0<em>J\u00eeyana Rew\u015fenb\u00eer\u00ee \u00fb S\u00eeyas\u00ee ya Kurdan (Di daw\u00eeya Sedsala 19a \u00fb Destp\u00eaka Sedsala 20a de)<\/em>, J\u00eena N\u00fb, Uppsala, 1985, s. 157<\/p>\n<\/div>\n<div id=\"ftn4\" class=\"selectionShareable\">\n<p><a href=\"file:\/\/\/C:\/Users\/Necmi\/Downloads\/1914%20Bitlis%20K%C3%BCrd%20Ayaklanmas%C4%B1-%202.docx#_ftnref4\" name=\"_ftn4\">[4]<\/a>\u00a0Nevzat Bing\u00f6l, Age.,<em>\u00a0<\/em>s. 86<\/p>\n<\/div>\n<div id=\"ftn5\" class=\"selectionShareable\">\n<p><a href=\"file:\/\/\/C:\/Users\/Necmi\/Downloads\/1914%20Bitlis%20K%C3%BCrd%20Ayaklanmas%C4%B1-%202.docx#_ftnref5\" name=\"_ftn5\">[5]<\/a>\u00a0<strong>Law Re\u015fid (Kemal Fevz\u00ee),<\/strong><strong>\u00a0<\/strong>Mele Selim ve Bitlis Hareketi,<strong>\u00a0<\/strong><em>J\u00een<\/em>, aded: 17-18,\u00a0(<em>J\u00een<\/em>, Kovara Kurd\u00ee-Tirk\u00ee &amp; K\u00fcrd\u00e7e -T\u00fcrk\u00e7e Dergi (1918-1919), M. Emin Bozarslan, Deng Yay\u0131nevi, Sweden, 1985)<\/p>\n<\/div>\n<div id=\"ftn6\" class=\"selectionShareable\">\n<p><a href=\"file:\/\/\/C:\/Users\/Necmi\/Downloads\/1914%20Bitlis%20K%C3%BCrd%20Ayaklanmas%C4%B1-%202.docx#_ftnref6\" name=\"_ftn6\">[6]<\/a>\u00a0Celil\u00ea Celil,\u00a0<em>K\u00fcrt Ayd\u0131nlanmas\u0131<\/em>, Avesta Yay\u0131nlar\u0131, \u0130stanbul, 2013, s. 136<\/p>\n<\/div>\n<div id=\"ftn7\" class=\"selectionShareable\">\n<p><a href=\"file:\/\/\/C:\/Users\/Necmi\/Downloads\/1914%20Bitlis%20K%C3%BCrd%20Ayaklanmas%C4%B1-%202.docx#_ftnref7\" name=\"_ftn7\">[7]<\/a>\u00a0<strong>Law Re\u015fid (Kemal Fevz\u00ee),<\/strong><strong>\u00a0<\/strong>Mele Selim ve Bitlis Hareketi,<strong>\u00a0<\/strong><em>J\u00een<\/em>, aded: 17-18,\u00a0(J\u00een, Kovara Kurd\u00ee-Tirk\u00ee &amp; K\u00fcrd\u00e7e -T\u00fcrk\u00e7e Dergi (1918-1919), M. Emin Bozarslan, Deng Yay\u0131nevi, Sweden, 1985)<\/p>\n<\/div>\n<div id=\"ftn8\" class=\"selectionShareable\">\n<p><a href=\"file:\/\/\/C:\/Users\/Necmi\/Downloads\/1914%20Bitlis%20K%C3%BCrd%20Ayaklanmas%C4%B1-%202.docx#_ftnref8\" name=\"_ftn8\">[8]<\/a>\u00a0Nevzat Bing\u00f6l, Age.,<em>\u00a0<\/em>s. 82<\/p>\n<\/div>\n<div id=\"ftn9\" class=\"selectionShareable\">\n<p><a href=\"file:\/\/\/C:\/Users\/Necmi\/Downloads\/1914%20Bitlis%20K%C3%BCrd%20Ayaklanmas%C4%B1-%202.docx#_ftnref9\" name=\"_ftn9\">[9]<\/a>\u00a0M. Abd\u00fclhalik Renda,\u00a0<em>Hat\u0131rat<\/em>, Yay\u0131na Haz\u0131rlayanlar: Ayta\u00e7 Demirci- Sabri Sayar\u0131, YKY, 2. Bask\u0131, 2019, s. 125<\/p>\n<\/div>\n<div id=\"ftn10\" class=\"selectionShareable\">\n<p><a href=\"file:\/\/\/C:\/Users\/Necmi\/Downloads\/1914%20Bitlis%20K%C3%BCrd%20Ayaklanmas%C4%B1-%202.docx#_ftnref10\" name=\"_ftn10\">[10]<\/a>\u00a0M. Abd\u00fclhalik Renda, Age.,<em>\u00a0<\/em>s. 144-145<\/p>\n<\/div>\n<div id=\"ftn11\" class=\"selectionShareable\">\n<p><a href=\"file:\/\/\/C:\/Users\/Necmi\/Downloads\/1914%20Bitlis%20K%C3%BCrd%20Ayaklanmas%C4%B1-%202.docx#_ftnref11\" name=\"_ftn11\">[11]<\/a>\u00a0<strong>Law Re\u015fid (Kemal Fevz\u00ee),<\/strong><strong>\u00a0<\/strong>Mele Selim ve Bitlis Hareketi,<strong>\u00a0<\/strong><em>J\u00een<\/em>, aded: 17-18<\/p>\n<\/div>\n<div id=\"ftn12\" class=\"selectionShareable\">\n<p><a href=\"file:\/\/\/C:\/Users\/Necmi\/Downloads\/1914%20Bitlis%20K%C3%BCrd%20Ayaklanmas%C4%B1-%202.docx#_ftnref12\" name=\"_ftn12\">[12]<\/a>\u00a0<strong>Law Re\u015fid (Kemal Fevz\u00ee),<\/strong><strong>\u00a0<\/strong>Mele Selim ve Bitlis Hareketi,<strong>\u00a0<\/strong><em>J\u00een<\/em>, aded: 17-18,\u00a0(<em>J\u00een<\/em>, Kovara Kurd\u00ee-Tirk\u00ee &amp; K\u00fcrd\u00e7e -T\u00fcrk\u00e7e Dergi (1918-1919), M. Emin Bozarslan, Deng Yay\u0131nevi, Sweden, 1985)<\/p>\n<\/div>\n<div id=\"ftn13\" class=\"selectionShareable\">\n<p><a href=\"file:\/\/\/C:\/Users\/Necmi\/Downloads\/1914%20Bitlis%20K%C3%BCrd%20Ayaklanmas%C4%B1-%202.docx#_ftnref13\" name=\"_ftn13\">[13]<\/a>\u00a0Celil\u00ea Celil,\u00a0<em>K\u00fcrt Ayd\u0131nlanmas\u0131<\/em>, Avesta Yay\u0131nlar\u0131, \u0130stanbul, 2013, s. 141, 142<\/p>\n<\/div>\n<\/div>\n","protected":false},"excerpt":{"rendered":"<p>Mele Selim, hareket ba\u015flamadan \u00f6nce 1913\u2019ten itibaren b\u00f6lgedeki n\u00fcfuslu K\u00fcrd din adamlar\u0131, a\u015firet reisleri ve Ermeni temsilcilerinden \u015fahsiyetleri ziyaret ederek harekete destek vermelerini talebinde bulunur. Bu ama\u00e7la g\u00f6r\u00fc\u015ft\u00fc\u011f\u00fc \u015fahsiyetlerden bir de, o d\u00f6nem Van\u2019da bulunan Mele Sa\u00eed\u00ea Kurd\u00ee\u2019dir. Sa\u00eed\u00ea Kurd\u00ee, kendisine ayn\u0131 zamanda ders vermi\u015f olan Mele Selim\u2019in bizatihi \u015fahs\u0131na y\u00f6nelik g\u00f6nderdi\u011fi harekete kat\u0131l\u0131m \u00e7a\u011fr\u0131s\u0131na &hellip;<\/p>\n","protected":false},"author":32,"featured_media":23468,"comment_status":"open","ping_status":"open","sticky":false,"template":"","format":"standard","meta":{"footnotes":""},"categories":[1084],"tags":[589,1616],"class_list":["post-23467","post","type-post","status-publish","format-standard","has-post-thumbnail","","category-arastirma","tag-bitlis","tag-manset"],"_links":{"self":[{"href":"https:\/\/candname.com\/tr\/index.php?rest_route=\/wp\/v2\/posts\/23467","targetHints":{"allow":["GET"]}}],"collection":[{"href":"https:\/\/candname.com\/tr\/index.php?rest_route=\/wp\/v2\/posts"}],"about":[{"href":"https:\/\/candname.com\/tr\/index.php?rest_route=\/wp\/v2\/types\/post"}],"author":[{"embeddable":true,"href":"https:\/\/candname.com\/tr\/index.php?rest_route=\/wp\/v2\/users\/32"}],"replies":[{"embeddable":true,"href":"https:\/\/candname.com\/tr\/index.php?rest_route=%2Fwp%2Fv2%2Fcomments&post=23467"}],"version-history":[{"count":2,"href":"https:\/\/candname.com\/tr\/index.php?rest_route=\/wp\/v2\/posts\/23467\/revisions"}],"predecessor-version":[{"id":23470,"href":"https:\/\/candname.com\/tr\/index.php?rest_route=\/wp\/v2\/posts\/23467\/revisions\/23470"}],"wp:featuredmedia":[{"embeddable":true,"href":"https:\/\/candname.com\/tr\/index.php?rest_route=\/wp\/v2\/media\/23468"}],"wp:attachment":[{"href":"https:\/\/candname.com\/tr\/index.php?rest_route=%2Fwp%2Fv2%2Fmedia&parent=23467"}],"wp:term":[{"taxonomy":"category","embeddable":true,"href":"https:\/\/candname.com\/tr\/index.php?rest_route=%2Fwp%2Fv2%2Fcategories&post=23467"},{"taxonomy":"post_tag","embeddable":true,"href":"https:\/\/candname.com\/tr\/index.php?rest_route=%2Fwp%2Fv2%2Ftags&post=23467"}],"curies":[{"name":"wp","href":"https:\/\/api.w.org\/{rel}","templated":true}]}}