{"id":23460,"date":"2024-04-27T07:14:20","date_gmt":"2024-04-27T04:14:20","guid":{"rendered":"https:\/\/candname.com\/tr\/?p=23460"},"modified":"2024-04-26T17:19:04","modified_gmt":"2024-04-26T14:19:04","slug":"kurd-aile-yapisinin-ulusal-mucadelemizdeki-yeri-ve-onemi","status":"publish","type":"post","link":"https:\/\/candname.com\/tr\/?p=23460","title":{"rendered":"K\u00fcrd Aile Yap\u0131s\u0131n\u0131n Ulusal M\u00fccadelemizdeki Yeri Ve \u00d6nemi"},"content":{"rendered":"<p>Herhangi bir milleti ve toplumu s\u00f6m\u00fcrebilmenin , onlar\u0131 k\u00f6lele\u015ftirmenin en sinsi ve kolay yolu bahsi ge\u00e7en milleti ve toplumu kendilerine ait de\u011ferlere yabanc\u0131la\u015ft\u0131rmak , k\u00fclt\u00fcrel ve ahlaki olarak asimilasyona u\u011fratmaktan ge\u00e7er. \u0130\u015fte bu nedenledir ki s\u00f6m\u00fcrgecilerin ba\u015fvurdu\u011fu y\u00f6ntemlerin en ba\u015f\u0131nda bir milletin dilini , k\u00fclt\u00fcr\u00fcn\u00fc , ulusal ve ahlaki de\u011ferlerini yozla\u015ft\u0131rmak i\u00e7in t\u00fcrl\u00fc y\u00f6ntemler uygulanmaktad\u0131r.<\/p>\n<p>Bu nedenledir ki K\u00fcrdistan\u2019\u0131 i\u015fgal alt\u0131nda tutan T\u00fcrk , Acem ve Arap egemenleri K\u00fcrd halk\u0131n\u0131 kendi de\u011ferlerinden uzakla\u015ft\u0131rmak ve K\u00fcrdlerin milli ve manevi duygular\u0131n\u0131 zay\u0131flatmak i\u00e7in her t\u00fcrl\u00fc d\u00fc\u015fmanca projelerini hayata ge\u00e7irmektedirler , bu sinsi projelerinin ba\u015f\u0131nda K\u00fcrdler \u00fczerinde etkili olan ve kendilerine ba\u011f\u0131ml\u0131 bir tak\u0131m siyasi ve sermaye sahiplerini yanlar\u0131na alarak bu hain ama\u00e7lar\u0131n\u0131 ger\u00e7ekle\u015ftirebilmenin yolunu se\u00e7mektedirler.<\/p>\n<p>S\u00f6m\u00fcrgeciler devlet olman\u0131n t\u00fcm avantajlar\u0131n\u0131 kullanarak bir yandan zorba y\u00f6ntemleri devreye sokarak K\u00fcrdleri kendi topraklar\u0131ndan uzakla\u015ft\u0131r\u0131rken di\u011fer yandan dev\u015firdikleri i\u015fbirlik\u00e7ileri vas\u0131tas\u0131yla K\u00fcrdlerin dilini , k\u00fclt\u00fcr\u00fcn\u00fc , giyimini , mutfa\u011f\u0131n\u0131 , m\u00fczi\u011fini ve folkl\u00f6r\u00fcn\u00fc yozla\u015ft\u0131rarak kendilerine benzetmenin yo\u011fun \u00e7abas\u0131 i\u00e7indedirler , bu sinsi ve d\u00fc\u015fmanca y\u00f6ntemlerle milyonlarca K\u00fcrd\u00fc etkilediklerini ve bunlar\u0131n \u00f6nemli bir k\u0131sm\u0131na da K\u00fcrd\u00fcm diyebilmenin utanc\u0131n\u0131 ya\u015fatt\u0131klar\u0131n\u0131 ne yaz\u0131k ki i\u00e7imiz kan gitse de g\u00f6rmekteyiz.<\/p>\n<p>Siyasal ve ya\u015famsal anlamda atalar\u0131 b\u00fcy\u00fck katliamlara u\u011fram\u0131\u015f bir k\u0131s\u0131m K\u00fcrdlerin cellad\u0131na a\u015f\u0131k misali sistem partileri i\u00e7erisinde yer almakta ve kendi atalar\u0131n\u0131n katilleri olan parti ve \u00f6rg\u00fctlerden medet umacak konuma getirmi\u015flerdir , bu \u00e7arp\u0131c\u0131 ve u\u011fursuz ger\u00e7e\u011fi 31 Mart se\u00e7imlerinde bir kere daha g\u00f6rm\u00fc\u015f olduk. Atalar\u0131n\u0131n katilleri konumundaki Kemalistleri adeta kurtar\u0131c\u0131 olarak g\u00f6rmelerinde ve onlara oy ta\u015f\u0131malar\u0131na \u015fahit olduk. Oysa K\u00fcrdler ad\u0131na siyaset yapanlar\u0131 ve K\u00fcrdistan\u2019\u0131 birer s\u00f6m\u00fcrge olarak d\u00fc\u015f\u00fcnenlerin yapmalar\u0131 gereken ciddi bir tarih bilinciyle hareket ederek ba\u015fta K\u00fcrd aile yap\u0131s\u0131na sahip , \u00e7\u0131kmak K\u00fcrd ve K\u00fcrdistani de\u011ferlerini sahiplenerek asimilasyona ve yozla\u015fmaya \u015fiddetle kar\u015f\u0131 durmalar\u0131 gerekmekteydi.<\/p>\n<p>Dolay\u0131s\u0131yla \u00f6zellikle devletsiz , kar\u0131s\u0131z , kocas\u0131z bir K\u00fcrd d\u00fc\u015f\u00fcncesinin K\u00fcrd halk\u0131 i\u00e7erisinde savunulmas\u0131na ve hayat bulmas\u0131na kesinlikle kar\u015f\u0131 \u00e7\u0131k\u0131lmal\u0131yd\u0131. Bu anlamda K\u00fcrd siyasi \u00e7evrelerinin \u00f6zg\u00fcn bir duru\u015f sahibi olarak ve K\u00fcrd Milli Demokratik m\u00fccadelesini \u00f6nceleyerek D\u00fcnya Milletleri ve Devletleri ars\u0131nda K\u00fcrd halk\u0131n\u0131n ma\u011fduriyetini dert eden ve bu do\u011frultuda m\u00fccadelemize katk\u0131 sunacak kesimlerle ili\u015fkiye ge\u00e7ilerek destek aranmal\u0131yd\u0131. B\u00f6ylesi bir projeyi hayata ge\u00e7irecek ve K\u00fcrdl\u00fck a\u015fk\u0131yla m\u00fccadeleyi y\u00fcr\u00fctebilecek kadrolar\u0131 yaratmak evvel emirde yap\u0131lmas\u0131 gereken acil g\u00f6revler aras\u0131nda olmal\u0131d\u0131r.<\/p>\n<p>Bu konuyu ciddiyetle ele alacak yetkin kadrolar\u0131n oldu\u011funa inanmaktay\u0131z , ayr\u0131ca yeni nesillerin b\u00f6ylesi bir ekibi b\u00fcy\u00fck bir co\u015fku ve fedakarl\u0131kla ba\u011fr\u0131na basarak K\u00fcrdistani m\u00fccadelenin ba\u015far\u0131ya ula\u015fmas\u0131 i\u00e7in b\u00fcy\u00fck fedakarl\u0131klara haz\u0131r oldu\u011funu g\u00f6rmekteyiz. Sebebine gelince gen\u00e7lerimizin babalar\u0131 atalar\u0131 gibi zul\u00fcm ve hakaretlere tahamm\u00fcl\u00fcn\u00fcn kalmad\u0131\u011f\u0131n\u0131 g\u00f6rmekteyiz.<\/p>\n<p>\u00dctopya gibi g\u00f6r\u00fcnen bu ama\u00e7lara ula\u015fmak i\u00e7in yap\u0131lmas\u0131 gerekenler milli de\u011ferlerimizi ve m\u00fccadelemizi y\u00fckselterek vak\u0131f , dernek benzeri STK ve kurumlar\u0131 olu\u015fturmak \u00fczere ba\u015fta K\u00fcrd gen\u00e7li\u011fini ve bir b\u00fct\u00fcnen K\u00fcrd halk\u0131n\u0131 her alanda sahiplenmenin yol ve y\u00f6ntemlerini mutlaka bulmal\u0131y\u0131z. Aksi durum ise s\u00f6m\u00fcrgecilerin K\u00fcrd milli ve manevi de\u011ferlerini\u00a0\u00a0yozla\u015ft\u0131ran ve K\u00fcrdlere zarar verecek sapk\u0131n d\u00fc\u015f\u00fcncelere imkan tan\u0131yan ve ayr\u0131ca asimilasyonun halk\u0131m\u0131z ars\u0131nda yayg\u0131nla\u015fmas\u0131na sebep olacakt\u0131r dolay\u0131s\u0131yla sahipsiz K\u00fcrd halk\u0131n\u0131n ya d\u00fc\u015fmanlar\u0131m\u0131z\u0131n d\u00fcmen suyuna girmesine ya da s\u00fcre\u00e7 i\u00e7erisinde b\u00fct\u00fcn umutlar\u0131n\u0131 kaybederek yok olmas\u0131na sebep olacakt\u0131r.<\/p>\n<p><strong>M.H\u00fcseyin Taysun-Rupelanu.org<\/strong><\/p>\n","protected":false},"excerpt":{"rendered":"<p>Herhangi bir milleti ve toplumu s\u00f6m\u00fcrebilmenin , onlar\u0131 k\u00f6lele\u015ftirmenin en sinsi ve kolay yolu bahsi ge\u00e7en milleti ve toplumu kendilerine ait de\u011ferlere yabanc\u0131la\u015ft\u0131rmak , k\u00fclt\u00fcrel ve ahlaki olarak asimilasyona u\u011fratmaktan ge\u00e7er. \u0130\u015fte bu nedenledir ki s\u00f6m\u00fcrgecilerin ba\u015fvurdu\u011fu y\u00f6ntemlerin en ba\u015f\u0131nda bir milletin dilini , k\u00fclt\u00fcr\u00fcn\u00fc , ulusal ve ahlaki de\u011ferlerini yozla\u015ft\u0131rmak i\u00e7in t\u00fcrl\u00fc y\u00f6ntemler uygulanmaktad\u0131r. &hellip;<\/p>\n","protected":false},"author":32,"featured_media":23461,"comment_status":"open","ping_status":"open","sticky":false,"template":"","format":"standard","meta":{"footnotes":""},"categories":[65],"tags":[6582,6583,117,1616],"class_list":["post-23460","post","type-post","status-publish","format-standard","has-post-thumbnail","","category-forum","tag-adetler","tag-aile-yapisi","tag-kurtler","tag-manset"],"_links":{"self":[{"href":"https:\/\/candname.com\/tr\/index.php?rest_route=\/wp\/v2\/posts\/23460","targetHints":{"allow":["GET"]}}],"collection":[{"href":"https:\/\/candname.com\/tr\/index.php?rest_route=\/wp\/v2\/posts"}],"about":[{"href":"https:\/\/candname.com\/tr\/index.php?rest_route=\/wp\/v2\/types\/post"}],"author":[{"embeddable":true,"href":"https:\/\/candname.com\/tr\/index.php?rest_route=\/wp\/v2\/users\/32"}],"replies":[{"embeddable":true,"href":"https:\/\/candname.com\/tr\/index.php?rest_route=%2Fwp%2Fv2%2Fcomments&post=23460"}],"version-history":[{"count":1,"href":"https:\/\/candname.com\/tr\/index.php?rest_route=\/wp\/v2\/posts\/23460\/revisions"}],"predecessor-version":[{"id":23462,"href":"https:\/\/candname.com\/tr\/index.php?rest_route=\/wp\/v2\/posts\/23460\/revisions\/23462"}],"wp:featuredmedia":[{"embeddable":true,"href":"https:\/\/candname.com\/tr\/index.php?rest_route=\/wp\/v2\/media\/23461"}],"wp:attachment":[{"href":"https:\/\/candname.com\/tr\/index.php?rest_route=%2Fwp%2Fv2%2Fmedia&parent=23460"}],"wp:term":[{"taxonomy":"category","embeddable":true,"href":"https:\/\/candname.com\/tr\/index.php?rest_route=%2Fwp%2Fv2%2Fcategories&post=23460"},{"taxonomy":"post_tag","embeddable":true,"href":"https:\/\/candname.com\/tr\/index.php?rest_route=%2Fwp%2Fv2%2Ftags&post=23460"}],"curies":[{"name":"wp","href":"https:\/\/api.w.org\/{rel}","templated":true}]}}