{"id":23444,"date":"2024-04-17T19:50:38","date_gmt":"2024-04-17T16:50:38","guid":{"rendered":"https:\/\/candname.com\/tr\/?p=23444"},"modified":"2024-04-17T19:51:13","modified_gmt":"2024-04-17T16:51:13","slug":"kurt-muziginin-son-13-yilinin-akorlari-kitaplastirildi","status":"publish","type":"post","link":"https:\/\/candname.com\/tr\/?p=23444","title":{"rendered":"K\u00fcrt m\u00fczi\u011finin son 13 y\u0131l\u0131n\u0131n akorlar\u0131 kitapla\u015ft\u0131r\u0131ld\u0131"},"content":{"rendered":"<div class=\"status-summary\"><span class=\"big-post-text text-default\"><strong>Son 13 y\u0131lda yay\u0131nlanm\u0131\u015f K\u00fcrt\u00e7e s\u00f6zl\u00fc \u015fark\u0131lar\u0131n s\u00f6zlerini ve gitar e\u015flik akorlar\u0131n\u0131 i\u00e7eren K\u00fcrt\u00e7e Gitar Repertuar\u0131 kitab\u0131 yay\u0131mland\u0131.<\/strong><\/span><\/div>\n<div><\/div>\n<div>\n<p>Kitapta, pop\u00fclerlik derecesine bak\u0131lmaks\u0131z\u0131n K\u00fcrt M\u00fczi\u011fi\u2019ne katk\u0131 sa\u011flam\u0131\u015f \u00e7e\u015fitli sanat\u00e7\u0131 ve gruplar\u0131n par\u00e7alar\u0131 yer al\u0131yor.<\/p>\n<p>Kitab\u0131n bas\u0131n tan\u0131t\u0131m\u0131n\u0131 yapan Helezonik Kre\u015fendo, bu tip k\u00fclt\u00fcrel \u00e7al\u0131\u015fmalarla s\u00f6m\u00fcr\u00fc ve asimilasyona kar\u015f\u0131 m\u00fccadeleye g\u00fc\u00e7 vermeyi umduklar\u0131n\u0131 ifade etti.<\/p>\n<p>Ekip kitab\u0131, kitab\u0131n gitar, piyano, ukulele gibi \u00e7alg\u0131lar \u00e7alan ve \u00e7almaya \u00e7al\u0131\u015fan ki\u015fileri hedefleyerek haz\u0131rlad\u0131klar\u0131n\u0131 s\u00f6yledi.<\/p>\n<p>Kitab\u0131n i\u00e7inde akor g\u00f6sterimleri, ritim vuru\u015f diyagramlar\u0131 ve de ritimlerin nas\u0131l \u00e7al\u0131naca\u011f\u0131n\u0131 g\u00f6steren videolar\u0131n QR ba\u011flant\u0131lar\u0131 da bulunuyor.<\/p>\n<p>Helezonik Kre\u015fendo ekibi kitab\u0131n \u00f6ns\u00f6z\u00fcnde \u015fu sat\u0131rlar\u0131 payla\u015ft\u0131:<\/p>\n<p>\u201cBundan yakla\u015f\u0131k 13 y\u0131l \u00f6nce bir grup m\u00fczisyen ve m\u00fczik e\u011fitimcisi olarak K\u00fcrt\u00e7e Gitar Repertuar\u0131 haz\u0131rlam\u0131\u015f ve yakla\u015f\u0131k 200 \u015fark\u0131l\u0131k bu \u00e7al\u0131\u015fmay\u0131 2 cilt halinde yay\u0131nlam\u0131\u015ft\u0131k. Halen de pdf\u2019ine web sitemizden \u00fccretsiz ula\u015fabilece\u011finiz bu \u00e7al\u0131\u015fman\u0131n \u00f6ns\u00f6z\u00fc bu c\u00fcmle ile bitiyordu: S\u0131rt\u0131n\u0131zdan gitar\u0131n\u0131z i\u00e7inizden m\u00fccadele ruhu eksik olmas\u0131n.<\/p>\n<p>Aradan ge\u00e7en d\u00f6nemde co\u011frafyam\u0131zdan s\u00f6m\u00fcr\u00fc, sava\u015f, g\u00f6\u00e7, talan, bask\u0131 eksik olmad\u0131\u011f\u0131 gibi isyan ve direni\u015f de eksik olmad\u0131.<\/p>\n<p>E\u015fit ve \u00f6zg\u00fcr bir d\u00fcnyan\u0131n pe\u015finde olanlar halen de \u00e7e\u015fitli ara\u00e7larla sisteme kar\u015f\u0131 m\u00fccadele etmeye devam ediyor. Bu m\u00fccadelelerin i\u00e7inde k\u00fclt\u00fcr m\u00fccadelesi \u00f6nemli bir yer tutuyor. Yok edilmek istenen bir m\u00fccadelenin, sessizli\u011fe mahk\u00fbm edilmek istenen bir halk\u0131n ve kelimesizli\u011fe terk edilmek istenen bir dilin pe\u015finden gidip \u015fark\u0131lar \u00fcretenler bu m\u00fccadelenin \u00f6nemli bir par\u00e7as\u0131.<\/p>\n<p>\u015eark\u0131lar t\u00fcm duygulara de\u011febiliyor, belki kendi ba\u015f\u0131na d\u00fcnyay\u0131 de\u011fi\u015ftiremiyor ama d\u00fcnyay\u0131 de\u011fi\u015ftirecek olan\u0131n bilincine ve duygular\u0131na etki ediyor. \u0130\u015fte bu sebeptendir ki, \u00fcretilen bu \u015fark\u0131lar\u0131 daha fazla insana ula\u015ft\u0131rman\u0131n yollar\u0131n\u0131 d\u00f6\u015femek de bizim \u00e7abalar\u0131m\u0131zdan biri oldu.<\/p>\n<p>Kitap, ticari bir kayg\u0131 ile haz\u0131rlanmad\u0131 ve \u00e7ok say\u0131da m\u00fczisyenin kitapta eme\u011fi var. Bir de buna \u015fark\u0131y\u0131 \u00fcretenlerin, kaydedenlerin, d\u00fczenleyenlerin eme\u011fini koydu\u011fumuzda anl\u0131yoruz ki bu kitap hi\u00e7 kimsenin de\u011fil, hepimizindir.<\/p>\n<p>Kitap Ceylan Yay\u0131nlar\u0131\u2019n\u0131n internet sitesi ba\u015fta olmak \u00fczere pek \u00e7ok kitap ma\u011fazas\u0131ndan sipari\u015f edilebiliyor. Helezonik Kre\u015fendo\u2019ya da buradan ula\u015fabilirsiniz.<\/p>\n<p>Kitapta a\u015fa\u011f\u0131daki \u015fark\u0131lar\u0131n akorlar\u0131 bulunuyor:<\/p>\n<p>AG\u00ceT I\u015eIK \u2013 \u00c7\u00ceROKA W\u00ca BAY\u00ca<\/p>\n<p>AG\u00ceT I\u015eIK \u2013 BER DER\u00ca K\u00ce \u00db K\u00ce<\/p>\n<p>ANADOLU QUARTET \u2013 D\u00ceJLOKA MIN<\/p>\n<p>ANADOLU QUARTET \u2013 PEYMAN JI YAR\u00ca<\/p>\n<p>AWAZ\u00ca \u00c7\u00ceYA \u2013 DE P\u00ceRO<\/p>\n<p>AWAZ\u00ca \u00c7\u00ceYA \u2013 EM BERNADIN V\u00ca D\u00ceLAN\u00ca<\/p>\n<p>AYN\u00dbR DOGAN \u2013 REWEND<\/p>\n<p>BABETNA \u2013 D\u00dbR<\/p>\n<p>BAJAR \u2013 D\u00ceYARBEKIR<\/p>\n<p>BAJAR \u2013 S\u00ce \u00db \u00c7AR HEB<\/p>\n<p>BAJAR \u2013 NEWROZ<\/p>\n<p>BERF\u00ceN AKTAY \u2013 GER<\/p>\n<p>BERF\u00ceN MAMEDOVA \u2013 KO\u00c7BER<\/p>\n<p>B\u00dbRHAN BERKEN \u2013 TEN\u00caB\u00dbN<\/p>\n<p>B\u00dbRHAN BERKEN \u2013 GEROK<\/p>\n<p>CEM\u00ceL QO\u00c7GIR\u00ce \u2013 H\u00ceVA ZER\u00ce<\/p>\n<p>DEVR\u00ceM DEM\u00ceR \u2013 TU K\u00ce Y\u00ce<\/p>\n<p>DILJEN RON\u00ce \u2013 EV\u00ceNDAR IM<\/p>\n<p>DR. AHMET KAYA &amp; M.AKBA\u015e \u2013 \u015eERVAN<\/p>\n<p>ERCAN B\u00ceNGOL \u2013 K\u00db\u00c7IK HATIN<\/p>\n<p>ERDAL MED \u2013 PAY\u00ceZ<\/p>\n<p>ERDOGAN EM\u00ceR \u2013 \u00ceNSAN\u00ca KAMIL<\/p>\n<p>ERDOGAN EM\u00ceR \u2013 ELKANA VAYI<\/p>\n<p>FER\u00ceD SEV\u00ceM \u2013 RASTHATINEK<\/p>\n<p>FIRAT MED \u2013 ROBOSK\u00ce<\/p>\n<p>F\u00ceKR\u00ce KUTLAY \u2013 PASS\u00ceFLORA KURD\u00ce<\/p>\n<p>GRUP MUNZUR \u2013 EM MIROV IN<\/p>\n<p>GRUP VARD\u00ceYA \u2013 VENG\u00ca TO<\/p>\n<p>GULBAHAR KAVC\u00db \u2013 DEV J\u00ca BERDE<\/p>\n<p>HAR\u00dbN ELK\u00ce \u2013 XENGILOK<\/p>\n<p>HAR\u00dbN ELK\u00ce \u2013 REV<\/p>\n<p>HAR\u00dbN ELK\u00ce \u2013 HERE<\/p>\n<p>H\u00caJA \u2013 DER\u00ce L\u00ca KET<\/p>\n<p>H\u00ceVRON \u2013 EV\u00ceN<\/p>\n<p>H\u00ceVRON \u2013 JARO<\/p>\n<p>HUNERGEHA WELAT \u2013 LI QAMI\u015eLO LI BER DER\u00ce<\/p>\n<p>HUNERGEHA WELAT \u2013 SER\u00caKAN\u00ceY\u00ca \u00db AVA\u015e\u00ceN<\/p>\n<p>HUNERGEHA WELAT \u2013 \u015eERVANO<\/p>\n<p>JAN ARSLAN \u2013 XEWREV\u00ceN<\/p>\n<p>JAN AX\u00ceN \u2013 ZER\u00ceBA<\/p>\n<p>JEHRMAR \u2013 B\u00caJE<\/p>\n<p>JINMA \u2013 EZ J\u00ceN IM<\/p>\n<p>KAD\u00ceR \u00c7AT \u2013 HEVAL HATIN<\/p>\n<p>KALDIRIM \u2013 \u015eODIR\u00ca HARDO<\/p>\n<p>KAL\u00ca BAD\u00ce \u2013 NO\u015e<\/p>\n<p>KASIM TA\u015eDOGAN \u2013 R\u00ca<\/p>\n<p>KASIM TA\u015eDOGAN \u2013 V\u00ceNA SOR<\/p>\n<p>KASIM TA\u015eDOGAN \u2013 RE\u015eK\u00ca<\/p>\n<p>KEREM GERDENZER\u00ce \u2013 KE\u00c7A PER\u00ce<\/p>\n<p>KEREM SEV\u00ceN\u00c7 \u2013 PERPERIK<\/p>\n<p>KEREM SEV\u00ceN\u00c7 \u2013 BAO<\/p>\n<p>ARYEN KOM \u2013 DE RABIN<\/p>\n<p>LAWJE \u2013 WERNE RAY\u00ca<\/p>\n<p>MAV\u00ce\u015e GUNE\u015eER \u2013 KAM SONO<\/p>\n<p>MEHMET AKBA\u015e &amp; HANI \u2013 BERDE<\/p>\n<p>MEHMET ATLI \u2013 GULA DIL<\/p>\n<p>MEHMET ATLI \u2013 MOR\u00ce MIRCAN<\/p>\n<p>MEHMET ATLI \u2013 STRANA N\u00ceV\u00c7E<\/p>\n<p>MEM ARARAT \u2013 XA\u00c7IREK<\/p>\n<p>MEM ARARAT \u2013 KUL\u00ceLK<\/p>\n<p>MEM ARARAT \u2013 DIL DISOJE<\/p>\n<p>MIKA\u00ceL ASLAN \u2013 \u00c7EMO VANO<\/p>\n<p>MIKA\u00ceL ASLAN \u2013 ADIR\u00ca ZERR\u00ca MA<\/p>\n<p>MIKA\u00ceL ASLAN \u2013 M\u00ceRAZ<\/p>\n<p>MIRADY \u2013 WAY DELAL\u00ca<\/p>\n<p>NIZAMETTIN ARI\u00c7 &amp; MIZG\u00ceN TAHIR &amp; NEZ\u00ceR PALO \u2013 \u00ca\u015eA ROJAVA<\/p>\n<p>MUCAH\u00ceD GOKER \u2013 EFO BERZ<\/p>\n<p>MUCAH\u00ceD GOKER \u2013 EVDALO<\/p>\n<p>OLGUN EREN \u2013 DEV J\u00ca BERDA<\/p>\n<p>OZAN IRMAK \u2013 BERF<\/p>\n<p>OZAN IRMAK \u2013 B\u00ceRAN\u00ceNA AZAD\u00ceY\u00ca<\/p>\n<p>PERV\u00ceN \u00c7AKAR \u2013 RUH\u00ca MIN TEYR E<\/p>\n<p>PRAKS\u00ceS \u2013 AZAD\u00ce<\/p>\n<p>PRAKS\u00ceS \u2013 S\u00ceNOR<\/p>\n<p>RAPER\u00ceN \u2013 ZAROK\u00caN \u015eER<\/p>\n<p>REW\u015eAN &amp; TARA MAMEDOVA \u2013 XU\u00c7\u00ca<\/p>\n<p>REW\u015eAN \u00c7EL\u00ceKER \u2013 WEXT LAZIM B\u00db<\/p>\n<p>ROHAT CIWAN \u2013 TAWANBAR<\/p>\n<p>ROJDA \u2013 \u015eENGAL<\/p>\n<p>R\u00dbKEN YILMAZ- D\u00ceLBERA NAZIK<\/p>\n<p>R\u00db\u015eEN ALKAR \u2013 RABE<\/p>\n<p>SAK\u00ceNA \u2013 KO<\/p>\n<p>SEMYAN\u00ce PER\u00ceZADE \u2013 BIRYAREK\u00ce<\/p>\n<p>SERDAR ALAZ \u2013 \u00caS\u00ceR<\/p>\n<p>SEYDA PERIN\u00c7EK &amp; LAV\u00ceN \u2013 AW\u00caNE<\/p>\n<p>SEY\u00ceDXAN SEV\u00ceN\u00c7 \u2013 \u00c7I HACET<\/p>\n<p>S\u00ceDAR \u2013 B\u00caJE<\/p>\n<p>S\u00ceDAR FER\u00ceD \u2013 N\u00ceV<\/p>\n<p>S\u00ceMIR R\u00dbDAN \u2013 BIR\u00ceNA RE\u015e<\/p>\n<p>S\u00ceYA \u015eEV\u00ca \u2013 TU XEM NEK\u015e\u00ceNE<\/p>\n<p>S\u00ceYA \u015eEV\u00ca \u2013 GUR\u00ce<\/p>\n<p>S\u00ceYA \u015eEV\u00ca \u2013 R\u00dbPAY\u00ceZ<\/p>\n<p>TARA JAFF \u2013 HER WAREK BI BILBILEK<\/p>\n<p>TARA MAMEDOVA \u2013 S\u00ceNO<\/p>\n<p>TEQ \u00db REQ \u2013 \u00c7AR ZAROK<\/p>\n<p>TEQ \u00db REQ \u2013 XEWNERE\u015eK<\/p>\n<p>TE\u015eQELE \u2013 BI K\u00ceJAN MEQAM\u00ce<\/p>\n<p>VEDAT TANI\u015e \u2013 BALADA \u015eIVANEK\u00ce<\/p>\n<p>XALIT TAR\u00ce \u2013 GEWR\u00ca<\/p>\n<p>X\u00caRO ABBAS \u2013 DIME\u015e\u00ceYA<\/p>\n<p>YAHHYA \u2013 MAH\u00ceTAB<\/p>\n<p>Y\u00dbNIS DAS \u2013 AZAD\u00ce<\/p>\n<p>Y\u00dbNIS DAS \u2013 MIJ \u00db BERF<\/p>\n<p>Y\u00dbN\u00dbS D\u00ce\u015eKAYA \u2013 DERMAN<\/p>\n<p>Y\u00dbN\u00dbS D\u00ce\u015eKAYA \u2013 GUL\u00ca<\/p>\n<p>Y\u00dbN\u00dbS D\u00ce\u015eKAYA \u2013 LI \u00c7I DIGER\u00ce<\/p>\n<p>ZE TIJE- CEM\u00ceLA MIN<\/p>\n<p>ZE TIJE \u2013 BIHUY\u00ca<\/p>\n<p>ZE TIJE \u2013 WARWAY<\/p>\n<p>ABBAS AHMED \u2013 MESELE NE EVA<\/p>\n<p>HOGIR FATIH RASUL \u2013 SER KIZ NAKEM<\/p>\n<p>JAN AX\u00ceN \u2013 KUL \u00db KUL\u00ceLK<\/p>\n<p><strong>Ner\u00eena Azad<\/strong><\/p>\n<\/div>\n","protected":false},"excerpt":{"rendered":"<p>Son 13 y\u0131lda yay\u0131nlanm\u0131\u015f K\u00fcrt\u00e7e s\u00f6zl\u00fc \u015fark\u0131lar\u0131n s\u00f6zlerini ve gitar e\u015flik akorlar\u0131n\u0131 i\u00e7eren K\u00fcrt\u00e7e Gitar Repertuar\u0131 kitab\u0131 yay\u0131mland\u0131. Kitapta, pop\u00fclerlik derecesine bak\u0131lmaks\u0131z\u0131n K\u00fcrt M\u00fczi\u011fi\u2019ne katk\u0131 sa\u011flam\u0131\u015f \u00e7e\u015fitli sanat\u00e7\u0131 ve gruplar\u0131n par\u00e7alar\u0131 yer al\u0131yor. Kitab\u0131n bas\u0131n tan\u0131t\u0131m\u0131n\u0131 yapan Helezonik Kre\u015fendo, bu tip k\u00fclt\u00fcrel \u00e7al\u0131\u015fmalarla s\u00f6m\u00fcr\u00fc ve asimilasyona kar\u015f\u0131 m\u00fccadeleye g\u00fc\u00e7 vermeyi umduklar\u0131n\u0131 ifade etti. Ekip kitab\u0131, &hellip;<\/p>\n","protected":false},"author":32,"featured_media":23445,"comment_status":"open","ping_status":"open","sticky":false,"template":"","format":"standard","meta":{"footnotes":""},"categories":[698],"tags":[6575,6576,1616],"class_list":["post-23444","post","type-post","status-publish","format-standard","has-post-thumbnail","","category-muzik","tag-akor","tag-kurtce-gitar-repertuari","tag-manset"],"_links":{"self":[{"href":"https:\/\/candname.com\/tr\/index.php?rest_route=\/wp\/v2\/posts\/23444","targetHints":{"allow":["GET"]}}],"collection":[{"href":"https:\/\/candname.com\/tr\/index.php?rest_route=\/wp\/v2\/posts"}],"about":[{"href":"https:\/\/candname.com\/tr\/index.php?rest_route=\/wp\/v2\/types\/post"}],"author":[{"embeddable":true,"href":"https:\/\/candname.com\/tr\/index.php?rest_route=\/wp\/v2\/users\/32"}],"replies":[{"embeddable":true,"href":"https:\/\/candname.com\/tr\/index.php?rest_route=%2Fwp%2Fv2%2Fcomments&post=23444"}],"version-history":[{"count":1,"href":"https:\/\/candname.com\/tr\/index.php?rest_route=\/wp\/v2\/posts\/23444\/revisions"}],"predecessor-version":[{"id":23446,"href":"https:\/\/candname.com\/tr\/index.php?rest_route=\/wp\/v2\/posts\/23444\/revisions\/23446"}],"wp:featuredmedia":[{"embeddable":true,"href":"https:\/\/candname.com\/tr\/index.php?rest_route=\/wp\/v2\/media\/23445"}],"wp:attachment":[{"href":"https:\/\/candname.com\/tr\/index.php?rest_route=%2Fwp%2Fv2%2Fmedia&parent=23444"}],"wp:term":[{"taxonomy":"category","embeddable":true,"href":"https:\/\/candname.com\/tr\/index.php?rest_route=%2Fwp%2Fv2%2Fcategories&post=23444"},{"taxonomy":"post_tag","embeddable":true,"href":"https:\/\/candname.com\/tr\/index.php?rest_route=%2Fwp%2Fv2%2Ftags&post=23444"}],"curies":[{"name":"wp","href":"https:\/\/api.w.org\/{rel}","templated":true}]}}