{"id":23436,"date":"2024-04-13T07:55:17","date_gmt":"2024-04-13T04:55:17","guid":{"rendered":"https:\/\/candname.com\/tr\/?p=23436"},"modified":"2024-04-12T09:58:28","modified_gmt":"2024-04-12T06:58:28","slug":"dersim-katliaminda-surgun-edilmislerdi-mezarlari-85-yil-sonra-bulunabildi","status":"publish","type":"post","link":"https:\/\/candname.com\/tr\/?p=23436","title":{"rendered":"Dersim Katliam\u0131\u2019nda s\u00fcrg\u00fcn edilmi\u015flerdi: Mezarlar\u0131 85 y\u0131l sonra bulunabildi"},"content":{"rendered":"<p><strong>Dersim Katliam\u0131 s\u00fcrecinde Bilecik\u2019e s\u00fcrg\u00fcne g\u00f6nderilen Tan ailesinden G\u00fcll\u00fc (Goye) Tan\u2019\u0131n mezar yeri 85 y\u0131l\u0131n ard\u0131ndan bulunabildi.<\/strong><\/p>\n<p>Dersim Katliam\u0131 ma\u011fdurlar\u0131ndan Tan ailesi mensuplar\u0131, 1938 y\u0131l\u0131n\u0131n Eyl\u00fcl-Ekim aylar\u0131nda, Ovac\u0131k il\u00e7esinin \u00d6rtinik (Yoncal\u0131) k\u00f6y\u00fcnden \u00e7\u0131kar\u0131l\u0131p Bilecik\u2019e s\u00fcrg\u00fcne g\u00f6nderildi. Yakla\u015f\u0131k dokuz y\u0131ll\u0131k s\u00fcrg\u00fcn d\u00f6neminde ya\u015fam\u0131n\u0131 yitiren Tan ailesinden \u00fc\u00e7 birey Bilecik\u2019te defnedildi. Ancak ailenin geride kalanlar\u0131 o \u00fc\u00e7 ki\u015fiye ait mezar yerlerini bulmak i\u00e7in yo\u011fun \u00e7aba saf etti. S\u00fcrg\u00fcne g\u00f6nderilenlerin torunlar\u0131 taraf\u0131ndan, Tan ailesinden sadece bir ki\u015fiye ait mezar yeri bulunabildi.<\/p>\n<h1>12 N\u0130SAN\u2019DA B\u0130LEC\u0130K\u2019TE ANMA YAPILACAK<\/h1>\n<p>Pirha&#8217;dan Eren G\u00fcven&#8217;in\u00a0<a href=\"https:\/\/pirha.org\/dersim-katliaminda-bilecike-surgun-edilmislerdi-mezarlari-85-yil-sonra-bulunabildi-425537.html\/10\/04\/2024\/\" target=\"_blank\" rel=\"nofollow noopener\">haberine g\u00f6re,<\/a>\u00a0Ahmet Tan, b\u00fcy\u00fck u\u011fra\u015flar sonucu Bilecik\u2019te 1939 y\u0131l\u0131nda ya\u015fam\u0131n\u0131 yitiren babaanneleri G\u00fcll\u00fc Tan\u2019\u0131n mezar yerinin bulundu\u011funu aktard\u0131. Babalar\u0131n\u0131n uzun y\u0131llar boyunca mezar yerlerinin bulunmas\u0131 i\u00e7in \u00e7aba sarf etti\u011fini s\u00f6yleyen Ahmet Tan, \u201c12 Nisan 2016\u2019da babam\u0131z\u0131 yitirdik. Dedemizi de 13 Nisan 1981\u2019de yitirmi\u015ftik. O nedenle 12 Nisan\u2019\u0131 anma tarihi olarak belirledik\u201d dedi.<\/p>\n<h2>KUR\u015eUNA D\u0130Z\u0130LMEK \u0130\u00c7\u0130N BEKLET\u0130L\u0130RKEN S\u00dcRG\u00dcNE G\u00d6NDER\u0130LD\u0130LER<\/h2>\n<p>Ahmet Tan, ailesinin nas\u0131l s\u00fcrg\u00fcne g\u00f6nderildikleri konusunda da detaylar payla\u015ft\u0131. Tan ailesine mensup \u00e7ok say\u0131da bireyin farkl\u0131 k\u00f6ylere da\u011f\u0131t\u0131ld\u0131\u011f\u0131n\u0131 s\u00f6yleyen\u00a0Ahmet Tan, \u015fu aktar\u0131mda bulundu:<\/p>\n<p>\u201cAilemiz 1938 y\u0131l\u0131n\u0131n Eyl\u00fcl ya da Ekim ay\u0131nda Ovac\u0131k il\u00e7esinin Ortinik (Yoncal\u0131) k\u00f6y\u00fcnden \u00e7\u0131kar\u0131l\u0131p kafilelerle Elaz\u0131\u011f\u2019a kadar y\u00fcr\u00fct\u00fcl\u00fcr. Karao\u011flan Karakolu yak\u0131nlar\u0131nda kur\u015funa dizilmek i\u00e7in bekletilirken son bir emirle s\u00fcrg\u00fcne \u00e7\u0131kar\u0131lacaklar\u0131 ve kur\u015funa dizilmeyecekleri s\u00f6ylenir. Bu \u015fekilde kurtulurlar. Y\u00fcr\u00fcyerek Elaz\u0131\u011f\u2019a getirilirler. Orada b\u00fct\u00fcn kad\u0131nlar\u0131n sa\u00e7lar\u0131, erkeklerin sakal ve b\u0131y\u0131klar\u0131 olmak \u00fczere t\u0131ra\u015f edilir ve trene bindirilirler. D\u00f6rt g\u00fcn d\u00f6rt gece s\u00fcren yolculuktan sonra Bilecik ilinin Vezirhan istasyonunda trenden indirilirler. Orada her ailenin gidece\u011fi yer \u00f6nceden belirlenmi\u015ftir. Atl\u0131 arabalarla b\u00f6l\u00fcn\u00fcr ve g\u00f6nderilirler.<\/p>\n<p>Bu arada dedem, 2 ailedir. \u0130lk e\u015finden olan \u00e7ocuklar\u0131yla ikinci e\u015finden olan \u00e7ocuklar\u0131 ve ikinci e\u015fi ayr\u0131 ayr\u0131 k\u00f6ylere verilir. Karde\u015fi de bir ba\u015fka k\u00f6ye g\u00f6nderilir. Ayr\u0131ca ye\u011fenleri ve di\u011fer akrabalar\u0131n\u0131n hepsi de Bilecik\u2019in ayr\u0131 ayr\u0131 k\u00f6ylerine g\u00f6nderilirler ama kim hangi k\u00f6ye g\u00f6nderilir bilemez. O k\u00f6ylerden ya muhtarlar ya da ihtiyar heyetinden birileri, mutlaka o kafilelerin ba\u015f\u0131nda bulunmaktad\u0131r. Kendilerine verilen aileyi teslim alarak k\u00f6ylerine g\u00f6t\u00fcrmek \u00fczere yola \u00e7\u0131karlar. Bu arada bir tart\u0131\u015fma olur, dedem, ailesinin; iki e\u015finin de kendisiyle birlikte gelmesi gerekti\u011fini s\u00f6yler fakat kabul edilmez. \u00c7\u00fcnk\u00fc 1935\u2019te yap\u0131lan n\u00fcfus kayd\u0131nda soyadlar\u0131 ayr\u0131 olarak kaydedilmi\u015ftir. Dolay\u0131s\u0131yla ayr\u0131 ayr\u0131 k\u00f6ylere giderler.\u201d<\/p>\n<h3>&#8216;ACILARA DAYANAMAYIP \u00d6LD\u00dcLER&#8230;&#8217;<\/h3>\n<p>Ahmet Tan, dedesinin Bilecik ilinin G\u00f6lpazar\u0131 il\u00e7esinin Yumakl\u0131 k\u00f6y\u00fcne, babaannesi, amcalar\u0131 Mehmet ile \u015e\u00fckr\u00fc, babas\u0131 Ali Tan ve Emine halas\u0131yla birlikte \u00e7ok say\u0131da akrabas\u0131n\u0131n Bedi isimli k\u00f6ye g\u00f6nderildi\u011fini de belirtti. Ahmet Tan, s\u00fcrg\u00fcn sonras\u0131 Fatma isimli halalar\u0131n\u0131n ya\u015fam\u0131n\u0131 yitirip k\u00f6yde defnedildi\u011fini aktararak \u015f\u00f6yle devam etti:<\/p>\n<p>\u201cBizim aileden ilk \u00f6len odur. San\u0131yorum y\u0131l 1939\u2019dur. 1941 y\u0131l\u0131nda da Mehmet amcam aniden hastalan\u0131r ve \u00f6l\u00fcr. O da Bedi Mezarl\u0131\u011f\u0131na defnedilir. Onun ac\u0131s\u0131na dayanamayan babaannem de ne yaz\u0131k ki bir ay i\u00e7erisinde hayat\u0131n\u0131 kaybeder. O da o\u011flunun yan\u0131nda mezarl\u0131kta yerini al\u0131r. Tabii bu olaylardan sonra dedem Yumakl\u0131 k\u00f6y\u00fcnden Bedi\u2019ye ta\u015f\u0131nmak i\u00e7in ba\u015fvuruda bulunur ve kabul edilir. \u00c7\u00fcnk\u00fc orada \u00e7ocuklar\u0131 vard\u0131r.\u201d<\/p>\n<h4>S\u00dcRG\u00dcNDEN 9 YIL SONRA DERS\u0130M\u2019E GER\u0130 D\u00d6ND\u00dcLER!<\/h4>\n<p>1947 Y\u0131l\u0131nda \u00e7\u0131kan af ile birlikte ailenin geri kalanlar\u0131n\u0131n Dersim\u2019e geri d\u00f6nd\u00fcklerini belirten\u00a0Ahmet Tan, s\u00f6zlerini \u015fu c\u00fcmlelerle s\u00fcrd\u00fcrd\u00fc:<\/p>\n<p>\u201cHepsi Dersim\u2019e geri gelir ama mezarlar geride b\u0131rak\u0131l\u0131r. Babam 1980 y\u0131l\u0131ndan sonra \u015e\u00fckr\u00fc amcamla birlikte mezar yerlerinin bulunmas\u0131 i\u00e7in giri\u015fimde bulundu. Birlikte k\u00f6ye gittiler fakat mezarlar\u0131n yerlerini bilen kimse yoktu. En son 2009 y\u0131l\u0131nda biz, babamla aile olarak gittik. Yine mezarlar\u0131 bulamad\u0131k ve geri d\u00f6nd\u00fck. Halam Elaz\u0131\u011f\u2019dayd\u0131 ve bir yer tarif etmi\u015fti. \u2018Ben bug\u00fcn gitsem yerlerini bilirim\u2019 demi\u015fti ama ne yaz\u0131k ki halam\u0131 da o y\u0131l kaybettik. 2 Kas\u0131m 2022\u2019de \u2018Bedi K\u00f6y\u00fcn\u00fcn sesi\u2019 diye Facebook\u2019ta bir sayfaya denk geldim. O sayfa, k\u00f6yl\u00fcleri soylar\u0131 ile birlikte kendilerini tan\u0131tmaya davet ediyordu. Ben de kendimi orada mezarlar\u0131 bulunan bir ailenin ferdi olarak tan\u0131tt\u0131m ve sayfaya kabul edilmeyi istedim. Sa\u011f olsun muhtar, kabul etti ve durumu anlatt\u0131m.<\/p>\n<figure class=\"image align-center\"><img loading=\"lazy\" decoding=\"async\" src=\"https:\/\/i.gazeteduvar.com.tr\/storage\/files\/images\/2024\/04\/10\/af-esvk.jpg\" alt=\"\" width=\"1280\" height=\"720\" \/><figcaption>.<\/figcaption><\/figure>\n<p>Orada hi\u00e7bir \u015fey bulamasam bile bir ta\u015fa yaz\u0131 yazd\u0131r\u0131p mezarl\u0131kta yatan insanlar\u0131m\u0131z\u0131n isimlerini zikretmek istedi\u011fimizi s\u00f6yledim. Muhtar, her t\u00fcrl\u00fc yard\u0131mc\u0131 olabilece\u011fini s\u00f6yledi. Bir s\u00fcre sonra muhtar, bana mezar yerlerini bildi\u011fini s\u00f6yleyen birisini buldu\u011funu s\u00f6yledi. Bu vatanda\u015f Ahmet ad\u0131nda bir k\u00f6yl\u00fcym\u00fc\u015f. Mezarl\u0131\u011f\u0131n \u00fcst taraflar\u0131nda tarlalar\u0131 varm\u0131\u015f. Babas\u0131yla birlikte her gittiklerinde \u2018Bak o\u011flum, buras\u0131 Dersim\u2019den s\u00fcrg\u00fcn gelen insanlardan G\u00fcll\u00fc han\u0131m\u0131n mezar\u0131\u2019 diye her defas\u0131nda g\u00f6sterirmi\u015f.<\/p>\n<p>karde\u015fimiz de bize mezar yerini g\u00f6sterece\u011fini s\u00f6yledi ve ben 8 Kas\u0131m 2023\u2019te Bedi k\u00f6y\u00fcne gittim. Ahmet ve muhtarla bulu\u015ftum. Ard\u0131ndan mezar\u0131 yapacak arkada\u015fla birlikte mezarl\u0131\u011fa gittik. Sa\u011f olsunlar en k\u0131sa s\u00fcrede mezarl\u0131\u011f\u0131 da yapt\u0131lar ve mezarlardan birisinin en az\u0131ndan kesin yerini bildik. Oraya mezar yapt\u0131rd\u0131k ama yapt\u0131rd\u0131\u011f\u0131m ta\u015fa orada b\u0131rakt\u0131\u011f\u0131m\u0131z di\u011fer canlar\u0131m\u0131z\u0131n isimlerini de koydurdum. Bu babam ve amcam\u0131n, bize dolayl\u0131 vasiyetiydi belki de. Onlara bulmak nasip olmad\u0131. Oraya o isimleri yazd\u0131rmak torunlar\u0131na nasip oldu. Ne mutlu ki amcam ve babam\u0131n dolayl\u0131 vasiyetlerini yerine getirdim.\u201d<\/p>\n<p><strong>Gazete Duvar<\/strong><\/p>\n","protected":false},"excerpt":{"rendered":"<p>Dersim Katliam\u0131 s\u00fcrecinde Bilecik\u2019e s\u00fcrg\u00fcne g\u00f6nderilen Tan ailesinden G\u00fcll\u00fc (Goye) Tan\u2019\u0131n mezar yeri 85 y\u0131l\u0131n ard\u0131ndan bulunabildi. Dersim Katliam\u0131 ma\u011fdurlar\u0131ndan Tan ailesi mensuplar\u0131, 1938 y\u0131l\u0131n\u0131n Eyl\u00fcl-Ekim aylar\u0131nda, Ovac\u0131k il\u00e7esinin \u00d6rtinik (Yoncal\u0131) k\u00f6y\u00fcnden \u00e7\u0131kar\u0131l\u0131p Bilecik\u2019e s\u00fcrg\u00fcne g\u00f6nderildi. Yakla\u015f\u0131k dokuz y\u0131ll\u0131k s\u00fcrg\u00fcn d\u00f6neminde ya\u015fam\u0131n\u0131 yitiren Tan ailesinden \u00fc\u00e7 birey Bilecik\u2019te defnedildi. Ancak ailenin geride kalanlar\u0131 o \u00fc\u00e7 &hellip;<\/p>\n","protected":false},"author":32,"featured_media":23437,"comment_status":"open","ping_status":"open","sticky":false,"template":"","format":"standard","meta":{"footnotes":""},"categories":[3],"tags":[950,6570,1616,2066,4397],"class_list":["post-23436","post","type-post","status-publish","format-standard","has-post-thumbnail","","category-haber","tag-dersim","tag-katliam","tag-manset","tag-surgun","tag-tunceli"],"_links":{"self":[{"href":"https:\/\/candname.com\/tr\/index.php?rest_route=\/wp\/v2\/posts\/23436","targetHints":{"allow":["GET"]}}],"collection":[{"href":"https:\/\/candname.com\/tr\/index.php?rest_route=\/wp\/v2\/posts"}],"about":[{"href":"https:\/\/candname.com\/tr\/index.php?rest_route=\/wp\/v2\/types\/post"}],"author":[{"embeddable":true,"href":"https:\/\/candname.com\/tr\/index.php?rest_route=\/wp\/v2\/users\/32"}],"replies":[{"embeddable":true,"href":"https:\/\/candname.com\/tr\/index.php?rest_route=%2Fwp%2Fv2%2Fcomments&post=23436"}],"version-history":[{"count":1,"href":"https:\/\/candname.com\/tr\/index.php?rest_route=\/wp\/v2\/posts\/23436\/revisions"}],"predecessor-version":[{"id":23438,"href":"https:\/\/candname.com\/tr\/index.php?rest_route=\/wp\/v2\/posts\/23436\/revisions\/23438"}],"wp:featuredmedia":[{"embeddable":true,"href":"https:\/\/candname.com\/tr\/index.php?rest_route=\/wp\/v2\/media\/23437"}],"wp:attachment":[{"href":"https:\/\/candname.com\/tr\/index.php?rest_route=%2Fwp%2Fv2%2Fmedia&parent=23436"}],"wp:term":[{"taxonomy":"category","embeddable":true,"href":"https:\/\/candname.com\/tr\/index.php?rest_route=%2Fwp%2Fv2%2Fcategories&post=23436"},{"taxonomy":"post_tag","embeddable":true,"href":"https:\/\/candname.com\/tr\/index.php?rest_route=%2Fwp%2Fv2%2Ftags&post=23436"}],"curies":[{"name":"wp","href":"https:\/\/api.w.org\/{rel}","templated":true}]}}