{"id":23433,"date":"2024-04-12T09:54:47","date_gmt":"2024-04-12T06:54:47","guid":{"rendered":"https:\/\/candname.com\/tr\/?p=23433"},"modified":"2024-04-12T09:54:47","modified_gmt":"2024-04-12T06:54:47","slug":"kendi-irkina-ihanet-eden-iki-kurt","status":"publish","type":"post","link":"https:\/\/candname.com\/tr\/?p=23433","title":{"rendered":"Kendi Irk\u0131na \u0130hanet Eden \u0130ki K\u00fcrt"},"content":{"rendered":"<p style=\"font-weight: 400;\">\u0130ttihatve Terakki Partisi \u0131rk\u00e7\u0131 oldu\u011fu i\u00e7in kuruldu\u011fu g\u00fcnden itibaren d\u00fc\u015fman g\u00f6z\u00fcyle K\u00fcrtlere bak\u0131yordu. A\u00e7\u0131k \u00f6rne\u011fi, \u015eeyh Abdusselam Barzani\u2019nin \u00f6l\u00fc veya diri getirene b\u00fcy\u00fck bir \u00f6d\u00fcl vaat etmi\u015fti. Ne yaz\u0131k ki paraya tapan ihanet\u00e7iler, kendi \u0131rk\u0131n\u0131n d\u00fc\u015fmanlar\u0131 yan\u0131nda yer alarak kendi milletine ihanet edenler oluyor.<\/p>\n<p style=\"font-weight: 400;\">\u015eeyh Abdusselam Barzani, \u015eikaki A\u015firet Reisi S\u0131mail A\u011fa (S\u0131mko A\u011fay\u0131) ziyaret eder. \u0130kisi beraber Tiflis\u2019e giderler. Orada Osmanl\u0131 egemenli\u011finden kurtulmak i\u00e7in m\u00fccadele veren K\u00fcrtleri destekleme vaadinde bulunan Rus \u00c7ar\u0131\u2019n\u0131n temsilcisiyle g\u00f6r\u00fc\u015f\u00fcrler. Geri d\u00f6n\u00fc\u015f yolunda Abdusselam selmast\u2019da S\u0131mko A\u011fadan ayr\u0131ld\u0131ktan sonra Genge\u00e7in k\u00f6y\u00fcnden ge\u00e7erken, k\u00f6y sahibi Sofi Avdo kendisine misafir olmalar\u0131 i\u00e7in \u00e7ok \u0131srar eder. \u015eeyh daveti kabul eder, \u015ferefsiz Sofi Avdo\u2019ya misafir olur. Korumalar\u0131yla beraber uykudayken, \u015ferefsiz ve ihanet\u00e7i Sofi Avdo ihanet ederek Abdusselam Barzani ve \u00fc\u00e7 korumas\u0131yla beraber yakalar. Siro denilen yerde T\u00fcrklere teslim eder. \u0130hanet\u00e7i Sofi Avdo\u2019ya bu ihanetin bedeli olan paray\u0131 verirler. \u015eeyh ve korumalar\u0131 Musul\u2019a g\u00f6nderildiler. Musul Valisi olan, \u0130ttihat ve Terakkici K\u00fcrt k\u00f6kenli S\u00fcleyman Nazif sembolik bir yarg\u0131lamayla Abdusselam Barzani ve korumalar\u0131n\u0131 14 Aral\u0131k 1914 g\u00fcn\u00fc infaz eder. Ba\u015fka bir rivayete g\u00f6re \u015eeyh Ocak 1915\u2019te idam edilmi\u015ftir.\u00a0<b><strong><em>\u201cK\u00f6rm\u0131 dar\u0131 j\u0131 dar\u0131 neb\u0131 dar pu\u00e7 nab\u0131\u201d<\/em><\/strong><\/b><\/p>\n<p style=\"font-weight: 400;\">Hitlerin s\u00f6z\u00fcd\u00fcr: Her t\u00fcrl\u00fc su\u00e7 ve ceza af edilir. Amma ihanet af edilmez. S\u00fcleyman Nazif, Diyarbak\u0131rl\u0131 bir K\u00fcrt\u2019t\u00fcr. Al\u00e7ak\u00e7a kendi milletine ihanet eden bir ki\u015fidir. Kendi milletine ihanet eden ki\u015fi, ba\u015fka milletlere de ihanet eder.<\/p>\n<p style=\"font-weight: 400;\">Merhum Mele Mustafa Barzani hen\u00fcz 11 ya\u015f\u0131ndad\u0131r.\u00a0 Abisinin \u00f6l\u00fcs\u00fcn\u00fc dara\u011fac\u0131nda g\u00f6rd\u00fc\u011f\u00fc zaman a\u011flam\u0131yor.\u00a0<b><strong><em>\u201cDiyor hi\u00e7bir zaman d\u00fc\u015fmanlar\u0131ma teslim olmayaca\u011f\u0131m.\u201d<\/em><\/strong><\/b><\/p>\n<p style=\"font-weight: 400;\">Abdusselam Barzani\u2019nin \u00f6l\u00fcm\u00fcnden sonra, karde\u015fi \u015eeyh Ahmet Barzani, Barzaniler b\u00f6lgesinde ki K\u00fcrtleri y\u00f6netir.\u00a0 Birinci D\u00fcnya Petrol Payla\u015f\u0131m Sava\u015f\u0131ndan sonra, \u0130ngiltere, K\u00fcrdistan\u2019\u0131 d\u00f6rt par\u00e7aya b\u00f6ld\u00fcler ve Araplara yirmi iki tane devlet kurdular.<\/p>\n<p style=\"font-weight: 400;\">Kurduklar\u0131 devletlerden biri Irak Devletidir. Ajan Lavrence\u2019nin belirledi\u011fi Mekke \u015eerifi\u2019nin o\u011flu Faysal\u2019\u0131, Irak Krall\u0131\u011f\u0131na getirdiler. Krall\u0131k koltu\u011funa oturan Faysal zaman ge\u00e7irmeden, devletsiz kalan K\u00fcrtlere kar\u015f\u0131 sava\u015f ba\u015flatt\u0131. Irak Devleti, K\u00fcrtlerle sava\u015f\u0131rken, al\u00e7ak \u0130ngilizlerin sava\u015f u\u00e7aklar\u0131 da K\u00fcrtleri bombalamaya ba\u015flad\u0131lar.<\/p>\n<p style=\"font-weight: 400;\">Ocak 1946\u2019da K\u00fcrtler kendi kaderlerini tayin etme hakk\u0131 ve egemenlik haklar\u0131 i\u00e7in resmen Birle\u015fmi\u015f Milletlere resmen ba\u015fvurdu.\u00a0<sup>(1)<\/sup><\/p>\n<p style=\"font-weight: 400;\">Barzani ailesinde bir grup insanlar, T\u00fcrkiye\u2019ye s\u0131\u011f\u0131nmak zorunda kald\u0131lar. T\u00fcrk Devleti \u015eeyh Ahmet Barzani\u2019yi Eski\u015fehir\u2019e s\u00fcrg\u00fcn ettiler.<\/p>\n<p style=\"font-weight: 400;\">\u00a0B\u00fcy\u00fck insan Mele Mustafa Barzani 32 ya\u015f\u0131na geldi\u011fi zaman b\u00fct\u00fcn sorumluklar\u0131 omzuna alarak abesi \u015eeyh Ahmet Barzani den y\u00f6netimi devir al\u0131r.\u00a075 ya\u015f\u0131na kadar da\u011flarda ve at s\u0131rt\u0131nda defalarca Araplara kar\u015f\u0131 y\u0131llarca sava\u015ft\u0131.\u00a0Ne yaz\u0131k ki tedavisi m\u00fcmk\u00fcn olmayan akci\u011fer kanserine yakaland\u0131. Tedavi i\u00e7in ABD\u2019ye g\u00f6t\u00fcrd\u00fcler. 1 Mart 1979 g\u00fcn\u00fc vefat etti.<\/p>\n<p style=\"font-weight: 400;\">1936 y\u0131l\u0131nda bir g\u00fcn Musul Valisi \u0130m\u00e2deddin Zengi, Merhum Mele Mustafa Barzani\u2019yi makam\u0131na \u00e7a\u011f\u0131r\u0131r ve kendisine zehirli bir kahve ikram eder. Zehirli kahveyi i\u00e7en Mustafa Barzani mutlak \u00f6l\u00fcmden \u015fa\u015f\u0131lacak \u015fekilde kurtulur. Mustafa Barzani direncini k\u0131rmadan inad\u0131na ya\u015famaya devam eder.<\/p>\n<p style=\"font-weight: 400;\"><a href=\"https:\/\/www.google.com\/search?sca_esv=292e527dce65be8d&amp;sca_upv=1&amp;sxsrf=ACQVn09qyapoFxdFRhF8H55UuuctGtA5tQ:1712685512084&amp;q=MedStar+Georgetown+University+Hospital&amp;stick=H4sIAAAAAAAAAONgVuLSz9U3MCorNjKvfMRoyi3w8sc9YSmdSWtOXmNU4-IKzsgvd80rySypFJLgYoOy-KR4uJC08SxiVfNNTQkuSSxScE_NL0pPLckvz1MIzcssSy0qBmpQ8MgvLsgsScwBAMGLhitvAAAA&amp;sa=X&amp;ved=2ahUKEwiB17zc2rWFAxWfBdsEHZ5BBBEQzIcDKAB6BAgYEAE\">1 Mart 1979, Med Star Georgetown University Hospital, Washington ABD<\/a><\/p>\n<p style=\"font-weight: 400;\">Z\u0131nar S\u0131lopi Doza K\u00fcrdistan kitab\u0131nda yazm\u0131\u015f, \u00c7ermikli Zaza Tevfik\u2019in o\u011flu Ziya G\u00f6kalp. Ziya G\u00f6kalp\u2019ta, S\u00fcleyman Nazif gibi \u0130ttihat ve Terakki Partisinde yer alarak kendi milletine resmen ihanet eder.<\/p>\n<p style=\"font-weight: 400;\">Ziya G\u00f6kalp, \u0130stanbul\u2019da \u00fcniversite de okudu\u011fu y\u0131llarda, Xelil Xeyali yurtsever bir K\u00fcrt olarak \u00fcniversite de memur olarak \u00e7al\u0131\u015f\u0131yordu. K\u00fcrdistan\u2019dan giden \u00f6\u011frencilerle ilgileniyordu. Ziya G\u00f6kalp\u2019la tan\u0131\u015farak ili\u015fkilerini geli\u015ftirir. \u0130kisi beraber K\u00fcrt\u00e7e gramer (dilbilgisi) K\u00fcrt\u00e7e ferheng (s\u00f6zl\u00fck) yazmaya ba\u015flarlar. O d\u00f6nemde \u0130ttihat ve Terakkiciler her gece ayr\u0131 bir evde toplan\u0131yorlar. Ama\u00e7lar\u0131 Osmanl\u0131 Padi\u015fah\u0131 II. Abd\u00fclhamit\u2019i tahttan indirmekti. Padi\u015fah devletin imk\u00e2nlar\u0131n\u0131 kullanarak gereken tedbirleri almaya \u00e7al\u0131\u015f\u0131yor. Art\u0131k Ziya G\u00f6kalp, \u0130stanbul\u2019da ya\u015fama imk\u00e2n\u0131 kalmay\u0131nca Diyarbak\u0131r\u2019a gelmek zorunda kal\u0131yor. Belli bir s\u00fcre sonra Diyarbak\u0131r\u2019dan Selanik\u2019e gider \u0130ttihat ve Terakki Partisinin kongresine kat\u0131l\u0131r. Oradan \u0130stanbul\u2019a d\u00f6ner. Xelil Xeyali diyor kitaplar\u0131 tamamlad\u0131n m\u0131? Ziya G\u00f6kalp diyor kitaplar\u0131 yakt\u0131m. Xeli Xeyal\u0131 ili\u015fkisini kesiyor.<\/p>\n<p style=\"font-weight: 400;\">1923 y\u0131l\u0131n\u0131n ilk iki ay\u0131nda Ziya G\u00f6kalp T\u00fcrk kimli\u011fi konusundaki d\u00fc\u015f\u00fcnceleri \u00f6zelliklede ulusun \u00f6zg\u00fcn bir k\u00fclt\u00fcr\u00fcn d\u0131\u015fa vurmas\u0131 oldu\u011fu g\u00f6r\u00fc\u015f\u00fc hen\u00fcz kurulmam\u0131\u015f yeni cumhuriyetin s\u0131n\u0131rlar\u0131 i\u00e7inde ya\u015fayan herkesin T\u00fcrk kimli\u011fine sahip oldu\u011funun kabul edilmesi olarak anla\u015f\u0131ld\u0131. Kendi \u0131rk\u0131na ihanet etti\u011fi apa\u00e7\u0131k olarak g\u00f6r\u00fcn\u00fcyor. Daha sonra ni\u00e7in intihar etmek i\u00e7in kendi kafas\u0131na kur\u015fun s\u0131kt\u0131\u011f\u0131n\u0131 anlam\u0131yorum. Dr. Abdullah Cevdet demi\u015f tedavi etti\u011fime pi\u015fman\u0131m. Ruh hastas\u0131 olmayan bir ki\u015fi kesinlikle intihar etmiyor. Bizler bunu psikoloji ders kitab\u0131nda okuduk. Ancak ruh hastas\u0131 olanlar bunal\u0131ma girdikleri zaman, kurtulu\u015f yolunu bulamad\u0131klar\u0131 i\u00e7in intihar ediyorlar.<\/p>\n<p style=\"font-weight: 400;\">Ziya G\u00f6kalp, K\u00fcrtlerin yeni cumhuriyetin i\u00e7ine kat\u0131lmadan \u00f6nce yazm\u0131\u015f. Kemalist politikalar\u0131na kar\u015f\u0131 K\u00fcrtlerin isyan edece\u011fini g\u00f6rmeden \u00f6ld\u00fc. K\u00fcrtleri ayr\u0131 bir ulus olarak g\u00f6rd\u00fc. K\u00fcrtlerin, T\u00fcrk k\u00f6kenli olmaktan \u00e7ok, \u0130ran k\u00f6kenli olduklar\u0131n\u0131 biliyordu. G\u00f6kalp resmen K\u00fcrt milletine ihanet ediyor. K\u00fcrtlerin tarihi 12 bin y\u0131llar\u0131na a\u015fk\u0131nd\u0131r. K\u00fcrtler be\u015f defa devlet kurmu\u015flar.<\/p>\n<p style=\"font-weight: 400;\">I.B\u00fcy\u00fck Loran Devleti MS: 922\u2019de kuruldu. K\u00fcrt Devletini kuranlar Fadleviye hanedanl\u0131\u011f\u0131d\u0131r.<\/p>\n<p style=\"font-weight: 400;\">II.Dilmeyan (Paweyan) Devleti MS: 942\u2019de Emevi halifeli\u011fi y\u0131k\u0131ld\u0131ktan sonra Muaz El Decle Paweyan Devletini kurdu. Ba\u011fdat\u2019\u0131 ald\u0131ktan sonra halifeli\u011fin hi\u00e7bir rol\u00fc kalmad\u0131. Halifeler yaln\u0131z hutbe okuyorlard\u0131.<\/p>\n<p style=\"font-weight: 400;\">III.H\u00fcsnevi Devleti: Araplar K\u00fcrdistan\u0131 i\u015fgal etti\u011fi zaman \u015fehr\u0131zor\u2019un k\u00f6kl\u00fc ailelerinden H\u00fcseyin o\u011flu Hasnevi \u00f6nc\u00fcl\u00fc\u011f\u00fcnde de K\u00fcrtler, Araplara kar\u015f\u0131 \u00f6zg\u00fcrl\u00fck sava\u015f\u0131na ba\u015flad\u0131lar. Kahraman K\u00fcrt sava\u015f\u00e7\u0131lar\u0131 Ba\u011fdat saltanat\u0131na kar\u015f\u0131 981\u2019de harekete ge\u00e7erek Araplar\u0131n Ba\u011fdat\u2019tan g\u00f6nderdikleri b\u00fct\u00fcn ordular\u0131 yendiler. Dinuz ve \u015fehr\u0131zor \u00fclkelerini alarak ba\u011f\u0131ms\u0131zl\u0131klar\u0131n\u0131 ilan ettiler. H\u00fcsnevi Devleti 141 y\u0131ll\u0131k h\u00fck\u00fcmranl\u0131\u011f\u0131 d\u00f6neminde on bir h\u00fck\u00fcmdar de\u011fi\u015ftirerek y\u00f6netimini devam ettirdi. 1122 y\u0131l\u0131nda Tatarlar taraf\u0131ndan h\u00fck\u00fcmranl\u0131\u011f\u0131na son verildi.<\/p>\n<ol>\n<li style=\"font-weight: 400;\">Mervaniye Devleti: Mervan\u2019\u0131n o\u011flu Ahmet (Nas\u0131r El Devle) 1009 y\u0131l\u0131nda Diyarbak\u0131r\u2019da Mervani Devletini kurdu. Tam ba\u011f\u0131ms\u0131z olarak 91 y\u0131l devam etti. Mervani Devleti.<\/li>\n<li style=\"font-weight: 400;\">Eyyubi devleti: K\u00fcrt Selahattin\u2019i Eyyubi 1177 y\u0131l\u0131nda Eyyubi Devletini kurdu. Ha\u00e7l\u0131 seferlerinde b\u00fcy\u00fck kahramanl\u0131klar g\u00f6stererek K\u00fcrt Selahattin\u2019in kurdu\u011fu devlet tam 305 y\u0131l boyunca b\u00fcy\u00fck adalet bayra\u011f\u0131n\u0131 da dalgaland\u0131rd\u0131.<sup>(2)<\/sup><\/li>\n<\/ol>\n<p><strong>\u015eaban ASLAN-Nerinaazad.com<\/strong><\/p>\n<p style=\"font-weight: 400;\">KAYNAK: 1. Modern K\u00fcrt Tarihi David McDOWALL Doruk Yay\u0131nlar\u0131 Sayfa 395 \u0130stanbul<\/p>\n<ol start=\"2\">\n<li style=\"font-weight: 400;\">K\u00fcrdistan K\u0131sa Tarihi Ekrem Cemil Pa\u015fa Doz Yay\u0131nlar\u0131 1998 \u0130stanbul.<\/li>\n<\/ol>\n<p style=\"font-weight: 400;\">\u015eaban Aslan<\/p>\n<p style=\"font-weight: 400;\">\n<p style=\"font-weight: 400;\">\n<p style=\"font-weight: 400;\">\n<p style=\"font-weight: 400;\">\n","protected":false},"excerpt":{"rendered":"<p>\u0130ttihatve Terakki Partisi \u0131rk\u00e7\u0131 oldu\u011fu i\u00e7in kuruldu\u011fu g\u00fcnden itibaren d\u00fc\u015fman g\u00f6z\u00fcyle K\u00fcrtlere bak\u0131yordu. A\u00e7\u0131k \u00f6rne\u011fi, \u015eeyh Abdusselam Barzani\u2019nin \u00f6l\u00fc veya diri getirene b\u00fcy\u00fck bir \u00f6d\u00fcl vaat etmi\u015fti. Ne yaz\u0131k ki paraya tapan ihanet\u00e7iler, kendi \u0131rk\u0131n\u0131n d\u00fc\u015fmanlar\u0131 yan\u0131nda yer alarak kendi milletine ihanet edenler oluyor. \u015eeyh Abdusselam Barzani, \u015eikaki A\u015firet Reisi S\u0131mail A\u011fa (S\u0131mko A\u011fay\u0131) ziyaret &hellip;<\/p>\n","protected":false},"author":32,"featured_media":23434,"comment_status":"open","ping_status":"open","sticky":false,"template":"","format":"standard","meta":{"footnotes":""},"categories":[65],"tags":[5584,117,1616,6569,5753],"class_list":["post-23433","post","type-post","status-publish","format-standard","has-post-thumbnail","","category-forum","tag-ihanet","tag-kurtler","tag-manset","tag-milli-bilinc","tag-ziya-gokalp"],"_links":{"self":[{"href":"https:\/\/candname.com\/tr\/index.php?rest_route=\/wp\/v2\/posts\/23433","targetHints":{"allow":["GET"]}}],"collection":[{"href":"https:\/\/candname.com\/tr\/index.php?rest_route=\/wp\/v2\/posts"}],"about":[{"href":"https:\/\/candname.com\/tr\/index.php?rest_route=\/wp\/v2\/types\/post"}],"author":[{"embeddable":true,"href":"https:\/\/candname.com\/tr\/index.php?rest_route=\/wp\/v2\/users\/32"}],"replies":[{"embeddable":true,"href":"https:\/\/candname.com\/tr\/index.php?rest_route=%2Fwp%2Fv2%2Fcomments&post=23433"}],"version-history":[{"count":1,"href":"https:\/\/candname.com\/tr\/index.php?rest_route=\/wp\/v2\/posts\/23433\/revisions"}],"predecessor-version":[{"id":23435,"href":"https:\/\/candname.com\/tr\/index.php?rest_route=\/wp\/v2\/posts\/23433\/revisions\/23435"}],"wp:featuredmedia":[{"embeddable":true,"href":"https:\/\/candname.com\/tr\/index.php?rest_route=\/wp\/v2\/media\/23434"}],"wp:attachment":[{"href":"https:\/\/candname.com\/tr\/index.php?rest_route=%2Fwp%2Fv2%2Fmedia&parent=23433"}],"wp:term":[{"taxonomy":"category","embeddable":true,"href":"https:\/\/candname.com\/tr\/index.php?rest_route=%2Fwp%2Fv2%2Fcategories&post=23433"},{"taxonomy":"post_tag","embeddable":true,"href":"https:\/\/candname.com\/tr\/index.php?rest_route=%2Fwp%2Fv2%2Ftags&post=23433"}],"curies":[{"name":"wp","href":"https:\/\/api.w.org\/{rel}","templated":true}]}}