{"id":23402,"date":"2024-02-29T16:40:26","date_gmt":"2024-02-29T13:40:26","guid":{"rendered":"https:\/\/candname.com\/tr\/?p=23402"},"modified":"2024-02-29T16:41:00","modified_gmt":"2024-02-29T13:41:00","slug":"osmanli-devletinde-bir-kurt-asireti-asiti","status":"publish","type":"post","link":"https:\/\/candname.com\/tr\/?p=23402","title":{"rendered":"OSMANLI DEVLET\u0130\u2019NDE B\u0130R K\u00dcRT A\u015e\u0130RET\u0130 A\u015e\u00ceT\u00ce"},"content":{"rendered":"<p><strong>Yazar: <\/strong>Ercan G\u00fcm\u00fc\u015f-Recep Ayhan<\/p>\n<p>A\u015f\u00eet\u00ee A\u015firetiyle ilgili yaz\u0131lan bu monografi m\u00fcmtaz bir konumu i\u015fgal etmektedir ve bu itibarla \u00f6rnek bir \u00e7al\u0131\u015fmad\u0131r. \u0130\u00e7inde y\u00fczy\u0131llar\u0131n tortusunda kalarak mensuplar\u0131nca da unutulmu\u015f ve ilk defa ele al\u0131nan bir\u00e7ok tarihi bilgiyi yeniden g\u00f6zler \u00f6n\u00fcne seren bu \u00e7al\u0131\u015fma tarih bilincini iliklerimize kadar hissettirmeyi ba\u015farmaktad\u0131r.<\/p>\n<p>Eserde A\u015f\u00eet\u00ee isim terminolojisinden ba\u015flayarak Safevi tehdidine kar\u015f\u0131 Osmanl\u0131-K\u00fcrd ittifak\u0131n\u0131n n\u00fcve problemati\u011fi sorgulanmaktad\u0131r. Bu ittifak neticesinde K\u00fcrt h\u00e2kim, mir, \u00fcmera ve a\u015firet beylerinin Osmanl\u0131 b\u00fcnyesinde idari pozisyonlar\u0131n\u0131n irsen hukuk\u00ee prosed\u00fcre ba\u011flanmas\u0131na de\u011finilmektedir.<\/p>\n<p>Co\u011frafi sahada a\u015firetin nerelerde yay\u0131l\u0131m g\u00f6sterdi\u011finin yan\u0131 s\u0131ra Osmanl\u0131 tarihindeki s\u00fcreci kronikler, seyahatnameler, yerel tarih \u00e7al\u0131\u015fmalar\u0131 ve Osmanl\u0131 Ar\u015fivi\u2019nde bulunan m\u00fcteferrik vesikalar I\u015f\u0131\u011f\u0131nda irdelenmektedir. Bu \u00e7er\u00e7evede As\u00eet\u00ee\u2019nin Ak\u00e7akale, Nusaybin ve Hasankeyf\u2019ten ba\u015flayarak Mardin, Cizre, Midyat, Dara ve evresinde h\u00e2kimiyet tesisinde pay\u0131n\u0131n oldu\u011fu ve bu b\u00f6lgede \u00f6nemli tarihi tesirler b\u0131rakt\u0131\u011f\u0131 ortaya konulmaktad\u0131r. Ayr\u0131ca As\u00eet\u00ee Konfederasyonu&#8217;nun ula\u015ft\u0131\u011f\u0131 siyasi kapasite, Yukar\u0131 Kurmanc\u00ee\u2019nin (Kurmanciya Jor\u00een) alt diyalektlerinden birine a\u015firetin ismini verecek kadar tesir etmi\u015fti. A\u015f\u00eet\u00eelerin \u00f6zellikle Cizre Miri III. \u015eeref ile olan rekabetlerine y\u00f6nelik unutulmu\u015f anlat\u0131s\u0131n\u0131n vesikalarla ortaya konulmas\u0131, eserin \u00f6zg\u00fcnl\u00fc\u011f\u00fcn\u00fc kan\u0131tlayan \u00f6nemli bir kesittir. Eser Osmanl\u0131 Devleti\u2019ndeki a\u015firet idaresini ibtida\u00ee ili\u015fkilerin tesisinden Tanzimat s\u00fcrecine do\u011fru evrimini ortaya koymaktad\u0131r. Bu durum elbette eserin di\u011fer bir \u00f6zg\u00fcnl\u00fc\u011f\u00fcd\u00fcr.<\/p>\n<p>&nbsp;<\/p>\n<p>Fiyat: 170.00 tl<\/p>\n<p>ISBN: 978-625-6605-00-8<\/p>\n<p>Sayfa Say\u0131s\u0131: 200<\/p>\n<p>Dil: T\u00fcrk\u00e7e<\/p>\n<p>Kategori: Ara\u015ft\u0131rma<\/p>\n<p>Ebat:13.50, 21.00<\/p>\n<p>Kapak: karton<\/p>\n<p><strong>Yazar Ercan G\u00fcm\u00fc\u015f Kimdir?<\/strong><\/p>\n<p>Ercan G\u00fcm\u00fc\u015f 1976 Van Depremi\u2019nin y\u0131k\u0131m\u0131yla So\u011fuksu (Sar\u0131ks\u0131\/ A\u011fcac)\/Muradiye\u2019den Ankara\u2019ya g\u00f6\u00e7 eden bir ailede 1977 y\u0131l\u0131nda d\u00fcnyaya gelmi\u015ftir. \u0130lk, orta ve lise e\u011fitimine Ankara\u2019da devam eden yazar, 1996-2000 y\u0131llar\u0131 aras\u0131nda Diyarbak\u0131r\u2019da Dicle \u00dcniversitesi E\u011fitim Fak\u00fcltesi Tarih \u00d6\u011fretmenli\u011fi b\u00f6l\u00fcm\u00fcnde tahsilini s\u00fcrd\u00fcrd\u00fc. 2000-2009 y\u0131llar\u0131 aras\u0131nda Diyarbak\u0131r ve Ankara\u2019da MEB b\u00fcnyesinde \u00e7e\u015fitli okullarda \u00f6\u011fretmenlik yapt\u0131. Bu esnada Gazi \u00dcniversitesi SBE\u2019de lisans\u00fcst\u00fc \u00f6\u011frenimini devam ettirdi. 2009 y\u0131l\u0131nda Mardin Artuklu \u00dcniversitesi\u2019ne ge\u00e7ti. 2014 y\u0131l\u0131ndan bu yana ise ayn\u0131 kurumda \u00f6\u011fretim \u00fcyesi olarak \u00e7al\u0131\u015fmaktad\u0131r. Yazar\u0131n kitap, makale t\u00fcr\u00fcnden telif eserler yan\u0131nda terc\u00fcme \u00e7al\u0131\u015fmalar\u0131 da mevcuttur. Evli ve 3 \u00e7ocuk babas\u0131 olan yazar, akademik \u00e7al\u0131\u015fmalar\u0131n\u0131 s\u00fcrd\u00fcrmektedir.<\/p>\n<p>&nbsp;<\/p>\n<p><strong>Recep Ayhan Kimdir?<\/strong><\/p>\n<p>Recep Ayhan 1990 y\u0131l\u0131nda Batman\u2019da do\u011fdu. \u0130lk, orta ve lise \u00f6\u011frenimini Batman\u2019da tamamlad\u0131. 2013 y\u0131l\u0131nda Aksaray \u00dcniversitesi Tarih B\u00f6l\u00fcm\u00fc\u2019nden mezun oldu. Y\u00fcksek lisans derecesini 2016 y\u0131l\u0131nda F\u0131rat \u00dcniversitesi Tarih Anabilim Dal\u0131 Yak\u0131n\u00e7a\u011f Tarihi Bilim Dal\u0131\u2019ndan, doktora derecesini ise 2021 y\u0131l\u0131nda Mardin Artuklu \u00dcniversitesi Tarih Anabilim Dal\u0131\u2019ndan ald\u0131. \u015eehir tarihi, vak\u0131flar ve ihtida gibi konularda \u00e7al\u0131\u015fmalar\u0131 bulunmaktad\u0131r.<\/p>\n","protected":false},"excerpt":{"rendered":"<p>Yazar: Ercan G\u00fcm\u00fc\u015f-Recep Ayhan A\u015f\u00eet\u00ee A\u015firetiyle ilgili yaz\u0131lan bu monografi m\u00fcmtaz bir konumu i\u015fgal etmektedir ve bu itibarla \u00f6rnek bir \u00e7al\u0131\u015fmad\u0131r. \u0130\u00e7inde y\u00fczy\u0131llar\u0131n tortusunda kalarak mensuplar\u0131nca da unutulmu\u015f ve ilk defa ele al\u0131nan bir\u00e7ok tarihi bilgiyi yeniden g\u00f6zler \u00f6n\u00fcne seren bu \u00e7al\u0131\u015fma tarih bilincini iliklerimize kadar hissettirmeyi ba\u015farmaktad\u0131r. Eserde A\u015f\u00eet\u00ee isim terminolojisinden ba\u015flayarak Safevi tehdidine &hellip;<\/p>\n","protected":false},"author":32,"featured_media":23403,"comment_status":"open","ping_status":"open","sticky":false,"template":"","format":"standard","meta":{"footnotes":""},"categories":[25],"tags":[6555,1971,6554,6557,654,117,1616,6556],"class_list":["post-23402","post","type-post","status-publish","format-standard","has-post-thumbnail","","category-tarih","tag-asireta-asiti","tag-asiti","tag-asiti-asireti","tag-kurt-asireti","tag-kurt-asiretleri","tag-kurtler","tag-manset","tag-mirler"],"_links":{"self":[{"href":"https:\/\/candname.com\/tr\/index.php?rest_route=\/wp\/v2\/posts\/23402","targetHints":{"allow":["GET"]}}],"collection":[{"href":"https:\/\/candname.com\/tr\/index.php?rest_route=\/wp\/v2\/posts"}],"about":[{"href":"https:\/\/candname.com\/tr\/index.php?rest_route=\/wp\/v2\/types\/post"}],"author":[{"embeddable":true,"href":"https:\/\/candname.com\/tr\/index.php?rest_route=\/wp\/v2\/users\/32"}],"replies":[{"embeddable":true,"href":"https:\/\/candname.com\/tr\/index.php?rest_route=%2Fwp%2Fv2%2Fcomments&post=23402"}],"version-history":[{"count":1,"href":"https:\/\/candname.com\/tr\/index.php?rest_route=\/wp\/v2\/posts\/23402\/revisions"}],"predecessor-version":[{"id":23404,"href":"https:\/\/candname.com\/tr\/index.php?rest_route=\/wp\/v2\/posts\/23402\/revisions\/23404"}],"wp:featuredmedia":[{"embeddable":true,"href":"https:\/\/candname.com\/tr\/index.php?rest_route=\/wp\/v2\/media\/23403"}],"wp:attachment":[{"href":"https:\/\/candname.com\/tr\/index.php?rest_route=%2Fwp%2Fv2%2Fmedia&parent=23402"}],"wp:term":[{"taxonomy":"category","embeddable":true,"href":"https:\/\/candname.com\/tr\/index.php?rest_route=%2Fwp%2Fv2%2Fcategories&post=23402"},{"taxonomy":"post_tag","embeddable":true,"href":"https:\/\/candname.com\/tr\/index.php?rest_route=%2Fwp%2Fv2%2Ftags&post=23402"}],"curies":[{"name":"wp","href":"https:\/\/api.w.org\/{rel}","templated":true}]}}