{"id":23390,"date":"2024-02-26T19:53:59","date_gmt":"2024-02-26T16:53:59","guid":{"rendered":"https:\/\/candname.com\/tr\/?p=23390"},"modified":"2024-02-26T19:53:59","modified_gmt":"2024-02-26T16:53:59","slug":"nubihardan-iki-ciltli-tarihi-kitap","status":"publish","type":"post","link":"https:\/\/candname.com\/tr\/?p=23390","title":{"rendered":"N\u00fbbihar&#8217;dan iki Ciltli Tarihi Kitap"},"content":{"rendered":"<p><strong>Gerek\u00e7e ve H\u00fck\u00fcmleriyle \u015eark \u0130stiklal Mahkemesi Kararlar\u0131 (Kutulu, Cild: 1-2)<\/strong><\/p>\n<p><strong>Yazar: Mahmut Aky\u00fcrekli:<\/strong><\/p>\n<p>\u015eark \u0130stiklal Mahkemesi 1925-1927 y\u0131llar\u0131 aras\u0131nda 10 ya\u015f\u0131ndaki \u00e7ocuktan, 100 ya\u015f\u0131ndaki ya\u015fl\u0131ya kadar toplam 5055 ki\u015fiyi yarg\u0131lad\u0131: &#8211; 956 dosya kapsam\u0131nda temyiz hakk\u0131 olmayan 798 karar verdi. &#8211; 2663 ki\u015fi beraat etti. &#8211; 435 ki\u015fi idam edildi. &#8211; Ve y\u00fczlerce ki\u015fi de memleketinden s\u00fcrg\u00fcn edilerek hapis, &#8211; zorunlu ikamet, &#8211; memuriyetten men, &#8211; para cezas\u0131, kalebend, &#8211; prangabend ve k\u00fcrek cezas\u0131 gibi cezalara mahkum edildi.<\/p>\n<p>&nbsp;<\/p>\n<p>Fiyat: 650.00 tl<\/p>\n<p>ISBN: 978-6055-053-05-5<\/p>\n<p>Sayfa Say\u0131s\u0131: 1096<\/p>\n<p>Dil: T\u00fcrk\u00e7e<\/p>\n<p>Kategori: Ara\u015ft\u0131rma<\/p>\n<p>Ebat:16.50-24.00<\/p>\n<p>\u00d6zelik: 2 cilt bir arada, kutulu.<\/p>\n<p>Yay\u0131n Evi: N\u00fbbihar<\/p>\n<p>Not: Bu kitap iki ciltten olu\u015fmaktad\u0131r. Sat\u0131\u015f i\u00e7in 1. Cildin ISBN\u2019si kullan\u0131lmaktad\u0131r.<\/p>\n<p>&nbsp;<\/p>\n","protected":false},"excerpt":{"rendered":"<p>Gerek\u00e7e ve H\u00fck\u00fcmleriyle \u015eark \u0130stiklal Mahkemesi Kararlar\u0131 (Kutulu, Cild: 1-2) Yazar: Mahmut Aky\u00fcrekli: \u015eark \u0130stiklal Mahkemesi 1925-1927 y\u0131llar\u0131 aras\u0131nda 10 ya\u015f\u0131ndaki \u00e7ocuktan, 100 ya\u015f\u0131ndaki ya\u015fl\u0131ya kadar toplam 5055 ki\u015fiyi yarg\u0131lad\u0131: &#8211; 956 dosya kapsam\u0131nda temyiz hakk\u0131 olmayan 798 karar verdi. &#8211; 2663 ki\u015fi beraat etti. &#8211; 435 ki\u015fi idam edildi. &#8211; Ve y\u00fczlerce ki\u015fi de &hellip;<\/p>\n","protected":false},"author":32,"featured_media":23391,"comment_status":"open","ping_status":"open","sticky":false,"template":"","format":"standard","meta":{"footnotes":""},"categories":[1746],"tags":[6542,5541,6547,6544,1616,6546,6543,6541,6545],"class_list":["post-23390","post","type-post","status-publish","format-standard","has-post-thumbnail","","category-kitapcilik","tag-idam-mahkemeleri","tag-kurt-isyanlari","tag-kurt-kitaplari","tag-mahmut-akyurekli","tag-manset","tag-nubihar-yayinlari","tag-sark-istiklal-mahkemeleri","tag-sark-mahkemeleri","tag-tarih-kitaplari"],"_links":{"self":[{"href":"https:\/\/candname.com\/tr\/index.php?rest_route=\/wp\/v2\/posts\/23390","targetHints":{"allow":["GET"]}}],"collection":[{"href":"https:\/\/candname.com\/tr\/index.php?rest_route=\/wp\/v2\/posts"}],"about":[{"href":"https:\/\/candname.com\/tr\/index.php?rest_route=\/wp\/v2\/types\/post"}],"author":[{"embeddable":true,"href":"https:\/\/candname.com\/tr\/index.php?rest_route=\/wp\/v2\/users\/32"}],"replies":[{"embeddable":true,"href":"https:\/\/candname.com\/tr\/index.php?rest_route=%2Fwp%2Fv2%2Fcomments&post=23390"}],"version-history":[{"count":1,"href":"https:\/\/candname.com\/tr\/index.php?rest_route=\/wp\/v2\/posts\/23390\/revisions"}],"predecessor-version":[{"id":23392,"href":"https:\/\/candname.com\/tr\/index.php?rest_route=\/wp\/v2\/posts\/23390\/revisions\/23392"}],"wp:featuredmedia":[{"embeddable":true,"href":"https:\/\/candname.com\/tr\/index.php?rest_route=\/wp\/v2\/media\/23391"}],"wp:attachment":[{"href":"https:\/\/candname.com\/tr\/index.php?rest_route=%2Fwp%2Fv2%2Fmedia&parent=23390"}],"wp:term":[{"taxonomy":"category","embeddable":true,"href":"https:\/\/candname.com\/tr\/index.php?rest_route=%2Fwp%2Fv2%2Fcategories&post=23390"},{"taxonomy":"post_tag","embeddable":true,"href":"https:\/\/candname.com\/tr\/index.php?rest_route=%2Fwp%2Fv2%2Ftags&post=23390"}],"curies":[{"name":"wp","href":"https:\/\/api.w.org\/{rel}","templated":true}]}}