{"id":23360,"date":"2024-02-19T22:41:33","date_gmt":"2024-02-19T19:41:33","guid":{"rendered":"https:\/\/candname.com\/tr\/?p=23360"},"modified":"2024-02-19T22:42:41","modified_gmt":"2024-02-19T19:42:41","slug":"enstituya-kurdi-amed-anadil-semineri-duzenledi","status":"publish","type":"post","link":"https:\/\/candname.com\/tr\/?p=23360","title":{"rendered":"Enst\u00eetuya Kurd\u00ee Amed, anadil semineri d\u00fczenledi"},"content":{"rendered":"<p><strong>Enst\u00eetuya Kurd\u00ee Amed, D\u00fcnya Anadili G\u00fcn\u00fc dolay\u0131s\u0131yla seminer d\u00fczenledi. Seminerde K\u00fcrt\u00e7enin ya\u015fat\u0131lmas\u0131 ve dil m\u00fccadelesini b\u00fcy\u00fctme gereklili\u011fi vurguland\u0131<\/strong><\/p>\n<p>Enst\u00eetuya Kurd\u00ee Amed, 21 \u015eubat D\u00fcnya Anadili G\u00fcn\u00fc dolay\u0131s\u0131yla Amed\u2019de E\u011fitim ve Bilim Emek\u00e7ileri Sendikas\u0131 (E\u011fitim Sen) Amed 1 Nolu \u015eube\u2019de seminer ger\u00e7ekle\u015ftirdi.<\/p>\n<p>Moderat\u00f6rl\u00fc\u011f\u00fcn\u00fc Gazeteci G\u00fcl\u00e7in \u015eanl\u0131\u2019n\u0131n yapt\u0131\u011f\u0131 seminerde yazar ve \u00e7evirmen Saime Xakp\u00fbr, ara\u015ft\u0131rmac\u0131, dil bilimci Mehemed Malm\u00eesanij ile yazar ve yay\u0131nc\u0131 Deniz G\u00fcnd\u00fcz konu\u015ftu. K\u00fcrt\u00e7enin Kurmanc\u00ee ve Kirman\u00e7k\u00ee leh\u00e7elerinde yap\u0131lan seminerde Mehemed Malm\u00eesanij \u201cK\u00fcrt\u00e7e etimolojisi\u201d, Saime Xakp\u00fbr \u201cBakur ve Rojhilat\u2019da K\u00fcrt dili ve edebiyat\u0131\u201d, Deniz G\u00fcnd\u00fcz ise \u201cDilde standardizasyon\u201d \u00fczerine konu\u015ftu.<\/p>\n<p><strong>\u2018Zazaca yok olma tehlikesi alt\u0131nda\u2019<\/strong><\/p>\n<p>\u0130lk olarak K\u00fcrt etimolojisi \u00fczerine s\u00f6z alan Mehemed Malm\u00eesanij, dillere yap\u0131lan sald\u0131r\u0131lar, K\u00fcrt\u00e7enin leh\u00e7eleri aras\u0131nda Zazacan\u0131n \u00f6nemi ve neden geri kald\u0131\u011f\u0131, tarihte nerede oldu\u011fu \u00fczerine de\u011ferlendirmelerde bulundu. Zazacan\u0131n daha az konu\u015fuldu\u011funu kaydeden Malm\u00eesanij, Zazacan\u0131n yok olma tehlikesiyle kar\u015f\u0131 kar\u015f\u0131ya oldu\u011funu vurgulad\u0131. Malm\u00eesanij, Kurmanc\u00eenin de git gide T\u00fcrk\u00e7eye kayd\u0131\u011f\u0131n\u0131 ekledi.<\/p>\n<p>Daha sonra konu\u015fan Rojhilat\u2019\u0131n Urmiye kentinden olan Saime Xakp\u00fbr ise \u201cedebiyat ve K\u00fcrt edebiyat\u0131\u201d, \u201cRojhilat\u2019da K\u00fcrt dili ve edebiyat\u0131n\u0131n durumu\u201d \u00fczerinden sunum ger\u00e7ekle\u015ftirdi. Rojhilat\u2019ta K\u00fcrt\u00e7enin \u00f6zellikle son 5 y\u0131ld\u0131r ciddi bask\u0131 alt\u0131nda oldu\u011funu vurgulayan Saime Xakp\u00fbr, Arami alfabesinin dayat\u0131ld\u0131\u011f\u0131na dikkat \u00e7ekti. \u0130ran\u2019daki bask\u0131lar nedeniyle kitaplar\u0131n\u0131 farkl\u0131 \u00fclkelerde bast\u0131rd\u0131\u011f\u0131n\u0131 belirten Xakp\u00fbr, Rojhilat\u2019ta buna ra\u011fmen yine de K\u00fcrtlerin dil m\u00fccadelesinden vazge\u00e7medi\u011fini ifade etti. Xakp\u00fbr, Kurdistan\u2019da T\u00fcrk\u00e7enin yayg\u0131nla\u015fmas\u0131n\u0131 ise ele\u015ftirerek, bu konuda hassas olunmas\u0131, dilin korunmas\u0131 ve dil m\u00fccadelesine ilginin art\u0131r\u0131lmas\u0131 gerekti\u011finin alt\u0131n\u0131 \u00e7izdi.<\/p>\n<p><strong>\u00c7\u00f6z\u00fcm \u00f6nerilerini payla\u015ft\u0131<\/strong><\/p>\n<p>Son olarak sunum yapan Deniz G\u00fcnd\u00fcz de \u201cDilde standardizasyon\u201d ba\u015fl\u0131\u011f\u0131 alt\u0131nda de\u011ferlendirmelerde bulundu. Bir dilin standardize edilme s\u00fcrecini d\u00fcnyadaki farkl\u0131 dilleri de \u00f6rnek g\u00f6stererek anlatan G\u00fcnd\u00fcz, K\u00fcrt\u00e7ede uygulanan metotlar \u00fczerinde durarak, K\u00fcrt\u00e7enin \u00f6n\u00fcndeki engelleri hem politik hem de toplumsal a\u00e7\u0131dan de\u011ferlendirdi. \u00d6zellikle Zazacan\u0131n kar\u015f\u0131 kar\u015f\u0131ya oldu\u011fu tehlikeleri anlatan G\u00fcnd\u00fcz, K\u00fcrtlerin kendi diline sahip \u00e7\u0131kmamas\u0131n\u0131n nedenlerini ve \u00e7\u00f6z\u00fcm \u00f6nerilerini payla\u015ft\u0131.<\/p>\n<p>Seminer ara ara kat\u0131l\u0131mc\u0131lar\u0131n sordu\u011fu sorular ile s\u00fcrd\u00fc.<\/p>\n<p><strong>Kaynak: JinNews<\/strong><\/p>\n","protected":false},"excerpt":{"rendered":"<p>Enst\u00eetuya Kurd\u00ee Amed, D\u00fcnya Anadili G\u00fcn\u00fc dolay\u0131s\u0131yla seminer d\u00fczenledi. Seminerde K\u00fcrt\u00e7enin ya\u015fat\u0131lmas\u0131 ve dil m\u00fccadelesini b\u00fcy\u00fctme gereklili\u011fi vurguland\u0131 Enst\u00eetuya Kurd\u00ee Amed, 21 \u015eubat D\u00fcnya Anadili G\u00fcn\u00fc dolay\u0131s\u0131yla Amed\u2019de E\u011fitim ve Bilim Emek\u00e7ileri Sendikas\u0131 (E\u011fitim Sen) Amed 1 Nolu \u015eube\u2019de seminer ger\u00e7ekle\u015ftirdi. Moderat\u00f6rl\u00fc\u011f\u00fcn\u00fc Gazeteci G\u00fcl\u00e7in \u015eanl\u0131\u2019n\u0131n yapt\u0131\u011f\u0131 seminerde yazar ve \u00e7evirmen Saime Xakp\u00fbr, ara\u015ft\u0131rmac\u0131, dil bilimci &hellip;<\/p>\n","protected":false},"author":32,"featured_media":23361,"comment_status":"open","ping_status":"open","sticky":false,"template":"","format":"standard","meta":{"footnotes":""},"categories":[3],"tags":[6530,6531,6527,6528,6525,3581,161,6529,141,1616,6526,559,244],"class_list":["post-23360","post","type-post","status-publish","format-standard","has-post-thumbnail","","category-haber","tag-dunya-anadil-gunu","tag-dunya-anadili-gunu","tag-egitim-sen","tag-enstituya-kurdi-amed","tag-jinnews","tag-kesk","tag-kurmanci","tag-kurt-ensititu","tag-kurtce","tag-manset","tag-yeni-yasam","tag-zazaca","tag-zazaki"],"_links":{"self":[{"href":"https:\/\/candname.com\/tr\/index.php?rest_route=\/wp\/v2\/posts\/23360","targetHints":{"allow":["GET"]}}],"collection":[{"href":"https:\/\/candname.com\/tr\/index.php?rest_route=\/wp\/v2\/posts"}],"about":[{"href":"https:\/\/candname.com\/tr\/index.php?rest_route=\/wp\/v2\/types\/post"}],"author":[{"embeddable":true,"href":"https:\/\/candname.com\/tr\/index.php?rest_route=\/wp\/v2\/users\/32"}],"replies":[{"embeddable":true,"href":"https:\/\/candname.com\/tr\/index.php?rest_route=%2Fwp%2Fv2%2Fcomments&post=23360"}],"version-history":[{"count":1,"href":"https:\/\/candname.com\/tr\/index.php?rest_route=\/wp\/v2\/posts\/23360\/revisions"}],"predecessor-version":[{"id":23362,"href":"https:\/\/candname.com\/tr\/index.php?rest_route=\/wp\/v2\/posts\/23360\/revisions\/23362"}],"wp:featuredmedia":[{"embeddable":true,"href":"https:\/\/candname.com\/tr\/index.php?rest_route=\/wp\/v2\/media\/23361"}],"wp:attachment":[{"href":"https:\/\/candname.com\/tr\/index.php?rest_route=%2Fwp%2Fv2%2Fmedia&parent=23360"}],"wp:term":[{"taxonomy":"category","embeddable":true,"href":"https:\/\/candname.com\/tr\/index.php?rest_route=%2Fwp%2Fv2%2Fcategories&post=23360"},{"taxonomy":"post_tag","embeddable":true,"href":"https:\/\/candname.com\/tr\/index.php?rest_route=%2Fwp%2Fv2%2Ftags&post=23360"}],"curies":[{"name":"wp","href":"https:\/\/api.w.org\/{rel}","templated":true}]}}