{"id":23315,"date":"2024-02-03T09:43:08","date_gmt":"2024-02-03T06:43:08","guid":{"rendered":"https:\/\/candname.com\/tr\/?p=23315"},"modified":"2024-02-03T09:43:08","modified_gmt":"2024-02-03T06:43:08","slug":"kurtce-secmeli-dersler-icin-12-subata-kadar-basvuru-yapilabilecek","status":"publish","type":"post","link":"https:\/\/candname.com\/tr\/?p=23315","title":{"rendered":"K\u00fcrt\u00e7e se\u00e7meli dersler i\u00e7in 12 \u015eubat\u2019a kadar ba\u015fvuru yap\u0131labilecek"},"content":{"rendered":"<p>Ortaokullarda 2024-2025 e\u011fitim ve \u00f6\u011fretim y\u0131l\u0131nda okutulacak se\u00e7meli dersleri tercih s\u00fcreci 30 Ocak tarihinde ba\u015flad\u0131.<\/p>\n<p>Milli E\u011fitim Bakanl\u0131\u011f\u0131\u2019na (MEB) orta dereceli okullarda (5, 6, 7 ve 8. S\u0131n\u0131flar) Ya\u015fayan Diller ve Leh\u00e7eler dersi kapsam\u0131nda, K\u00fcrt\u00e7enin Kurmanc\u00ee ve Zazak\u00ee leh\u00e7eleri se\u00e7meli dersler aras\u0131nda yer al\u0131yor.<\/p>\n<p>Ortaokullarda, 2024-2025 e\u011fitim ve \u00f6\u011fretim y\u0131l\u0131nda se\u00e7meli derslerin tercih s\u00fcreci 30 Ocak 2024 tarihinde ba\u015flad\u0131.<\/p>\n<div class=\"adpro desktop-ad text-center mb-3\">\n<div id=\"div-gpt-ad-1644925058707-0\" data-google-query-id=\"CPCdrenHjoQDFRnjuwgdgrQIQw\">\n<div id=\"google_ads_iframe_\/57135183\/in-read-duvar_0__container__\"><iframe loading=\"lazy\" class=\"\" src=\"about:blank\" width=\"300px\" height=\"250px\" frameborder=\"no\" scrolling=\"no\" data-mce-fragment=\"1\"><\/iframe><\/div>\n<\/div>\n<\/div>\n<p>Mill\u00ee E\u011fitim Bakanl\u0131\u011f\u0131 Temel E\u011fitim Genel M\u00fcd\u00fcrl\u00fc\u011f\u00fc\u2019nden yap\u0131lan a\u00e7\u0131klamaya g\u00f6re, okullarda en az 10 \u00f6\u011frencinin ayn\u0131 dersi se\u00e7mesi durumunda ilgili se\u00e7meli ders okutulabilecek.<\/p>\n<p>Rudaw&#8217;da yer alan habere g\u00f6re, ge\u00e7mi\u015f y\u0131llarda K\u00fcrt\u00e7e se\u00e7meli dersler \u00f6n\u00fcndeki engellerden biri de yeterli say\u0131da \u00f6\u011fretmen bulunmamas\u0131yd\u0131.<\/p>\n<p>Bakanl\u0131\u011f\u0131n a\u00e7\u0131klamas\u0131na g\u00f6re, okullarda ilgili alanda yeterli say\u0131da \u00f6\u011fretmenin bulunmad\u0131\u011f\u0131 derslerin se\u00e7ilmesi h\u00e2linde \u00f6ncelikle, di\u011fer okullardan maa\u015f\/ek ders kar\u015f\u0131l\u0131\u011f\u0131 g\u00f6revlendirmeler yoluyla \u00f6\u011fretmen g\u00f6revlendirilecek, bunun da m\u00fcmk\u00fcn olmad\u0131\u011f\u0131 h\u00e2llerde \u00fccretli \u00f6\u011fretmen g\u00f6revlendirilmek suretiyle bu dersler okutulabilecek.<\/p>\n<p>Ya\u015fayan Diller ve Leh\u00e7eler (5, 6, 7 ve 8. s\u0131n\u0131flar) dersi kapsam\u0131nda okutulan se\u00e7meli Kurmanc\u00ee ve Zazak\u00ee ders taleplerini \u00f6\u011frenciler ve velileri elektronik ortamda veya yaz\u0131l\u0131 olarak 12 \u015eubat 2024 tarihine kadar iletmesi ve e-okul sistemine i\u015flenmesi gerekiyor.<\/p>\n<p><strong>Gazete Duvar<\/strong><\/p>\n","protected":false},"excerpt":{"rendered":"<p>Ortaokullarda 2024-2025 e\u011fitim ve \u00f6\u011fretim y\u0131l\u0131nda okutulacak se\u00e7meli dersleri tercih s\u00fcreci 30 Ocak tarihinde ba\u015flad\u0131. Milli E\u011fitim Bakanl\u0131\u011f\u0131\u2019na (MEB) orta dereceli okullarda (5, 6, 7 ve 8. S\u0131n\u0131flar) Ya\u015fayan Diller ve Leh\u00e7eler dersi kapsam\u0131nda, K\u00fcrt\u00e7enin Kurmanc\u00ee ve Zazak\u00ee leh\u00e7eleri se\u00e7meli dersler aras\u0131nda yer al\u0131yor. Ortaokullarda, 2024-2025 e\u011fitim ve \u00f6\u011fretim y\u0131l\u0131nda se\u00e7meli derslerin tercih s\u00fcreci 30 &hellip;<\/p>\n","protected":false},"author":32,"featured_media":23316,"comment_status":"open","ping_status":"open","sticky":false,"template":"","format":"standard","meta":{"footnotes":""},"categories":[3],"tags":[245,161,141,1616,6481,559,244],"class_list":["post-23315","post","type-post","status-publish","format-standard","has-post-thumbnail","","category-haber","tag-dimilki","tag-kurmanci","tag-kurtce","tag-manset","tag-secmeli-ders","tag-zazaca","tag-zazaki"],"_links":{"self":[{"href":"https:\/\/candname.com\/tr\/index.php?rest_route=\/wp\/v2\/posts\/23315","targetHints":{"allow":["GET"]}}],"collection":[{"href":"https:\/\/candname.com\/tr\/index.php?rest_route=\/wp\/v2\/posts"}],"about":[{"href":"https:\/\/candname.com\/tr\/index.php?rest_route=\/wp\/v2\/types\/post"}],"author":[{"embeddable":true,"href":"https:\/\/candname.com\/tr\/index.php?rest_route=\/wp\/v2\/users\/32"}],"replies":[{"embeddable":true,"href":"https:\/\/candname.com\/tr\/index.php?rest_route=%2Fwp%2Fv2%2Fcomments&post=23315"}],"version-history":[{"count":1,"href":"https:\/\/candname.com\/tr\/index.php?rest_route=\/wp\/v2\/posts\/23315\/revisions"}],"predecessor-version":[{"id":23317,"href":"https:\/\/candname.com\/tr\/index.php?rest_route=\/wp\/v2\/posts\/23315\/revisions\/23317"}],"wp:featuredmedia":[{"embeddable":true,"href":"https:\/\/candname.com\/tr\/index.php?rest_route=\/wp\/v2\/media\/23316"}],"wp:attachment":[{"href":"https:\/\/candname.com\/tr\/index.php?rest_route=%2Fwp%2Fv2%2Fmedia&parent=23315"}],"wp:term":[{"taxonomy":"category","embeddable":true,"href":"https:\/\/candname.com\/tr\/index.php?rest_route=%2Fwp%2Fv2%2Fcategories&post=23315"},{"taxonomy":"post_tag","embeddable":true,"href":"https:\/\/candname.com\/tr\/index.php?rest_route=%2Fwp%2Fv2%2Ftags&post=23315"}],"curies":[{"name":"wp","href":"https:\/\/api.w.org\/{rel}","templated":true}]}}