{"id":23297,"date":"2024-02-01T07:18:04","date_gmt":"2024-02-01T04:18:04","guid":{"rendered":"https:\/\/candname.com\/tr\/?p=23297"},"modified":"2024-01-31T16:33:19","modified_gmt":"2024-01-31T13:33:19","slug":"abdurrahman-serefkendi","status":"publish","type":"post","link":"https:\/\/candname.com\/tr\/?p=23297","title":{"rendered":"Abdurrahman \u015eerefkendi"},"content":{"rendered":"<section id=\"mf-section-0\" class=\"mf-section-0\"><b>Abdurrahman \u015eerefkendi<\/b>\u00a0veya\u00a0<b>Hejar<\/b> (1920,\u00a0Mahabad &#8211; 1991)\u00a0K\u00fcrt\u00a0dilbilimci,\u00a0yazar,\u00a0\u015fair\u00a0ve\u00a0\u00e7evirmen.<sup id=\"cite_ref-1\" class=\"reference\">[1 <\/sup>Hejar 1920&#8217;de\u00a0Mahabad&#8217;ta do\u011fdu, hen\u00fcz iki ya\u015f\u0131ndayken annesi \u00f6lm\u00fc\u015ft\u00fcr. Be\u015f ya\u015f\u0131na geldi\u011finde babas\u0131n\u0131n yan\u0131na\u00a0Kur&#8217;an\u00a0derslerini ald\u0131. Ard\u0131ndan\u00a0K\u00fcrt edebiyat\u0131,\u00a0Arap edebiyat\u0131,\u00a0Fars edebiyat\u0131\u00a0ve\u00a0matamatik\u00a0dersini de alan Hejar babas\u0131n\u0131n \u00f6l\u00fcm\u00fcyle e\u011ftimine ara vermek zorunda kalm\u0131\u015ft\u0131r. Hejar 1940&#8217;larda K\u00fcrt\u00e7e \u015fiirler yazmaya ba\u015flad\u0131.\u00a0Melay\u00ea Ciz\u00eer\u00ee,\u00a0Ahmed-i Hani,\u00a0\u0130bn-i Sina\u00a0ve\u00a0Vefayi\u00a0gibi bir\u00e7ok filozoftan etkilendi ve K\u00fcrt edebiyat\u0131na b\u00fcy\u00fck katk\u0131s\u0131 oldu. Hejar&#8217;\u0131n ayr\u0131ca\u00a0Mahabad Cumhuriyeti&#8217;nde de \u00e7al\u0131\u015fmalar\u0131 oldu. &#8220;N\u00ee\u015ftiman&#8221; ve &#8220;Hilale&#8221; dergilerinde partinin &#8220;K\u00fcrdistan&#8221; adl\u0131 gazetesinde \u00e7\u0131kan yurtseverlik, ba\u011f\u0131ms\u0131zl\u0131k ve a\u015fkla ilgili \u015fiirleri b\u00fcy\u00fck yank\u0131 uyand\u0131rm\u0131\u015f ve daha yirmi d\u00f6rt ya\u015f\u0131ndayken Mahabad K\u00fcrt Cumhuriyeti lideri\u00a0Kad\u0131 Muhammed\u00a0taraf\u0131ndan kendisine\u00a0<i>K\u00fcrt mill\u00ee \u015fairi<\/i>\u00a0unvan\u0131 verilmi\u015ftir. Mahabad K\u00fcrt Cumhuriyeti y\u0131k\u0131l\u0131nca 30 y\u0131la yak\u0131n yurt d\u0131\u015f\u0131nda ya\u015fad\u0131. 1975&#8217;te tekrar\u00a0\u0130ran&#8217;a d\u00f6nd\u00fc ve 1991 y\u0131l\u0131nda \u00f6ld\u00fc.<sup id=\"cite_ref-2\" class=\"reference\"><a href=\"https:\/\/tr.m.wikipedia.org\/wiki\/Abdurrahman_%C5%9Eerefkendi#cite_note-2\">[2]<\/a><\/sup>Hejar \u015fiirlerinde zul\u00fcm ve haks\u0131zl\u0131\u011fa kar\u015f\u0131 yazd\u0131\u011f\u0131 ve &#8220;Zavall\u0131, K\u00fcrt\u00e7e H\u00eas\u00eer&#8221; anlamlar\u0131na gelen\u00a0<i>Hejar<\/i>\u00a0mahlas\u0131n\u0131 kullanm\u0131\u015ft\u0131r.<\/section>\n<h2 class=\"section-heading collapsible-heading open-block\"><span id=\"Eserleri\" class=\"mw-headline\" tabindex=\"0\" role=\"button\" aria-controls=\"content-collapsible-block-0\" aria-expanded=\"true\">Eserleri<\/span><\/h2>\n<section id=\"content-collapsible-block-0\" class=\"mf-section-1 collapsible-block collapsible-block-js open-block\">\n<ul>\n<li>Alekok<\/li>\n<li>Werg\u00eara\u00a0Mem \u00fb Z\u00een\u00a0(Mem ve Zin\u00a0Soranice&#8217;ye \u00e7evirisi)<\/li>\n<li>Werg\u00eara Quran\u00ea (K\u00fcrt\u00e7e\u00a0Kur&#8217;an\u00a0terc\u00fcmesi)<\/li>\n<li>Werg\u00eara\u00a0\u015eerefname\u00a0(\u015eerefname&#8217;nin \u00e7evirisi)<\/li>\n<li>D\u00eewana helbestan bo Kurdistan (Kurdistan i\u00e7in \u015fiir divan\u0131)<\/li>\n<li>\u00c7ar\u00eenekan\u00ee Xeyam<\/li>\n<li>Henbane Bor\u00eene (K\u00fcrt\u00e7e-Fars\u00e7a s\u00f6zl\u00fck)<\/li>\n<\/ul>\n<\/section>\n<h2 class=\"section-heading collapsible-heading open-block\"><span id=\"Kaynak.C3.A7a\"><\/span><span id=\"Kaynak\u00e7a\" class=\"mw-headline\" tabindex=\"0\" role=\"button\" aria-controls=\"content-collapsible-block-1\" aria-expanded=\"true\">Kaynak\u00e7a<\/span><\/h2>\n<section id=\"content-collapsible-block-1\" class=\"mf-section-2 collapsible-block collapsible-block-js open-block\">\n<div class=\"reflist reflist-columns references-column-width\">\n<ol class=\"references\">\n<li id=\"cite_note-1\"><strong><a href=\"https:\/\/tr.m.wikipedia.org\/wiki\/Abdurrahman_%C5%9Eerefkendi#cite_ref-1\">^<\/a><\/strong>\u00a0<span class=\"reference-text\">Hazhar, Abdul Rahman, Le mer jiyan \u00fb beserhat\u00ee Hejar bw\u00eaj\u00ee Kurd (On the life and biography of Hazhar, the Kurdish poet), in Eiiubi &amp; Smirnova, s. 142\u201385, 1968<\/span><\/li>\n<\/ol>\n<p><em><strong>Bu yaz\u0131 tr.m.wikipedia.org\/wiki adl\u0131 siteden\u00a0 al\u0131nt\u0131d\u0131r.<\/strong><\/em><\/p>\n<\/div>\n<\/section>\n","protected":false},"excerpt":{"rendered":"<p>Abdurrahman \u015eerefkendi\u00a0veya\u00a0Hejar (1920,\u00a0Mahabad &#8211; 1991)\u00a0K\u00fcrt\u00a0dilbilimci,\u00a0yazar,\u00a0\u015fair\u00a0ve\u00a0\u00e7evirmen.[1 Hejar 1920&#8217;de\u00a0Mahabad&#8217;ta do\u011fdu, hen\u00fcz iki ya\u015f\u0131ndayken annesi \u00f6lm\u00fc\u015ft\u00fcr. Be\u015f ya\u015f\u0131na geldi\u011finde babas\u0131n\u0131n yan\u0131na\u00a0Kur&#8217;an\u00a0derslerini ald\u0131. Ard\u0131ndan\u00a0K\u00fcrt edebiyat\u0131,\u00a0Arap edebiyat\u0131,\u00a0Fars edebiyat\u0131\u00a0ve\u00a0matamatik\u00a0dersini de alan Hejar babas\u0131n\u0131n \u00f6l\u00fcm\u00fcyle e\u011ftimine ara vermek zorunda kalm\u0131\u015ft\u0131r. Hejar 1940&#8217;larda K\u00fcrt\u00e7e \u015fiirler yazmaya ba\u015flad\u0131.\u00a0Melay\u00ea Ciz\u00eer\u00ee,\u00a0Ahmed-i Hani,\u00a0\u0130bn-i Sina\u00a0ve\u00a0Vefayi\u00a0gibi bir\u00e7ok filozoftan etkilendi ve K\u00fcrt edebiyat\u0131na b\u00fcy\u00fck katk\u0131s\u0131 oldu. Hejar&#8217;\u0131n ayr\u0131ca\u00a0Mahabad Cumhuriyeti&#8217;nde de &hellip;<\/p>\n","protected":false},"author":32,"featured_media":23298,"comment_status":"open","ping_status":"open","sticky":false,"template":"","format":"standard","meta":{"footnotes":""},"categories":[118],"tags":[6454,108,1226,1616,405],"class_list":["post-23297","post","type-post","status-publish","format-standard","has-post-thumbnail","","category-biyografi","tag-hejar","tag-kurdistan","tag-mahabad","tag-manset","tag-mem-u-zin"],"_links":{"self":[{"href":"https:\/\/candname.com\/tr\/index.php?rest_route=\/wp\/v2\/posts\/23297","targetHints":{"allow":["GET"]}}],"collection":[{"href":"https:\/\/candname.com\/tr\/index.php?rest_route=\/wp\/v2\/posts"}],"about":[{"href":"https:\/\/candname.com\/tr\/index.php?rest_route=\/wp\/v2\/types\/post"}],"author":[{"embeddable":true,"href":"https:\/\/candname.com\/tr\/index.php?rest_route=\/wp\/v2\/users\/32"}],"replies":[{"embeddable":true,"href":"https:\/\/candname.com\/tr\/index.php?rest_route=%2Fwp%2Fv2%2Fcomments&post=23297"}],"version-history":[{"count":5,"href":"https:\/\/candname.com\/tr\/index.php?rest_route=\/wp\/v2\/posts\/23297\/revisions"}],"predecessor-version":[{"id":23303,"href":"https:\/\/candname.com\/tr\/index.php?rest_route=\/wp\/v2\/posts\/23297\/revisions\/23303"}],"wp:featuredmedia":[{"embeddable":true,"href":"https:\/\/candname.com\/tr\/index.php?rest_route=\/wp\/v2\/media\/23298"}],"wp:attachment":[{"href":"https:\/\/candname.com\/tr\/index.php?rest_route=%2Fwp%2Fv2%2Fmedia&parent=23297"}],"wp:term":[{"taxonomy":"category","embeddable":true,"href":"https:\/\/candname.com\/tr\/index.php?rest_route=%2Fwp%2Fv2%2Fcategories&post=23297"},{"taxonomy":"post_tag","embeddable":true,"href":"https:\/\/candname.com\/tr\/index.php?rest_route=%2Fwp%2Fv2%2Ftags&post=23297"}],"curies":[{"name":"wp","href":"https:\/\/api.w.org\/{rel}","templated":true}]}}