{"id":23264,"date":"2024-01-24T07:32:28","date_gmt":"2024-01-24T04:32:28","guid":{"rendered":"https:\/\/candname.com\/tr\/?p=23264"},"modified":"2024-01-23T14:38:07","modified_gmt":"2024-01-23T11:38:07","slug":"sudan-kurtleri","status":"publish","type":"post","link":"https:\/\/candname.com\/tr\/?p=23264","title":{"rendered":"Sudan K\u00fcrtleri"},"content":{"rendered":"<div>\n<div class=\"\" dir=\"auto\">\n<div id=\":r22t:\" class=\"x1iorvi4 x1pi30zi x1l90r2v x1swvt13\" data-ad-comet-preview=\"message\" data-ad-preview=\"message\">\n<div class=\"x78zum5 xdt5ytf xz62fqu x16ldp7u\">\n<div class=\"xu06os2 x1ok221b\">\n<div class=\"xdj266r x11i5rnm xat24cr x1mh8g0r x1vvkbs x126k92a\">\n<div dir=\"auto\">Sudan K\u00fcrtlerinin k\u00f6keni 800 y\u0131l \u00f6ncesine dayan\u0131yor.<\/div>\n<\/div>\n<div class=\"x11i5rnm xat24cr x1mh8g0r x1vvkbs xtlvy1s x126k92a\">\n<div dir=\"auto\">1172 y\u0131l\u0131nda Selahaddin Eyyubi\u2019nin a\u011fabeyi Toran \u015eah M\u0131s\u0131r\u2019daki Fatimilere sald\u0131r\u0131rarak onlar\u0131 yendi. Fatimilerin m\u00fcttefiklerinden biri Nobilerdi, yani \u015fimdiki Sudanl\u0131lar\u0131n atalar\u0131.<\/div>\n<\/div>\n<div class=\"x11i5rnm xat24cr x1mh8g0r x1vvkbs xtlvy1s x126k92a\">\n<div dir=\"auto\">M\u00fcttefiklerinin yenilmesinden sonra Nobiler sava\u015fmaya ba\u015flad\u0131. Toran \u015eah, onlara bir ders vermek i\u00e7in K\u00fcrtlerden olu\u015fan ordusuyla Sudan\u2019\u0131 i\u015fgal etti.<\/div>\n<\/div>\n<div class=\"x11i5rnm xat24cr x1mh8g0r x1vvkbs xtlvy1s x126k92a\">\n<div dir=\"auto\">Toran \u015eah geri d\u00f6nd\u00fc ama arkas\u0131nda kalabal\u0131k bir halk b\u0131rakt\u0131 ve oraya \u0130brahim el-Kurd\u00ee ad\u0131nda bir komutan\u0131n\u0131 y\u00f6netici olarak atad\u0131.<\/div>\n<\/div>\n<div class=\"x11i5rnm xat24cr x1mh8g0r x1vvkbs xtlvy1s x126k92a\">\n<div dir=\"auto\">El-Kurd\u00ee beraberindeki kalabal\u0131k K\u00fcrt kitlesini Sudan\u2019a yerle\u015ftirdi. \u0130brahim El Kurd\u00ee\u2019nin su da bo\u011fuldu\u011fu rivayet edilir.<\/div>\n<\/div>\n<div class=\"x11i5rnm xat24cr x1mh8g0r x1vvkbs xtlvy1s x126k92a\">\n<div dir=\"auto\">Sudan\u2019daki K\u00fcrtlerin \u00e7o\u011fu K\u00fcrt Eyyubiler d\u00f6neminden kalmad\u0131r. Kimlikleri, karakteristik beden \u00f6zellikleri de\u011fi\u015fse de soyadlar\u0131 \u2018Kurd\u00ee\u2019 olarak kalm\u0131\u015ft\u0131r. K\u00fcrt olduklar\u0131n\u0131 bilen Sudanl\u0131lar\u0131n cafe ve dernekleri bulunuyor.<\/div>\n<\/div>\n<div class=\"x11i5rnm xat24cr x1mh8g0r x1vvkbs xtlvy1s x126k92a\">\n<div dir=\"auto\">Sultan Selahaddin\u2019in yak\u0131n \u00e7evresindeki cesur ve ak\u0131ll\u0131 komutanlar K\u00fcrtlerden olu\u015furdu.<\/div>\n<\/div>\n<\/div>\n<\/div>\n<\/div>\n<\/div>\n<div id=\":r22u:\" class=\"x1n2onr6\">\n<div class=\"x1n2onr6\">\n<div class=\"x6s0dn4 x1jx94hy x78zum5 xdt5ytf x6ikm8r x10wlt62 x1n2onr6 xh8yej3\">\n<div>\n<div class=\"xqtp20y x6ikm8r x10wlt62 x1n2onr6\">\n<div class=\"x10l6tqk x13vifvy\"><img loading=\"lazy\" decoding=\"async\" class=\"x1ey2m1c xds687c x5yr21d x10l6tqk x17qophe x13vifvy xh8yej3 xl1xv1r\" src=\"https:\/\/scontent.fada1-14.fna.fbcdn.net\/v\/t39.30808-6\/422117541_18375400711077093_6107358673501643778_n.jpg?stp=dst-jpg_s1080x2048&amp;_nc_cat=100&amp;ccb=1-7&amp;_nc_sid=3635dc&amp;_nc_ohc=KrS5jzNUPNwAX-BZr9d&amp;_nc_ht=scontent.fada1-14.fna&amp;oh=00_AfCwxsuHg7pL1URtVOrVvhN0A2k0mBoevxMITzAyhfqUaA&amp;oe=65B48F9D\" alt=\"Foto\u011fraf a\u00e7\u0131klamas\u0131 yok.\" width=\"1080\" height=\"1350\" \/><\/div>\n<\/div>\n<\/div>\n<\/div>\n<div class=\"xua58t2 xzg4506 x1ey2m1c xds687c x47corl x10l6tqk x17qophe x13vifvy\"><\/div>\n<div class=\"x1o1ewxj x3x9cwd x1e5q0jg x13rtm0m x1ey2m1c xds687c xg01cxk x47corl x10l6tqk x17qophe x13vifvy x1ebt8du x19991ni x1dhq9h\" role=\"none\" data-visualcompletion=\"ignore\"><strong>Bu yaz\u0131 Bitlisname.com adl\u0131 facebook sayfas\u0131ndan al\u0131nt\u0131d\u0131r.<\/strong><\/div>\n<\/div>\n<div class=\"x6ikm8r x10wlt62\"><\/div>\n<\/div>\n<\/div>\n<div>\n<div class=\"x168nmei x13lgxp2 x30kzoy x9jhf4c x6ikm8r x10wlt62\" data-visualcompletion=\"ignore-dynamic\">\n<div>\n<div>\n<div>\n<div class=\"x1n2onr6\">\n<div class=\"x6s0dn4 xi81zsa x78zum5 x6prxxf x13a6bvl xvq8zen xdj266r xktsk01 xat24cr x1d52u69 x889kno x4uap5 x1a8lsjc xkhd6sd xdppsyt\">\n<div class=\"x6s0dn4 x78zum5 x1iyjqo2 x6ikm8r x10wlt62\">\n<div class=\"\">\n<div class=\"x1i10hfl xjbqb8w x6umtig x1b1mbwd xaqea5y xav7gou x9f619 x1ypdohk xe8uvvx xdj266r x11i5rnm xat24cr x1mh8g0r xexx8yu x4uap5 x18d9i69 xkhd6sd x16tdsg8 x1hl2dhg xggy1nq x1o1ewxj x3x9cwd x1e5q0jg x13rtm0m x1n2onr6 x87ps6o x1lku1pv x1a2a7pz x1heor9g xnl1qt8 x6ikm8r x10wlt62 x1vjfegm x1lliihq\" tabindex=\"0\" role=\"button\"><\/div>\n<\/div>\n<\/div>\n<div class=\"x9f619 x1n2onr6 x1ja2u2z x78zum5 x2lah0s x1qughib x1qjc9v5 xozqiw3 x1q0g3np xykv574 xbmpl8g x4cne27 xifccgj\"><\/div>\n<\/div>\n<\/div>\n<\/div>\n<\/div>\n<\/div>\n<\/div>\n<\/div>\n","protected":false},"excerpt":{"rendered":"<p>Sudan K\u00fcrtlerinin k\u00f6keni 800 y\u0131l \u00f6ncesine dayan\u0131yor. 1172 y\u0131l\u0131nda Selahaddin Eyyubi\u2019nin a\u011fabeyi Toran \u015eah M\u0131s\u0131r\u2019daki Fatimilere sald\u0131r\u0131rarak onlar\u0131 yendi. Fatimilerin m\u00fcttefiklerinden biri Nobilerdi, yani \u015fimdiki Sudanl\u0131lar\u0131n atalar\u0131. M\u00fcttefiklerinin yenilmesinden sonra Nobiler sava\u015fmaya ba\u015flad\u0131. Toran \u015eah, onlara bir ders vermek i\u00e7in K\u00fcrtlerden olu\u015fan ordusuyla Sudan\u2019\u0131 i\u015fgal etti. Toran \u015eah geri d\u00f6nd\u00fc ama arkas\u0131nda kalabal\u0131k bir halk &hellip;<\/p>\n","protected":false},"author":32,"featured_media":23265,"comment_status":"open","ping_status":"open","sticky":false,"template":"","format":"standard","meta":{"footnotes":""},"categories":[5371],"tags":[6178,127,117,1616,3224,6400,6401],"class_list":["post-23264","post","type-post","status-publish","format-standard","has-post-thumbnail","","category-alinti-yazilar","tag-eyyubiler","tag-kurdi","tag-kurtler","tag-manset","tag-sudan","tag-sudan-kurtleri","tag-turansah"],"_links":{"self":[{"href":"https:\/\/candname.com\/tr\/index.php?rest_route=\/wp\/v2\/posts\/23264","targetHints":{"allow":["GET"]}}],"collection":[{"href":"https:\/\/candname.com\/tr\/index.php?rest_route=\/wp\/v2\/posts"}],"about":[{"href":"https:\/\/candname.com\/tr\/index.php?rest_route=\/wp\/v2\/types\/post"}],"author":[{"embeddable":true,"href":"https:\/\/candname.com\/tr\/index.php?rest_route=\/wp\/v2\/users\/32"}],"replies":[{"embeddable":true,"href":"https:\/\/candname.com\/tr\/index.php?rest_route=%2Fwp%2Fv2%2Fcomments&post=23264"}],"version-history":[{"count":1,"href":"https:\/\/candname.com\/tr\/index.php?rest_route=\/wp\/v2\/posts\/23264\/revisions"}],"predecessor-version":[{"id":23266,"href":"https:\/\/candname.com\/tr\/index.php?rest_route=\/wp\/v2\/posts\/23264\/revisions\/23266"}],"wp:featuredmedia":[{"embeddable":true,"href":"https:\/\/candname.com\/tr\/index.php?rest_route=\/wp\/v2\/media\/23265"}],"wp:attachment":[{"href":"https:\/\/candname.com\/tr\/index.php?rest_route=%2Fwp%2Fv2%2Fmedia&parent=23264"}],"wp:term":[{"taxonomy":"category","embeddable":true,"href":"https:\/\/candname.com\/tr\/index.php?rest_route=%2Fwp%2Fv2%2Fcategories&post=23264"},{"taxonomy":"post_tag","embeddable":true,"href":"https:\/\/candname.com\/tr\/index.php?rest_route=%2Fwp%2Fv2%2Ftags&post=23264"}],"curies":[{"name":"wp","href":"https:\/\/api.w.org\/{rel}","templated":true}]}}