{"id":23245,"date":"2024-01-14T07:00:14","date_gmt":"2024-01-14T04:00:14","guid":{"rendered":"https:\/\/candname.com\/tr\/?p=23245"},"modified":"2024-01-13T19:40:00","modified_gmt":"2024-01-13T16:40:00","slug":"mehmet-bayrakin-kurt-kimligi-mucadelesi","status":"publish","type":"post","link":"https:\/\/candname.com\/tr\/?p=23245","title":{"rendered":"Mehmet Bayrak\u2019\u0131n K\u00fcrt Kimli\u011fi M\u00fccadelesi"},"content":{"rendered":"<div class=\"status-message\">\n<p>Ara\u015ft\u0131rmac\u0131-Yazar Mehmet Bayrak\u2019\u0131n, \u2018K\u00fcrt Kimli\u011fi M\u00fccadelem\u2019 kitab\u0131 Yay\u0131mland\u0131.<\/p>\n<p>Kitab\u0131n tam ismi \u015f\u00f6yle: Mehmet Bayrak, K\u00fcrt Kimli\u011fi M\u00fccadelem (Yarg\u0131layan Savunmalar\u0131n Sundu\u011fu Ger\u00e7ekler), \u00d6zge Yay\u0131nlar\u0131,\u00a0 2023,\u00a0 711 s.<\/p>\n<p>***<\/p>\n<p>Kitab\u0131n giri\u015finde iki yaz\u0131 var. Bu yaz\u0131lar \u015funlar:<\/p>\n<p><em>\u201c\u00d6ns\u00f6z\u201d ya da yarg\u0131lanmayla ge\u00e7en yazarl\u0131k ser\u00fcvenim ve savunmalar\u0131m<\/em><\/p>\n<p>(s.15-18)<\/p>\n<p><em>\u201cSunu\u201d yerine mahkemelerde \u2018K\u00fcrt\u2019 ve \u2018K\u00fcrdistan\u2019 Maceram\u0131z<\/em>\u00a0(s. 19-22)<\/p>\n<p>Kitapta, bu yaz\u0131lardan sonra\u00a0 ifade \u00f6zg\u00fcrl\u00fc\u011f\u00fcn\u00fc savunan be\u015f yaz\u0131 yer al\u0131yor.<\/p>\n<ol>\n<li>D\u00fc\u015f\u00fcnce \u00d6zg\u00fcrl\u00fc\u011f\u00fc ve K\u00fcrt sorunu<\/li>\n<li>K\u00fcrt problemi T\u00fcrk \u0131rk\u00e7\u0131l\u0131\u011f\u0131 ile ya\u015f\u0131tt\u0131r.<\/li>\n<li>K\u00fcrt d\u00fc\u015fmanl\u0131\u011f\u0131n\u0131 ilkel silah\u0131 8. Madde<\/li>\n<li>\u2018B\u00f6l\u00fcc\u00fc ve y\u0131k\u0131c\u0131 faaliyet\u2019<\/li>\n<li>Red ve \u0130nkardan kabullenmeye, demokratik \u00e7\u00f6z\u00fcm izle\u011fi (s. 25-28)<\/li>\n<\/ol>\n<p>***<\/p>\n<p>Yaz\u0131larla, kitaplara ilgili davalar, savunmalar, kitapta,\u00a0 d\u00f6rt kesimde toplanm\u0131\u015f. Birinci Kesim\u2019de, \u2018Halk \u015eiirinde Toplumsal Olaylar ve Ba\u015fkald\u0131r\u0131lar\u2019 Yaz\u0131 Dizisi Hakk\u0131nda A\u00e7\u0131lan Davalar ve Savunmalar yer al\u0131yor. (s. 40-56) Bu b\u00f6l\u00fcmde 6 belge var.<\/p>\n<p>\u0130kinci Kesim\u2019de \u2018\u00d6zg\u00fcr Gelecek\u2019 Dergisi hakk\u0131nda A\u00e7\u0131lan Davalar ve Savunmalar yer al\u0131yor. \u00d6zg\u00fcr Gelecek hakk\u0131nda 30 civar\u0131nda dava a\u00e7\u0131lm\u0131\u015f. Bu yaz\u0131lar\u0131n bir k\u0131sm\u0131\u00a0 Mehmet Bayrak\u2019\u0131n yaz\u0131lar\u0131. Bir k\u0131sm\u0131 da derginin sahipli\u011fini yapt\u0131\u011f\u0131 i\u00e7in Mehmet Bayrak hakk\u0131nda da a\u00e7\u0131lan davalar.<\/p>\n<p>Bu davalar daha \u00e7ok Ter\u00f6rle m\u00fccadele yasas\u0131 Md. 8 den dolay\u0131 Devlet G\u00fcvenlik Mahkemelerinde g\u00f6r\u00fcl\u00fcyor. Ayn\u0131 yaz\u0131lardan veya kitaplardan A\u011f\u0131r Ceza\u00a0 Mahkemeleri\u2019nde, Asliye Ceza mahkemelerinde g\u00f6r\u00fclen davalar da var. Bu davalar\u0131n g\u00f6r\u00fcld\u00fc\u011f\u00fc d\u00f6nemde, Ankara Devlet G\u00fcvenlik Mahkemesi Kavakl\u0131\u00a0 Dere\u2019de ,Farabi Sokaktayd\u0131. \u0130stanbul Devlet G\u00fcvenlik Mahkemesi\u2019nde g\u00f6r\u00fclen davalar da vard\u0131. B\u00fct\u00fcn bu davalarda Mehmet Bayrak, K\u00fcrdleri, Aleviler, Ezidileri yo\u011fun bir \u015fekilde savundu.\u00a0 Resmi g\u00f6r\u00fc\u015f\u00fc savunanlar\u0131 yarg\u0131layan savunmalar yapt\u0131. Avukatlar da Mehmet Bayrak\u2019\u0131 savunan, onaylayan savunmalar yapt\u0131lar. B\u00fct\u00fcn bu davalar s\u00fcrecinde\u00a0 avukatlar, Mehmet Bayrak\u2019\u0131 hi\u00e7bir zaman yaln\u0131z b\u0131rakmad\u0131lar. Her zaman duru\u015fmalarda haz\u0131r oldular.<\/p>\n<p>Mehmet Bayrak bu s\u00fcre\u00e7te genel olarak Bekir Kesen ile duru\u015fmalara kat\u0131l\u0131yor. Bu kesimde 81 belge var. Bunlar, toplatma kararlar\u0131, toplatma kararlar\u0131na yap\u0131lan itirazlar, Emniyet M\u00fcd\u00fcrl\u00fc\u011f\u00fc\u2019ndeki ifade tutana\u011f\u0131,\u00a0 Cumhuriyet Savc\u0131l\u0131\u011f\u0131\u2019ndaki ifade tutana\u011f\u0131, iddianameler, bilirki\u015fi raporlar\u0131, tahliye taleplerini i\u00e7eren dilek\u00e7eler, mahkemede yap\u0131lan esas hakk\u0131ndaki savunmalar mahkumiyet h\u00fck\u00fcmleri, beraat kararlar\u0131, Yarg\u0131tay ilamlar\u0131\u00a0 vs.<\/p>\n<p>Belgeler aras\u0131nda bas\u0131n a\u00e7\u0131klamalar\u0131, Mehmet Bayrak\u2019\u0131n \u00e7e\u015fitli gazetelere dergilere, TV lere verdi\u011fi r\u00f6portajlar da yer almaktad\u0131r.<\/p>\n<p>Avukatlar, Yusuf Alata\u015f, Halit \u00c7elenk,\u00a0 Serhat Bucak, \u015eerif Feleko\u011flu, Hasan \u00dcrel<\/p>\n<p>***<\/p>\n<p>Kesim\u00a0 \u00dc\u00e7\u2019te, \u2018\u00d6zge Yay\u0131nlar\u0131\u2019 hakk\u0131ndaki davalar, savunmalar yer almaktad\u0131r ( s. 375-693)<\/p>\n<p>\u00d6zge Yay\u0131nlar\u0131 bir\u00e7ok kitap\u00a0\u00a0 yay\u0131mlam\u0131\u015ft\u0131r. Mirzali \u00c7imen,\u00a0<em>D\u00fcn\u00fc-Bug\u00fcn\u00fc ile Geri kalm\u0131\u015fl\u0131k Sorunu<\/em>, Mehmet Bayrak,\u00a0<em>K\u00fcrt Halk T\u00fcrk\u00fcleri<\/em>,\u00a0 Celile Celil,\u00a0<em>Osmanl\u0131 \u0130mparatorlu\u011fu\u2019nda K\u00fcrtler<\/em>, Nuri Dersimi,\u00a0<em>Dersim ve Milli M\u00fccadelesine Dair Hat\u0131rat\u0131m,<\/em>\u00a0Cem\u015fid Mar,\u00a0<em>\u00c7a\u011fda\u015f K\u00fcrt Destanlar\u0131<\/em>, Mehmet Bayrak,\u00a0<em>K\u00fcrtler ve Ulusal Demokratik M\u00fccadeleleri,<\/em>\u00a0<em>K\u00fcrdoloji Belegeleri 1, K\u00fcrdoloji Belgeleri<\/em>\u00a02, Zinar Silopi,\u00a0<em>Doza K\u00fcrdistan<\/em>, Mehmet Bayrak,\u00a0<em>Alevilik ve K\u00fcr<\/em>tler 1, Mehmet Bayrak\u00a0<em>Alevilik ve K\u00fcrtler 2<\/em>,\u00a0 Mehmet Bayrak,<em>\u00a0K\u00fcrt M\u00fczi\u011fi, Danslar, \u015eark\u0131lar<\/em>\u0131, Mehmet Bayrak,\u00a0<em>K\u00fcrt Kad\u0131n\u0131<\/em><\/p>\n<p>Bu kitaplar hakk\u0131nda davalar a\u00e7\u0131lm\u0131\u015ft\u0131r. Kesim \u00dc\u00e7\u2019te bu davalarla ilgili 102 belge yer almaktad\u0131r. Bunlar toplatma kararlar\u0131, toplatma kararlar\u0131na itiraz, Bilirki\u015fi raporlar\u0131, bilirki\u015fi raporlar\u0131na itiraz, bas\u0131n a\u00e7\u0131klamalar\u0131, cezaevinden yaz\u0131lan mektuplar, savunmalar, avukatlar\u0131n savunmalar\u0131,\u00a0 mahkeme kararlar\u0131, Yarg\u0131tay kararlar\u0131, gerek\u00e7eli kararlar, Yarg\u0131tay\u2019\u0131n bozma kararlar\u0131, \u00d6zg\u00fcr Gelecek Dergisi hakk\u0131nda \u00e7e\u015fitli kararlar vs.<\/p>\n<p>***<\/p>\n<p>Kesim D\u00f6rt\u00a0\u00a0 Mehmet\u00a0\u00a0 Bayrak, \u00d6zg\u00fcr Gelecek Dergisi Y\u00f6netmeni ve\u00a0 \u00d6zge Yay\u0131nlar\u0131 Y\u00f6netmeni olarak,\u00a0 Almanya\u2019da\u00a0 \u201c<em>K\u00fcrt Sanat, K\u00fclt\u00fcr ve Bilim Merkezi\u201d<\/em>\u00a0kurmu\u015ftur. Kesim D\u00f6rt\u2019te, bu kurumun kuruca ba\u015fkan\u0131 olarak, \u00e7e\u015fitli kurumlara g\u00f6nderdi\u011fi baz\u0131 mesajlar yer almaktad\u0131r. Ayr\u0131ca \u00d6zge Yay\u0131nlar\u0131 ile ilgili olarak baz\u0131 uluslararas\u0131 dayan\u0131\u015fma belgeleri de yer almaktad\u0131r. (s. 694-705)<\/p>\n<p>1993<\/p>\n<p>\u2018K\u00fcrt Kimli\u011fi M\u00fccadelem\u2019 kitab\u0131n\u0131n sonunda Mehmet Bayrak\u2019\u0131n bir yaz\u0131s\u0131 var. Bu,\u00a0<em>\u201cSons\u00f6z\u201d Yerine :\u00a0 Y\u00fcz\u00fcnc\u00fc Y\u0131ld\u00f6n\u00fcm\u00fcnde\u00a0 Lozan Antla\u015fmas\u0131 ve K\u00fcrtler ba\u015fl\u0131kl<\/em>\u0131 yaz\u0131d\u0131r. (s. 706-711)<\/p>\n<p>***<\/p>\n<p>Ara\u015ft\u0131rmac\u0131-Yazar Mehmet Bayrak, \u00d6zg\u00fcr Gelecek Dergisi, \u00d6zge yay\u0131nlar\u0131,\u00a0 K\u00fcrd d\u00fc\u015f\u00fcn, bilim sanat hayat\u0131nda \u00e7ok \u00f6nemli bir yere sahiptir. T\u00fcrk d\u00fc\u015f\u00fcn, bilim, sanat hayat\u0131nda da \u00f6nemli bir yere sahip oldu\u011fu ku\u015fkusuzdur.\u00a0 1980\u2019lerin sonlar\u0131nda, 1990\u2019lar\u0131n ba\u015flar\u0131nda 8 say\u0131 yay\u0131mlanabilen \u00d6zg\u00fcr Gelecek Dergisi \u00e7ok \u00f6nemli bir yay\u0131n organ\u0131yd\u0131.<\/p>\n<p>Yay\u0131n hayat\u0131na ba\u015flayacak olan ve derginin ilk say\u0131s\u0131nda yay\u0131mlanan bir mesajdan dolay\u0131, Mehmet Bayrak\u2019la, Ankara Devlet G\u00fcvenlik Mahkemesi\u2019nde\u00a0 birlikte yarg\u0131lanm\u0131\u015ft\u0131k.\u00a0 Mehmet Bayrak bu s\u00fcreci, K\u00fcrt Kimli\u011fi M\u00fccadelesi kitab\u0131nda etrafl\u0131 bir \u015fekilde anlat\u0131yor.<\/p>\n<p><em>K\u00fcrt Kimli\u011fi M\u00fccadelesi, Red ve \u0130nkardan Kabullenmeye \u00d6zg\u00fcr gelecek Dava Dosyas\u0131<\/em>\u00a0 1993, Ankara. Kitapta, Av. Yusuf Alata\u015f\u2019\u0131n, Mehmet Bayrak\u2019\u0131n, \u0130smail Be\u015fikci\u2019nin,\u00a0 Av. Serhat Bucak\u2019\u0131n, Av. Halit \u00c7elenk\u2019in savunmalar\u0131\u00a0 var. \u00a0(s. 479 vd.)<\/p>\n<p>Bug\u00fcn \u00d6zge yay\u0131nc\u0131l\u0131k ya\u015fam\u0131n\u0131 s\u00fcrd\u00fcrmektedir ve \u00e7ok \u00f6nemli\u00a0 ve de\u011ferli kitaplar yay\u0131mlamaktad\u0131r. K\u00fcrdoloji Belgeleri 1 ve K\u00fcrdoloji Belgeleri 2\u00a0 \u00e7ok de\u011ferli ba\u015fvuru kitaplar\u0131d\u0131r. \u015eark Islahat Plan\u0131 gen\u00e7 ara\u015ft\u0131rmac\u0131lar i\u00e7in \u00e7ok de\u011ferli bir k\u0131lavuzdur. K\u00fcrtler ve Ulusal Demokratik M\u00fccadeleleri, Aleviler ve Ezidilerle ilgili kitaplar\u00a0 yine \u00f6yle.<\/p>\n<p>Mehmet Bay<em>rak, \u00d6zge yay\u0131nlar\u0131, M.S. Lazarev\u2019in<\/em>\u00a0Emperyalizm ve K\u00fcrt Sorunu (1917-1923), Robert Olson\u2019un,\u00a0<em>K\u00fcrt Milliyet\u00e7ili\u011finin Kaynaklar\u0131 ve \u015eeyh Said \u0130syan\u0131 (1980-1925),<\/em>\u00a0Ar\u015fak Poladyan\u2019\u0131n,\u00a0<em>VII-X Y\u0131llarda K\u00fcrtler<\/em>, J. Kurdo\u2019nun<em>, K\u00fcrt K\u00fclt\u00fcr\u00fcn\u00fcn Kaynaklar\u0131 ve Uygarl\u0131klar Be\u015fi\u011fi K\u00fcrdistan<\/em>, Celile Celil\u2019in,\u00a0<em>Osmanl\u0131 \u0130mparatorlu\u011fu\u2019nda K\u00fcrdler\u00a0<\/em>kitaplar\u0131n\u0131 da yay\u0131mlam\u0131\u015ft\u0131r.<\/p>\n<p>Mehmet Bayrak, \u00d6zge Yay\u0131nlar\u0131, Martin Van Bruinessen\u2019in\u00a0<em>A\u011fa, \u015eeyh ve\u00a0 Devlet (K\u00fcrdistan\u2019\u0131n Sosyal ve\u00a0 Politik \u00d6rg\u00fctlenmesi)<\/em>\u00a0kitab\u0131n\u0131n da ilk yay\u0131nc\u0131lar\u0131d\u0131r.<\/p>\n<p>***<\/p>\n<p>Mehmet Bayrak s\u0131k s\u0131k, konferanslar\u00a0 vermektedir. Panellere, radyo-tv programlar\u0131na kat\u0131lmaktad\u0131r. Bu s\u00fcre\u00e7te, yan\u0131nda her zaman e\u015fi G\u00fclay Bayrak\u2019\u0131 g\u00f6rmek m\u00fcmk\u00fcnd\u00fcr. Bu, Mehmet Bayrak Hoca\u2019n\u0131n \u00fcretkenli\u011finin bir nedenini de a\u00e7\u0131klamaktad\u0131r. Bu i\u015fbirli\u011fi, aile i\u00e7i dayan\u0131\u015fma s\u00fcrecinde\u00a0 G\u00fclay Bayrak da hoca olmu\u015ftur.<\/p>\n<p>Not: Bir \u00f6nceki, \u2018\u015eeyh Said Direni\u015fi \u0130lgili \u0130ki Kitap\u2019 makalesine baz\u0131 ele\u015ftiriler oldu.\u00a0 Sadullah Bahad\u0131r,\u00a0 Guli ve Gulo\u2019nun farkl\u0131 ki\u015filer oldu\u011funu s\u00f6yl\u00fcyor. Binba\u015f\u0131 Kas\u0131m\u2019\u0131n e\u015finin Guli oldu\u011funu, \u015eeyh Said\u2019in yakalat\u0131lmas\u0131ndan sonra Guli\u2019nin, e\u015fi Binba\u015f\u0131 Kas\u0131m\u2019a baz\u0131 ele\u015ftiriler\u00a0 y\u00f6netti\u011fini, evde ayr\u0131l\u0131k-gayr\u0131l\u0131k- ya\u015fand\u0131\u011f\u0131n\u0131 dile getiriyor. Sadullah Bahad\u0131r, Gulo\u2019nun muhbir oldu\u011funu da s\u00f6yl\u00fcyor.<\/p>\n<p>Tahsin Sever ise bana g\u00f6nderdi\u011fi notta, \u015eeyh Said\u2019in Abdurrahman Pa\u015fa K\u00f6pr\u00fcs\u00fc\u2019nde\u00a0 yakalanmas\u0131 ve Gulo Han\u0131m konular\u0131nda baz\u0131 ele\u015ftiriler yap\u0131yor. Tahsin Sever\u00a0 \u015funlar\u0131 s\u00f6yl\u00fcyor:<\/p>\n<p>\u201c \u2026 Kitaplardan\u00a0 birinde ge\u00e7ti\u011fi s\u00f6ylenen, \u015eeyh Ali R\u0131za Efendiye atfen; &#8221; Babam \u015eeyh Said Efendi Binba\u015f\u0131 Kas\u0131m ve e\u015fi Gulo Han\u0131m\u2019\u0131n entrikalar\u0131yla yakaland\u0131.&#8221; ifadesi son derece sorunlu bir ifadedir ve sizin makalenizde hi\u00e7 bir yoruma tabii tutulmadan aktar\u0131lm\u0131\u015ft\u0131r.<\/p>\n<p>Gulo Han\u0131m\u2019\u0131n Cibranl\u0131 Halit Bey&#8217;in k\u0131z karde\u015fi olmas\u0131 nedeniyle ayr\u0131ca \u00f6nem arz etmektedir. \u015eeyh Sait Efendi&#8217;nin nas\u0131l yakaland\u0131\u011f\u0131, kendi mahkeme ifadelerinde noktas\u0131 virg\u00fcl\u00fcne kadar detayl\u0131 anlat\u0131lm\u0131\u015ft\u0131r. Hakeza Binba\u015f\u0131 Kas\u0131m hem Mahkemede hem de Umumi M\u00fcfetti\u015fli\u011fe verdi\u011fi ifadelerde yakalanma (teslim olma) meselesini detayl\u0131 anlat\u0131r. \u0130kisinin anlat\u0131mlar\u0131 aras\u0131nda nerdeyse hi\u00e7 bir \u00e7eli\u015fki yoktur. Ayn\u0131 zamanda s\u00f6z konusu olaylar\u0131 ya\u015fay\u0131p da hayata kalabilen Halil K\u0131l\u0131\u00e7o\u011flu, Kargapazarl\u0131 Re\u015fit Bey ve Hac\u0131 Mucin Efendi olaylar\u0131n tan\u0131klar\u0131d\u0131r ve yaz\u0131lanlar\u0131 teyid etmektedirler.<\/p>\n<p>Olay\u0131n k\u0131sa \u00f6zeti \u015fudur: \u015eeyh Sait Efendi, Diyarbak\u0131r&#8217;\u0131n al\u0131namamas\u0131 \u00fczerine etraf\u0131ndakiler da\u011f\u0131l\u0131r ve \u00e7ok az insanla Solhan&#8217;a gelir. Melekanl\u0131 \u015eeyh Abdullah Efendi ve beraberindekiler, Karl\u0131ova&#8217;daki C\u0131bran beyleriyle Solhan&#8217;da bir araya gelirler ve bunlar aras\u0131nda Binba\u015f\u0131 Kas\u0131m&#8217;da vard\u0131r. \u015eeyh Sait Efendi&#8217;nin Binba\u015f\u0131 Kas\u0131m&#8217;a itiraz\u0131 olmad\u0131\u011f\u0131 gibi Kas\u0131m&#8217;\u0131n \u00f6nerilerini kabul ederek Abdurrahman Pa\u015fa K\u00f6pr\u00fcs\u00fc \u00fczerinden \u0130ran&#8217;a do\u011fru ge\u00e7meyi kararla\u015ft\u0131r\u0131rlar. Yol boyunca b\u00fct\u00fcn itirazlara ra\u011fmen \u015eeyh Sait Efendi, Kas\u0131m&#8217;dan \u015f\u00fcphelenmez. Kafile Abdurrahman Pa\u015fa K\u00f6pr\u00fcs\u00fc\u2019n\u00fc ge\u00e7ip Melhemli k\u00f6y\u00fcne vard\u0131\u011f\u0131nda Binba\u015f\u0131 Kas\u0131m, teslim olmalar\u0131 d\u0131\u015f\u0131nda bir se\u00e7eneklerinin olmad\u0131\u011f\u0131n\u0131 s\u00f6yler, bu duruma \u015eeyh Sait Efendi &#8220;i\u00e7ime sinmese de kabullenmek zorunda kald\u0131m&#8221; der. \u0130tiraz edenler kafileden ayr\u0131ld\u0131lar. Bunlar\u0131n bir k\u0131sm\u0131 sonradan \u00e7e\u015fitli b\u00f6lgelerde yakaland\u0131lar; ancak hayata kalanlar oldu. Bu noktada \u015funun sorulmas\u0131 gerekmiyor mu? B\u00fct\u00fcn bu s\u00fcre\u00e7te, da\u011f ba\u015f\u0131nda ge\u00e7en bu me\u015fakkatli yolculukta ve tamamen erkeklerden olu\u015fan bu kafilede Gulo Han\u0131m\u2019\u0131n ne i\u015fi var ve ne entrika \u00e7evirmi\u015f? \u0130fade kime ait olursa olsun bunun belgelendirilmesi ve alt\u0131n\u0131n doldurulmas\u0131 gerekmez mi? Teknik olarak m\u00fcmk\u00fcn olmayan bir hususun kitab\u0131 yazanlar taraf\u0131ndan anlat\u0131lmas\u0131 ve sizin makalenizde yer almas\u0131 kan\u0131mca isabetli olmam\u0131\u015ft\u0131r. Sayg\u0131lar\u0131mla. Tahsin Sever\u201d<\/p>\n<p>Kan\u0131mca, Sadullah Bahad\u0131r ve Tahsin Sever\u2019in bu ele\u015ftirilerinin dikkate al\u0131nmas\u0131 gerekmektedir. Dilhad F\u0131rat\u2019\u0131n ve Dil\u015fad F\u0131rat\u2019\u0131n\u00a0 bu ele\u015ftirilere kar\u015f\u0131 s\u00f6yleyecekleri \u00f6nemli olacakt\u0131r.<\/p>\n<p><strong>\u0130smail\u00a0 Be\u015fik\u00e7i-nerinaazad2.com<\/strong><\/p>\n<\/div>\n","protected":false},"excerpt":{"rendered":"<p>Ara\u015ft\u0131rmac\u0131-Yazar Mehmet Bayrak\u2019\u0131n, \u2018K\u00fcrt Kimli\u011fi M\u00fccadelem\u2019 kitab\u0131 Yay\u0131mland\u0131. Kitab\u0131n tam ismi \u015f\u00f6yle: Mehmet Bayrak, K\u00fcrt Kimli\u011fi M\u00fccadelem (Yarg\u0131layan Savunmalar\u0131n Sundu\u011fu Ger\u00e7ekler), \u00d6zge Yay\u0131nlar\u0131,\u00a0 2023,\u00a0 711 s. *** Kitab\u0131n giri\u015finde iki yaz\u0131 var. Bu yaz\u0131lar \u015funlar: \u201c\u00d6ns\u00f6z\u201d ya da yarg\u0131lanmayla ge\u00e7en yazarl\u0131k ser\u00fcvenim ve savunmalar\u0131m (s.15-18) \u201cSunu\u201d yerine mahkemelerde \u2018K\u00fcrt\u2019 ve \u2018K\u00fcrdistan\u2019 Maceram\u0131z\u00a0(s. 19-22) Kitapta, bu &hellip;<\/p>\n","protected":false},"author":32,"featured_media":23246,"comment_status":"open","ping_status":"open","sticky":false,"template":"","format":"standard","meta":{"footnotes":""},"categories":[5371],"tags":[5418],"class_list":["post-23245","post","type-post","status-publish","format-standard","has-post-thumbnail","","category-alinti-yazilar","tag-kurt-kimligi"],"_links":{"self":[{"href":"https:\/\/candname.com\/tr\/index.php?rest_route=\/wp\/v2\/posts\/23245","targetHints":{"allow":["GET"]}}],"collection":[{"href":"https:\/\/candname.com\/tr\/index.php?rest_route=\/wp\/v2\/posts"}],"about":[{"href":"https:\/\/candname.com\/tr\/index.php?rest_route=\/wp\/v2\/types\/post"}],"author":[{"embeddable":true,"href":"https:\/\/candname.com\/tr\/index.php?rest_route=\/wp\/v2\/users\/32"}],"replies":[{"embeddable":true,"href":"https:\/\/candname.com\/tr\/index.php?rest_route=%2Fwp%2Fv2%2Fcomments&post=23245"}],"version-history":[{"count":1,"href":"https:\/\/candname.com\/tr\/index.php?rest_route=\/wp\/v2\/posts\/23245\/revisions"}],"predecessor-version":[{"id":23247,"href":"https:\/\/candname.com\/tr\/index.php?rest_route=\/wp\/v2\/posts\/23245\/revisions\/23247"}],"wp:featuredmedia":[{"embeddable":true,"href":"https:\/\/candname.com\/tr\/index.php?rest_route=\/wp\/v2\/media\/23246"}],"wp:attachment":[{"href":"https:\/\/candname.com\/tr\/index.php?rest_route=%2Fwp%2Fv2%2Fmedia&parent=23245"}],"wp:term":[{"taxonomy":"category","embeddable":true,"href":"https:\/\/candname.com\/tr\/index.php?rest_route=%2Fwp%2Fv2%2Fcategories&post=23245"},{"taxonomy":"post_tag","embeddable":true,"href":"https:\/\/candname.com\/tr\/index.php?rest_route=%2Fwp%2Fv2%2Ftags&post=23245"}],"curies":[{"name":"wp","href":"https:\/\/api.w.org\/{rel}","templated":true}]}}