{"id":23186,"date":"2023-12-17T23:17:09","date_gmt":"2023-12-17T20:17:09","guid":{"rendered":"https:\/\/candname.com\/tr\/?p=23186"},"modified":"2023-12-17T23:22:30","modified_gmt":"2023-12-17T20:22:30","slug":"kamuoyuna-duyuru","status":"publish","type":"post","link":"https:\/\/candname.com\/tr\/?p=23186","title":{"rendered":"Kamuoyuna Duyuru"},"content":{"rendered":"<p>Son g\u00fcnlerde K\u00fcrt halk\u0131n\u0131n \u00f6nderlerinden \u015eeyh Saide yap\u0131lan haks\u0131zl\u0131k ve hakaretlere varan s\u00f6z ve su\u00e7lamalara N\u00fbbihar Derne\u011fi K\u00fcrt\u00e7e(Kurmanci-Zazaki) ve T\u00fcrk\u00e7e olarak\u00a0 tepkisini g\u00f6sterdi. Derne\u011fin duyurusunu aynen yay\u0131nl\u0131yoruz:<\/p>\n<p>Bir s\u00fcredir \u0131rk\u00e7\u0131, s\u00f6m\u00fcrgeci, m\u00fcfsid yap\u0131 ve ki\u015filerce hakaretlere maruz kalan \u015eeyh Saidimizi, hak ve adalet m\u00fccadelesi veren t\u00fcm tarihi \u015fahsiyetlerimizi dualarla ve misyonlar\u0131na sahip \u00e7\u0131kmakla yad ediyoruz. De\u011ferlerimizin ortak haf\u0131zam\u0131zdaki ihti\u015fam\u0131 kar\u015f\u0131s\u0131nda dara\u011fa\u00e7lar\u0131n\u0131n, mezars\u0131z b\u0131rak\u0131lman\u0131n veya politik yaygaralar\u0131n hi\u00e7bir h\u00fckm\u00fc yoktur.<\/p>\n<p><strong>Zazaki:<\/strong><\/p>\n<p>Dem\u00eak o, \u015eex Said\u00ea ma \u00fb heme \u015fexs\u00eeyetan\u00ea ma y\u00ea tar\u00eex\u00ee ke lej\u00ea heq \u00fb edelet kerda ser o, het\u00ea tay\u00ea dezge \u00fb kesan\u00ea nijatperestan, kolonyalistan \u00fb fesadkaran ra heqaret yen\u00ea kerdi\u015f. Vera \u00eenan, ma bi duayan \u00fb waharvec\u00eeyay\u00ee\u015f\u00ea m\u00eesyon\u00ea \u00eenan an\u00ee v\u00eer\u00ea xo. Vera n\u00ea \u00eeht\u00ee\u015fam\u00ea erjnay\u00ee\u015f\u00ea ma y\u00ea k\u00ea v\u00eer\u00ea ma de y\u00ea, qet hukm\u00ea h\u00eeredaran, b\u00eagor verdi\u015fan \u00fb q\u00eer\u00eev\u00eer\u00eey\u00ea pol\u00eetikan \u00e7in o.<\/p>\n<p><strong>Kurmanci:<\/strong><\/p>\n<p>Dem\u00eak o, \u015eex Said\u00ea ma \u00fb heme \u015fexs\u00eeyetan\u00ea ma y\u00ea tar\u00eex\u00ee ke lej\u00ea heq \u00fb edelet kerda ser o, het\u00ea tay\u00ea dezge \u00fb kesan\u00ea nijatperestan, kolonyalistan \u00fb fesadkaran ra heqaret yen\u00ea kerdi\u015f. Vera \u00eenan, ma bi duayan \u00fb waharvec\u00eeyay\u00ee\u015f\u00ea m\u00eesyon\u00ea \u00eenan an\u00ee v\u00eer\u00ea xo. Vera n\u00ea \u00eeht\u00ee\u015fam\u00ea erjnay\u00ee\u015f\u00ea ma y\u00ea k\u00ea v\u00eer\u00ea ma de y\u00ea, qet hukm\u00ea h\u00eeredaran, b\u00eagor verdi\u015fan \u00fb q\u00eer\u00eev\u00eer\u00eey\u00ea pol\u00eetikan \u00e7in o.<\/p>\n<p><strong>Komeleya N\u00fbbihar\u00ea\/N\u00fbbihar Derne\u011fi<\/strong><\/p>\n<p>komanubihar.org<\/p>\n","protected":false},"excerpt":{"rendered":"<p>Son g\u00fcnlerde K\u00fcrt halk\u0131n\u0131n \u00f6nderlerinden \u015eeyh Saide yap\u0131lan haks\u0131zl\u0131k ve hakaretlere varan s\u00f6z ve su\u00e7lamalara N\u00fbbihar Derne\u011fi K\u00fcrt\u00e7e(Kurmanci-Zazaki) ve T\u00fcrk\u00e7e olarak\u00a0 tepkisini g\u00f6sterdi. Derne\u011fin duyurusunu aynen yay\u0131nl\u0131yoruz: Bir s\u00fcredir \u0131rk\u00e7\u0131, s\u00f6m\u00fcrgeci, m\u00fcfsid yap\u0131 ve ki\u015filerce hakaretlere maruz kalan \u015eeyh Saidimizi, hak ve adalet m\u00fccadelesi veren t\u00fcm tarihi \u015fahsiyetlerimizi dualarla ve misyonlar\u0131na sahip \u00e7\u0131kmakla yad ediyoruz. &hellip;<\/p>\n","protected":false},"author":32,"featured_media":23187,"comment_status":"open","ping_status":"open","sticky":false,"template":"","format":"standard","meta":{"footnotes":""},"categories":[3],"tags":[6339,6337,573,6341,6338,1616,742,6340,5574],"class_list":["post-23186","post","type-post","status-publish","format-standard","has-post-thumbnail","","category-haber","tag-akparti","tag-chp","tag-diyarbakir","tag-hdp","tag-iyi-parti","tag-manset","tag-seyh-said","tag-seyh-said-kim","tag-seyh-sait"],"_links":{"self":[{"href":"https:\/\/candname.com\/tr\/index.php?rest_route=\/wp\/v2\/posts\/23186","targetHints":{"allow":["GET"]}}],"collection":[{"href":"https:\/\/candname.com\/tr\/index.php?rest_route=\/wp\/v2\/posts"}],"about":[{"href":"https:\/\/candname.com\/tr\/index.php?rest_route=\/wp\/v2\/types\/post"}],"author":[{"embeddable":true,"href":"https:\/\/candname.com\/tr\/index.php?rest_route=\/wp\/v2\/users\/32"}],"replies":[{"embeddable":true,"href":"https:\/\/candname.com\/tr\/index.php?rest_route=%2Fwp%2Fv2%2Fcomments&post=23186"}],"version-history":[{"count":3,"href":"https:\/\/candname.com\/tr\/index.php?rest_route=\/wp\/v2\/posts\/23186\/revisions"}],"predecessor-version":[{"id":23190,"href":"https:\/\/candname.com\/tr\/index.php?rest_route=\/wp\/v2\/posts\/23186\/revisions\/23190"}],"wp:featuredmedia":[{"embeddable":true,"href":"https:\/\/candname.com\/tr\/index.php?rest_route=\/wp\/v2\/media\/23187"}],"wp:attachment":[{"href":"https:\/\/candname.com\/tr\/index.php?rest_route=%2Fwp%2Fv2%2Fmedia&parent=23186"}],"wp:term":[{"taxonomy":"category","embeddable":true,"href":"https:\/\/candname.com\/tr\/index.php?rest_route=%2Fwp%2Fv2%2Fcategories&post=23186"},{"taxonomy":"post_tag","embeddable":true,"href":"https:\/\/candname.com\/tr\/index.php?rest_route=%2Fwp%2Fv2%2Ftags&post=23186"}],"curies":[{"name":"wp","href":"https:\/\/api.w.org\/{rel}","templated":true}]}}