{"id":23179,"date":"2023-12-14T21:06:42","date_gmt":"2023-12-14T18:06:42","guid":{"rendered":"https:\/\/candname.com\/tr\/?p=23179"},"modified":"2023-12-16T09:07:58","modified_gmt":"2023-12-16T06:07:58","slug":"kurtce-dili-gozardi-ediliyor","status":"publish","type":"post","link":"https:\/\/candname.com\/tr\/?p=23179","title":{"rendered":"\u201cK\u00dcRT\u00c7E D\u0130L\u0130 G\u00d6ZARDI ED\u0130L\u0130YOR\u201d"},"content":{"rendered":"<p class=\"lead text-center text-lg-start text-dark\"><strong>N\u00fbbihar E\u011fitim ve K\u00fclt\u00fcr Derne\u011fi, Diyanet \u0130\u015fleri Ba\u015fkanl\u0131\u011f\u0131n\u0131n \u2018\u00e7ok dilli hutbe\u2019 uygulamas\u0131nda K\u00fcrt\u00e7e diline yer verilmemesinin hayal k\u0131r\u0131kl\u0131\u011f\u0131 yaratt\u0131\u011f\u0131na dikkat \u00e7ekti.<\/strong><\/p>\n<p>Derne\u011fin a\u00e7\u0131klamas\u0131 \u00f6zetle \u015f\u00f6yle: \u201c\u00c7ok dilli hutbe projesinde \u00fclkenin asli unsurlar\u0131ndan olan ve T\u00fcrkler ile i\u00e7 i\u00e7e ya\u015fayan K\u00fcrtlerin dilinin g\u00f6z ard\u0131 edilmi\u015f olmas\u0131 b\u00fcy\u00fck bir talihsizlik olmu\u015ftur. Bu durum b\u00fcy\u00fck \u00e7o\u011funlu\u011fu M\u00fcsl\u00fcman olan K\u00fcrtlerde hayal k\u0131r\u0131kl\u0131\u011f\u0131na sebep olmu\u015f ve beraberinde b\u00fcy\u00fck tepkiler getirmi\u015ftir. Bilinmelidir ki, \u0130slam\u2019\u0131 benimseyen ilk halk olan K\u00fcrtlerin M\u00fcsl\u00fcmanl\u0131k ser\u00fcveni \u0130slam Dininin tarihi ser\u00fcveni kadar eskidir. Hz. Muhammed (as) d\u00f6neminde Medine\u2019ye giderek M\u00fcsl\u00fcman olan Caban el-Kurd\u00ee adl\u0131 sahab\u00ee M\u00fcsl\u00fcman olduktan sonra memleketine geri d\u00f6nm\u00fc\u015f ve orada \u0130slam\u2019\u0131 kendi dili ile yaymaya ba\u015flam\u0131\u015ft\u0131r. K\u00fcrt\u00e7e, uzun bir tarih boyunca camilerdeki vaaz ve hutbelerde, medreselerdeki dini ilim tedrisat\u0131nda, tekkelerdeki ir\u015fad faaliyetlerinde ve divanlardaki dini musiki icras\u0131nda yerini alm\u0131\u015f ve b\u00f6ylelikle \u0130slam dininin g\u00f6r\u00fc\u015f ve prensiplerinin halka ula\u015ft\u0131r\u0131lmas\u0131nda b\u00fcy\u00fck bir rol oynam\u0131\u015ft\u0131r. Maalesef \u00e7ok dilli hutbe uygulamas\u0131nda, bu projenin istifadesinden daha uzakta olan Bat\u0131 dillerine yer verilmi\u015fken \u0130slam k\u00fclt\u00fcr\u00fcn\u00fcn bir ta\u015f\u0131y\u0131c\u0131s\u0131 olan K\u00fcrt\u00e7e dili g\u00f6z ard\u0131 edilmi\u015ftir. \u00c7a\u011fr\u0131m\u0131z K\u00fcrt\u00e7e&#8217;nin de Kurmanc\u00ee ve Zazak\u00ee leh\u00e7eleri ile birlikte, bu listeye eklenmesidir.\u201d<\/p>\n","protected":false},"excerpt":{"rendered":"<p>N\u00fbbihar E\u011fitim ve K\u00fclt\u00fcr Derne\u011fi, Diyanet \u0130\u015fleri Ba\u015fkanl\u0131\u011f\u0131n\u0131n \u2018\u00e7ok dilli hutbe\u2019 uygulamas\u0131nda K\u00fcrt\u00e7e diline yer verilmemesinin hayal k\u0131r\u0131kl\u0131\u011f\u0131 yaratt\u0131\u011f\u0131na dikkat \u00e7ekti. Derne\u011fin a\u00e7\u0131klamas\u0131 \u00f6zetle \u015f\u00f6yle: \u201c\u00c7ok dilli hutbe projesinde \u00fclkenin asli unsurlar\u0131ndan olan ve T\u00fcrkler ile i\u00e7 i\u00e7e ya\u015fayan K\u00fcrtlerin dilinin g\u00f6z ard\u0131 edilmi\u015f olmas\u0131 b\u00fcy\u00fck bir talihsizlik olmu\u015ftur. Bu durum b\u00fcy\u00fck \u00e7o\u011funlu\u011fu M\u00fcsl\u00fcman olan &hellip;<\/p>\n","protected":false},"author":32,"featured_media":23180,"comment_status":"open","ping_status":"open","sticky":false,"template":"","format":"standard","meta":{"footnotes":""},"categories":[3],"tags":[6333,6332,6336,885,6334,1616,180,6331,6335],"class_list":["post-23179","post","type-post","status-publish","format-standard","has-post-thumbnail","","category-haber","tag-cuma-hutbe","tag-hutbe","tag-islamda-hutbe","tag-kurtce-dersler","tag-kurtce-hutbe","tag-manset","tag-nubihar","tag-nubihar-der","tag-turkce-hutbe"],"_links":{"self":[{"href":"https:\/\/candname.com\/tr\/index.php?rest_route=\/wp\/v2\/posts\/23179","targetHints":{"allow":["GET"]}}],"collection":[{"href":"https:\/\/candname.com\/tr\/index.php?rest_route=\/wp\/v2\/posts"}],"about":[{"href":"https:\/\/candname.com\/tr\/index.php?rest_route=\/wp\/v2\/types\/post"}],"author":[{"embeddable":true,"href":"https:\/\/candname.com\/tr\/index.php?rest_route=\/wp\/v2\/users\/32"}],"replies":[{"embeddable":true,"href":"https:\/\/candname.com\/tr\/index.php?rest_route=%2Fwp%2Fv2%2Fcomments&post=23179"}],"version-history":[{"count":1,"href":"https:\/\/candname.com\/tr\/index.php?rest_route=\/wp\/v2\/posts\/23179\/revisions"}],"predecessor-version":[{"id":23181,"href":"https:\/\/candname.com\/tr\/index.php?rest_route=\/wp\/v2\/posts\/23179\/revisions\/23181"}],"wp:featuredmedia":[{"embeddable":true,"href":"https:\/\/candname.com\/tr\/index.php?rest_route=\/wp\/v2\/media\/23180"}],"wp:attachment":[{"href":"https:\/\/candname.com\/tr\/index.php?rest_route=%2Fwp%2Fv2%2Fmedia&parent=23179"}],"wp:term":[{"taxonomy":"category","embeddable":true,"href":"https:\/\/candname.com\/tr\/index.php?rest_route=%2Fwp%2Fv2%2Fcategories&post=23179"},{"taxonomy":"post_tag","embeddable":true,"href":"https:\/\/candname.com\/tr\/index.php?rest_route=%2Fwp%2Fv2%2Ftags&post=23179"}],"curies":[{"name":"wp","href":"https:\/\/api.w.org\/{rel}","templated":true}]}}