{"id":23169,"date":"2023-12-08T10:11:52","date_gmt":"2023-12-08T07:11:52","guid":{"rendered":"https:\/\/candname.com\/tr\/?p=23169"},"modified":"2023-12-07T23:17:15","modified_gmt":"2023-12-07T20:17:15","slug":"nubihardan-yeni-bir-kitap-tukenerek-direnmek","status":"publish","type":"post","link":"https:\/\/candname.com\/tr\/?p=23169","title":{"rendered":"N\u00fbbihar&#8217;dan Yeni bir Kitap: T\u00fckenerek Direnmek"},"content":{"rendered":"<p>T\u00fcrkiye\u2019nin do\u011fusunda yo\u011funluklu olmak \u00fczere, yar\u0131m asra yak\u0131nd\u0131r \u00e7at\u0131\u015fmal\u0131 bir s\u00fcre\u00e7<br \/>\ndevam etmektedir. S\u00f6z konusu \u00e7at\u0131\u015fmal\u0131 s\u00fcrecin en \u00f6nemli sonu\u00e7lar\u0131ndan biri de y\u00fczbinlerce<br \/>\ninsan\u0131n \u00fclke i\u00e7inde yerinden edilmesidir. \u0130lk yerinden edilme 90\u2019lar boyunca daha \u00e7ok k\u0131rsal<br \/>\nkesimlerde meydana gelen k\u00f6yden yerinden edilme, ikincisi ise 2015-2016\u2019da \u201chendek<br \/>\nolaylar\u0131\u201d sonucu vuku bulan kentten yerinden edilmedir.<br \/>\nKitapta her iki yerinden edilmeye de maruz kalm\u0131\u015f ki\u015filerin \u00e7eyrek y\u00fczy\u0131ll\u0131k zorunlu i\u00e7 g\u00f6\u00e7<br \/>\ndeneyimleri ke\u015ffedilmi\u015ftir. \u201cYa\u015fan\u0131lm\u0131\u015f olana\u201d kar\u015f\u0131 geli\u015ftirilen t\u00fckenerek direnmek olgusu<br \/>\nasl\u0131nda bir ba\u015f etme bi\u00e7imidir. Peki neye kar\u015f\u0131? Korucu olmamaya, m\u00fclks\u00fczle\u015fmeye,<br \/>\nyoksullu\u011fa, i\u015fsizli\u011fe, evin-k\u00f6y\u00fcn-kentin-mahallenin yak\u0131l\u0131p y\u0131k\u0131lmas\u0131na, i\u015fkence ve k\u00f6t\u00fc<br \/>\nmuameleye, \u00f6l\u00fcmlere, ac\u0131lara, eziyetlere, rezilli\u011fe, umutsuzlu\u011fa, \u00e7aresizli\u011fe\u2026 Yani her<br \/>\n\u015feye\u2026 Anlat\u0131lan, ya\u015fan\u0131lm\u0131\u015f olana kar\u015f\u0131 s\u0131radan insanlar\u0131n muazzam direni\u015flerinin fakat<br \/>\ndi\u011fer yandan bu direni\u015fe i\u00e7kin olan bir t\u00fckeni\u015fin \u00f6yk\u00fcs\u00fcd\u00fcr.<\/p>\n<p>Adem KILI\u00c7, 2011 y\u0131l\u0131nda Hacettepe \u00dcniversitesi Sosyal Hizmet B\u00f6l\u00fcm\u00fcnden mezun oldu. G\u00fcm\u00fc\u015fhane \u00dcniversitesi Sosyal Hizmet B\u00f6l\u00fcm\u00fcnde ara\u015ft\u0131rma g\u00f6revlisi olarak \u00e7al\u0131\u015ft\u0131 (2013-2014). Bing\u00f6l \u00dcniversitesi Sosyal Hizmet B\u00f6l\u00fcm\u00fcne \u00d6YP (\u00d6\u011fretim \u00dcyesi Yeti\u015ftirme Program\u0131) kapsam\u0131nda ara\u015ft\u0131rma g\u00f6revlisi olarak atand\u0131 (2014). \u00d6YP\u2019li ara\u015ft\u0131rma g\u00f6revlisi olarak lisans\u00fcst\u00fc e\u011fitim i\u00e7in Hacettepe \u00dcniversitesi Sosyal Hizmet B\u00f6l\u00fcm\u00fcnde \u00e7al\u0131\u015ft\u0131 (2015-2018). Hacettepe \u00dcniversitesi Sosyal Bilimler Enstit\u00fcs\u00fc Sosyal Hizmet Anabilim Dal\u0131nda b\u00fct\u00fcnle\u015fik doktora yapt\u0131 (2015-2021). Bing\u00f6l \u00dcniversitesi Fen Edebiyat Fak\u00fcltesi Sosyal Hizmet B\u00f6l\u00fcm\u00fcnde doktor \u00f6\u011fretim \u00fcyesi olarak \u00e7al\u0131\u015fmaktad\u0131r. Ba\u015fl\u0131ca \u00e7al\u0131\u015fma alanlar\u0131; \u00fclke i\u00e7i yerinden edilme, g\u00f6\u00e7, politik sosyal hizmet, politik \u00e7at\u0131\u015fma ve sosyal hizmet, g\u00fc\u00e7lendirme, bask\u0131-kar\u015f\u0131t\u0131 uygulama gibi konulard\u0131r.<\/p>\n<p>Yazar: Adem K\u0131l\u0131\u00e7<\/p>\n<p>Fiyat: 200.00 tl<br \/>\nISBN: 978-625-7383-95-0<br \/>\nEbat: 13.50*21.00 cm<br \/>\nSayfa Say\u0131s\u0131: 524<br \/>\nKapak: Karton Kapak<br \/>\nKategori: Ara\u015ft\u0131rma<br \/>\nDil: T\u00fcrk\u00e7e<\/p>\n<p>www.nubihar.com<\/p>\n","protected":false},"excerpt":{"rendered":"<p>T\u00fcrkiye\u2019nin do\u011fusunda yo\u011funluklu olmak \u00fczere, yar\u0131m asra yak\u0131nd\u0131r \u00e7at\u0131\u015fmal\u0131 bir s\u00fcre\u00e7 devam etmektedir. S\u00f6z konusu \u00e7at\u0131\u015fmal\u0131 s\u00fcrecin en \u00f6nemli sonu\u00e7lar\u0131ndan biri de y\u00fczbinlerce insan\u0131n \u00fclke i\u00e7inde yerinden edilmesidir. \u0130lk yerinden edilme 90\u2019lar boyunca daha \u00e7ok k\u0131rsal kesimlerde meydana gelen k\u00f6yden yerinden edilme, ikincisi ise 2015-2016\u2019da \u201chendek olaylar\u0131\u201d sonucu vuku bulan kentten yerinden edilmedir. Kitapta her &hellip;<\/p>\n","protected":false},"author":32,"featured_media":23170,"comment_status":"open","ping_status":"open","sticky":false,"template":"","format":"standard","meta":{"footnotes":""},"categories":[3],"tags":[3379,6330,117,1616,6329,615],"class_list":["post-23169","post","type-post","status-publish","format-standard","has-post-thumbnail","","category-haber","tag-arastirma","tag-dogu","tag-kurtler","tag-manset","tag-tukenerek-direnmek","tag-turkiye"],"_links":{"self":[{"href":"https:\/\/candname.com\/tr\/index.php?rest_route=\/wp\/v2\/posts\/23169","targetHints":{"allow":["GET"]}}],"collection":[{"href":"https:\/\/candname.com\/tr\/index.php?rest_route=\/wp\/v2\/posts"}],"about":[{"href":"https:\/\/candname.com\/tr\/index.php?rest_route=\/wp\/v2\/types\/post"}],"author":[{"embeddable":true,"href":"https:\/\/candname.com\/tr\/index.php?rest_route=\/wp\/v2\/users\/32"}],"replies":[{"embeddable":true,"href":"https:\/\/candname.com\/tr\/index.php?rest_route=%2Fwp%2Fv2%2Fcomments&post=23169"}],"version-history":[{"count":1,"href":"https:\/\/candname.com\/tr\/index.php?rest_route=\/wp\/v2\/posts\/23169\/revisions"}],"predecessor-version":[{"id":23171,"href":"https:\/\/candname.com\/tr\/index.php?rest_route=\/wp\/v2\/posts\/23169\/revisions\/23171"}],"wp:featuredmedia":[{"embeddable":true,"href":"https:\/\/candname.com\/tr\/index.php?rest_route=\/wp\/v2\/media\/23170"}],"wp:attachment":[{"href":"https:\/\/candname.com\/tr\/index.php?rest_route=%2Fwp%2Fv2%2Fmedia&parent=23169"}],"wp:term":[{"taxonomy":"category","embeddable":true,"href":"https:\/\/candname.com\/tr\/index.php?rest_route=%2Fwp%2Fv2%2Fcategories&post=23169"},{"taxonomy":"post_tag","embeddable":true,"href":"https:\/\/candname.com\/tr\/index.php?rest_route=%2Fwp%2Fv2%2Ftags&post=23169"}],"curies":[{"name":"wp","href":"https:\/\/api.w.org\/{rel}","templated":true}]}}