{"id":23166,"date":"2023-12-10T07:27:58","date_gmt":"2023-12-10T04:27:58","guid":{"rendered":"https:\/\/candname.com\/tr\/?p=23166"},"modified":"2023-12-07T14:32:06","modified_gmt":"2023-12-07T11:32:06","slug":"ehmede-xaninin-hatirasi-uzerine","status":"publish","type":"post","link":"https:\/\/candname.com\/tr\/?p=23166","title":{"rendered":"Ehmed\u00ea Xan\u00ee\u2019nin Hat\u0131ras\u0131 \u00dczerine"},"content":{"rendered":"<div class=\"status-summary\"><span class=\"big-post-text text-default\"><strong>Ehmed\u00ea Xan\u00ee ad\u0131n\u0131 baz\u0131 devlet kurumlar\u0131na verilmesi, Ehmed\u00ea Xan\u00ee sayg\u0131 olarak de\u011ferlendirilebilir. Ama hi\u00e7bir yerde Ehmed\u00ea Xan\u00ee ad\u0131n\u0131n do\u011fru yaz\u0131lmamas\u0131 bu d\u00fc\u015f\u00fcnceyi ge\u00e7ersiz k\u0131lmaktad\u0131r.<\/strong><\/span><\/div>\n<div><\/div>\n<div>\n<div class=\"status-message\">\n<p>28-30 Kas\u0131m tarihleri aras\u0131nda, \u0130BV Y\u00f6netim Kurulu Ba\u015fkan\u0131 \u0130brahim G\u00fcrb\u00fcz ve ara\u015ft\u0131rmac\u0131 -yazar Nihat G\u00fcltekin\u2019le Do\u011fubeyaz\u0131t\u2019\u0131 ve Ehmed\u00ea Xan\u00ee\u2019yi ziyaret ettik. Bu geziyi, Do\u011fubeyaz\u0131t Belediye Ba\u015fkan\u0131 Y\u0131ld\u0131z Acar, Nihat G\u00fcltekin ve \u0130brahim G\u00fcrb\u00fcz birlikte organize ettiler.<\/p>\n<p>\u0130stanbul\u2019dan hareket eden u\u00e7ak Van Havaalan\u0131\u2019na indi. Orada bizi, Peywend Yay\u0131nlar\u0131 sahibi ve \u0130BV Y\u00f6netim Kurulu \u00dcyesi Xalid Sad\u00een\u00ee kar\u015f\u0131lad\u0131. Van\u2019da bir s\u00fcre sohbetten ve yemekten sonra\u00a0 Do\u011fubeyaz\u0131t\u2019a hareket ettik.<\/p>\n<p>Nihat G\u00fcltekin, Do\u011fubeyaz\u0131t\u2019tan \u00f6nce Zilan Deresi\u2019nde\u00a0 baz\u0131 alanlar\u0131n ziyaret edilmesinin do\u011fru olaca\u011f\u0131n\u0131 s\u00f6yledi. \u00d6yle yapt\u0131k.<\/p>\n<p>Zilan Deresi, Van\u2019\u0131n Erci\u015f il\u00e7esinde, Patnos ve \u00c7ald\u0131ran aras\u0131nda\u00a0 yer almaktad\u0131r. Zilan Deresi\u2019nin\u00a0 kayna\u011f\u0131 Tend\u00fcrek da\u011flar\u0131\u2019n\u0131n kuzey taraflar\u0131d\u0131r. Sular\u0131 Van G\u00f6l\u00fc\u2019n\u00fc baslemektedir. Bu b\u00f6lgede Ademan, Sipkan, Zilan, Hesenan a\u015firetlerine ba\u011fl\u0131 18\u00a0 civar\u0131nda k\u00f6y bulunmaktad\u0131r.<\/p>\n<p>Bu b\u00f6lgede A\u011fr\u0131 direni\u015fi s\u0131ras\u0131nda soyk\u0131r\u0131ma varan operasyonlar ger\u00e7ekle\u015fmi\u015f. Nihat G\u00fcltekin, k\u00f6yl\u00fclerin \u00fc\u00e7 alanda toplanarak kur\u015funa dizildiklerini anlattt\u0131. Bu alanlardan\u00a0 biri \u00c7ika Hemoya (Adaxeyb\u00ea), ikincisi \u00c7ika \u00cesk\u00eeya (Milk Komir), \u00fc\u00e7\u00fcnc\u00fcs\u00fc \u00c7ika Bekira (Newala Fed\u00ea, Utan\u00e7 Deresi)<\/p>\n<p>***<\/p>\n<p>Adlar\u0131 ge\u00e7en alanlarda kad\u0131n-erkek, gen\u00e7-ya\u015fl\u0131, \u00e7oluk- \u00e7ocuk b\u00fct\u00fcn k\u00f6yl\u00fcler toplan\u0131yor. Feryad-figan, her tarafta b\u00fcy\u00fck bir u\u011fultu, \u00e7\u0131\u011fl\u0131k\u00a0 var. Bu alanda toplanan k\u00f6ylerin etraf\u0131n\u0131\u00a0 erlerden olu\u015fan tim \u00e7evirmi\u015f. Bu timin g\u00f6revi emir verildi\u011finde\u00a0 bu alanda toplanan halk\u0131n \u00fczerine yak\u0131n mesafeden ate\u015f etmek.<\/p>\n<p>Bu alandan \u00e7ok yo\u011fun bir \u00e7\u0131\u011fl\u0131k y\u00fckseliyor. Her taraf feryad-figan. Bunun \u00fczerine bu timi etraf\u0131na r\u00fctbeli askerlerden olu\u015fa yeni bir tim daha yerle\u015ftiriliyor. Bu timin g\u00f6revi, bu yo\u011fun \u00e7\u0131\u011fl\u0131k kar\u015f\u0131s\u0131nda duygusal davran\u0131p hem ate\u015f etmeyen erlere hem de bu alanda toplanan halka kur\u015fun s\u0131kmak.<\/p>\n<p>Her ihtimale kar\u015f\u0131, bu ikinci timin etraf\u0131na da\u00a0 \u00e7ok daya y\u00fcksek r\u00fctbelilerden olu\u015fan yeni bir tim yerle\u015ftiriliyor. Bu \u015fekilde\u00a0 soyk\u0131r\u0131ma varan bu operasyonlarla halk imha ediliyor.<\/p>\n<p>Y\u0131llar sonra, katledilen bu halk\u0131n torunlar\u0131 atalar\u0131n\u0131 anmak i\u00e7in Adaxeyb\u00ea\u2019de, Zilan\u00a0 Deresi\u2019nin k\u0131y\u0131s\u0131nda duvar \u00e7evirmi\u015f. Devlet ve\u00a0 h\u00fck\u00fcmet yetkilileri, bu duvar\u0131n, 1930\u2019lerdeki operasyonlar\u0131 \u00e7a\u011fr\u0131\u015ft\u0131rd\u0131\u011f\u0131n\u0131 farkederek duvar\u0131 y\u0131kt\u0131rm\u0131\u015f. Ama\u00e7, bu konularda K\u00fcrdler aras\u0131nda\u00a0 toplum bilincinin ve tarih bilincinin olu\u015fmas\u0131na engel olmak. Duvar\u0131 kal\u0131nt\u0131lar\u0131n\u0131 biz de g\u00f6rd\u00fck. Nihat G\u00fcltekin\u2019in bu konuda bir kitab\u0131 da var. D\u00eeware Me J\u00ee Hilwe\u015fand\u0131n, Doz Yay\u0131nlar\u0131 2023\u00a0\u00a0 376 s.<\/p>\n<p>***<\/p>\n<p>Do\u011fubeyaz\u0131t\u2019a Erci\u015f, Muradiye-\u00c7ald\u0131ran \u00fczerinden gittik. Tend\u00fcrek da\u011flar\u0131 bat\u0131m\u0131zda kald\u0131.<\/p>\n<p>Do\u011fubeyaz\u0131t\u2019ta bizi belediye yetkilileri kar\u015f\u0131lad\u0131. Ak\u015fam, yemekte, Belediye Ba\u015fkan\u0131 Y\u0131ld\u0131z Acar\u2019la \u00e7ok verimli\u00a0 g\u00f6r\u00fc\u015fmelerimiz oldu. Y\u0131ld\u0131z Acar ba\u011f\u0131ms\u0131z Belediye Ba\u015fkan\u0131.\u00a0\u00a0 29 Kas\u0131m belediye ba\u015fkan\u0131n\u0131n halkla g\u00f6r\u00fc\u015fme g\u00fcn\u00fcyd\u00fc. O g\u00f6r\u00fc\u015fmeleri de izledik. Halk, kad\u0131n-erkek kalabal\u0131k gruplar hailinde salona al\u0131n\u0131yordu. Herkes belediye ba\u015fkan\u0131na\u00a0 sorunlar\u0131n\u0131 anlat\u0131yordu. Halk, dile getirilen sorunlarla ilgili olarak belediye ba\u015fkan\u0131yla g\u00f6r\u00fc\u015fmeler yap\u0131yordu. Belediye ba\u015fkan\u0131 ilgili ki\u015fileri dinleyip kendi d\u00fc\u015f\u00fcncesini a\u00e7\u0131kl\u0131yordu.<\/p>\n<p>Do\u011fubeyaz\u0131t\u2019ta\u00a0Pira Belek\u00a0K\u00f6pr\u00fcs\u00fc\u2019n\u00fc de ziyaret ettik. Bu k\u00f6pr\u00fcde A\u011fr\u0131 direni\u015f s\u0131ras\u0131nda, 1928\u2019de, direni\u015f\u00e7ilerle h\u00fck\u00fcmet aras\u0131nda bir g\u00f6r\u00fc\u015fme ger\u00e7ekle\u015fmi\u015f. Direni\u015fi b\u0131rak\u0131n, Cumhuriyet\u2019in nimetlerinden yararlan\u0131n \u2026 \u015feklinde g\u00f6r\u00fc\u015fmeler. Bu g\u00f6r\u00fc\u015fmeye \u0130hsan Nuri Pa\u015fa\u2019n\u0131n ve\u00a0Broy\u00ea Hesk\u00ee Tell\u00ee&#8217;nin, h\u00fck\u00fcmet taraf\u0131nda da komutanlar\u0131n kat\u0131ld\u0131\u011f\u0131 ifade edilmektedir. Bu g\u00f6r\u00fc\u015fmeler, K\u00fcrdleri kand\u0131rmaya y\u00f6nelik g\u00f6r\u00fc\u015fmeler oldu\u011fu ferkedildi\u011fi i\u00e7in ba\u015far\u0131ya ula\u015fmam\u0131\u015f. Nihat G\u00fcltekin\u00a0Pira Belek\u00a0K\u00f6pr\u00fcs\u00fc\u2019n\u00fcn ba\u015f\u0131nda bu konularla ilgili \u00f6nemli a\u00e7\u0131klamalar yapt\u0131.<\/p>\n<p>***<\/p>\n<p>Ehmed\u00ea Xan\u00ee\u2019yi ve \u0130shak Pa\u015fa Saray\u0131\u2019n\u0131 da ziyaret ettik. Ehmed\u00ea Xan\u00ee\u2019nin de \u0130shak Pa\u015fa Saray\u0131\u2019n\u0131n da ziyaret\u00e7isi \u00e7oktu. Burada bir duygumu ve d\u00fc\u015f\u00fcncemi ifade etmem gerekiyor. Bir\u00e7ok kuruma Ehmed\u00ea Xan\u00ee\u2019nin ad\u0131 verilmi\u015f. Ama hepsinde de Ehmed\u00ea Xan\u00ee ad\u0131 yanl\u0131\u015f yaz\u0131lm\u0131\u015f. Ahmed-i Hani \u015feklinde yaz\u0131lm\u0131\u015f.\u00a0<em>\u2018A\u011fr\u0131 Ahmed-i Hani Havaalan\u0131\u2019, \u2018 Do\u011fubeyaz\u0131t Ahmed-i Hani Kampusu\u2019, \u2018Ahmed-i Hani K\u00fct\u00fcphanesi\u2019 vs.\u00a0<\/em>Sadece, K\u00fct\u00fcphane\u2019nin bir b\u00f6l\u00fcm\u00fcn\u00fcn kap\u0131s\u0131 \u00fczerinde \u2018Ehmed\u00ea Xan\u00ee\u2019 levhas\u0131 vard\u0131.<\/p>\n<p>Ehmed\u00ea Xan\u00ee T\u00fcrbesi\u2019nde Kitapl\u0131kta Diyanet \u0130\u015fleri Ba\u015fkanl\u0131\u011f\u0131\u2019n\u0131n \u00e7ok kal\u0131n ciltleri vard\u0131. 15 kadar. Kitap vard\u0131. Ama kitapl\u0131kta Mem-\u00fb Z\u00een ve N\u00fbbihara Bi\u00e7ukan yoktu. Ehmed\u00ea Xan\u00ee \u015fiirinden \u00fc\u00e7-d\u00f6rt sat\u0131r T\u00fcrk\u00e7e\u2019ye \u00e7evrilmi\u015f. Ehmed\u00ea Xan\u00ee\u2019nin mezar\u0131n\u0131 ba\u015f\u0131na bu \u00e7eviri as\u0131lm\u0131\u015ft\u0131.<\/p>\n<p>Daha \u00f6nce de\u00a0 Ehmed\u00ea Xan\u00ee\u2019yi \u0130shak Pa\u015fa Saray\u0131\u2019 birka\u00e7 defa ziyaret etmi\u015ftim.\u00a0 Bir \u00e7ay bah\u00e7esinde,\u00a0 etrafa bakarken etraftaki da\u011flar\u0131n ne kadar y\u00fcksek oldu\u011funu, ilk defa\u00a0 bu gezide farkettim. Bu alanda B\u00fcy\u00fck A\u011fr\u0131 Da\u011f\u0131 ve K\u00fc\u00e7\u00fck A\u011fr\u0131 Da\u011f\u0131 da ufukta g\u00f6r\u00fcnm\u00fcyordu.<\/p>\n<p>***<\/p>\n<p>Ehmed\u00ea Xan\u00ee ad\u0131n\u0131 baz\u0131 devlet kurumlar\u0131na verilmesi, Ehmed\u00ea Xan\u00ee sayg\u0131 olarak de\u011ferlendirilebilir. Ama hi\u00e7bir yerde Ehmed\u00ea Xan\u00ee ad\u0131n\u0131n do\u011fru yaz\u0131lmamas\u0131 bu d\u00fc\u015f\u00fcnceyi ge\u00e7ersiz k\u0131lmaktad\u0131r.<\/p>\n<p>Do\u011fubeyaz\u0131t\u2019a ilk olarak 1967 Sonbahar\u0131nda gelmi\u015ftim. Ondan sonra pek \u00e7ok geli\u015fimiz -gidi\u015fimiz oldu. O g\u00fcnlerden bug\u00fcne Do\u011fubeyaz\u0131t\u2019da gerek maddi planda, gerek manevi planda \u00e7ok \u00f6nemli geli\u015fmeler oldu. Son y\u0131llarda, bu geli\u015fmeler daha belirgin bir \u015fekilde artt\u0131. Bu gezide rahmetli dostumuz\u00a0 Mehmet Karahan\u2019\u0131n \u00e7ocuklar\u0131n\u0131 da g\u00f6rmek bana b\u00fcy\u00fck bir mutluluk verdi. Mehmet Karahan\u2019la 1971, 12 Mart rejimi d\u00f6neminde Diyarbak\u0131r Askeri Tutukevi\u2019nde beraberdik. Rahmetli Av. Bahattin\u00a0 Ery\u0131lmaz, rahmetli Av. Mustafa \u00c7aml\u0131bel rahmetli Av. Erdo\u011fan Teomete, esnaftan Mustafa \u00d6zbay\u00a0 ko\u011fu\u015f arkada\u015flar\u0131m\u0131z aras\u0131ndayd\u0131.<\/p>\n<p><strong>\u0130smail Be\u015fik\u00e7i-Nerinaazad.com<\/strong><\/p>\n<\/div>\n<\/div>\n","protected":false},"excerpt":{"rendered":"<p>Ehmed\u00ea Xan\u00ee ad\u0131n\u0131 baz\u0131 devlet kurumlar\u0131na verilmesi, Ehmed\u00ea Xan\u00ee sayg\u0131 olarak de\u011ferlendirilebilir. Ama hi\u00e7bir yerde Ehmed\u00ea Xan\u00ee ad\u0131n\u0131n do\u011fru yaz\u0131lmamas\u0131 bu d\u00fc\u015f\u00fcnceyi ge\u00e7ersiz k\u0131lmaktad\u0131r. 28-30 Kas\u0131m tarihleri aras\u0131nda, \u0130BV Y\u00f6netim Kurulu Ba\u015fkan\u0131 \u0130brahim G\u00fcrb\u00fcz ve ara\u015ft\u0131rmac\u0131 -yazar Nihat G\u00fcltekin\u2019le Do\u011fubeyaz\u0131t\u2019\u0131 ve Ehmed\u00ea Xan\u00ee\u2019yi ziyaret ettik. Bu geziyi, Do\u011fubeyaz\u0131t Belediye Ba\u015fkan\u0131 Y\u0131ld\u0131z Acar, Nihat G\u00fcltekin ve &hellip;<\/p>\n","protected":false},"author":32,"featured_media":23167,"comment_status":"open","ping_status":"open","sticky":false,"template":"","format":"standard","meta":{"footnotes":""},"categories":[5371],"tags":[1616],"class_list":["post-23166","post","type-post","status-publish","format-standard","has-post-thumbnail","","category-alinti-yazilar","tag-manset"],"_links":{"self":[{"href":"https:\/\/candname.com\/tr\/index.php?rest_route=\/wp\/v2\/posts\/23166","targetHints":{"allow":["GET"]}}],"collection":[{"href":"https:\/\/candname.com\/tr\/index.php?rest_route=\/wp\/v2\/posts"}],"about":[{"href":"https:\/\/candname.com\/tr\/index.php?rest_route=\/wp\/v2\/types\/post"}],"author":[{"embeddable":true,"href":"https:\/\/candname.com\/tr\/index.php?rest_route=\/wp\/v2\/users\/32"}],"replies":[{"embeddable":true,"href":"https:\/\/candname.com\/tr\/index.php?rest_route=%2Fwp%2Fv2%2Fcomments&post=23166"}],"version-history":[{"count":1,"href":"https:\/\/candname.com\/tr\/index.php?rest_route=\/wp\/v2\/posts\/23166\/revisions"}],"predecessor-version":[{"id":23168,"href":"https:\/\/candname.com\/tr\/index.php?rest_route=\/wp\/v2\/posts\/23166\/revisions\/23168"}],"wp:featuredmedia":[{"embeddable":true,"href":"https:\/\/candname.com\/tr\/index.php?rest_route=\/wp\/v2\/media\/23167"}],"wp:attachment":[{"href":"https:\/\/candname.com\/tr\/index.php?rest_route=%2Fwp%2Fv2%2Fmedia&parent=23166"}],"wp:term":[{"taxonomy":"category","embeddable":true,"href":"https:\/\/candname.com\/tr\/index.php?rest_route=%2Fwp%2Fv2%2Fcategories&post=23166"},{"taxonomy":"post_tag","embeddable":true,"href":"https:\/\/candname.com\/tr\/index.php?rest_route=%2Fwp%2Fv2%2Ftags&post=23166"}],"curies":[{"name":"wp","href":"https:\/\/api.w.org\/{rel}","templated":true}]}}