{"id":23162,"date":"2023-12-09T07:02:42","date_gmt":"2023-12-09T04:02:42","guid":{"rendered":"https:\/\/candname.com\/tr\/?p=23162"},"modified":"2023-12-06T12:07:26","modified_gmt":"2023-12-06T09:07:26","slug":"sivan-perwer-acilim-oldu-davet-edildik-gittik-ama-baska-seylerle-karsilastik","status":"publish","type":"post","link":"https:\/\/candname.com\/tr\/?p=23162","title":{"rendered":"\u015eivan Perwer: A\u00e7\u0131l\u0131m oldu, davet edildik, gittik ama ba\u015fka \u015feylerle kar\u015f\u0131la\u015ft\u0131k"},"content":{"rendered":"<p><strong>50. sanat y\u0131l\u0131 nedeniyle konser serisine haz\u0131rlanan \u015eivan Perwer, bir tek T\u00fcrkiye&#8217;de konser verememekten yak\u0131n\u0131yor: Yava\u015f yava\u015f ya\u015flan\u0131yorum, bir hastal\u0131k olsa kendi insan\u0131m\u0131 g\u00f6remeden gittim, eyvah.&#8221;<\/strong><\/p>\n<p>Sanat ya\u015fam\u0131nda yar\u0131m asr\u0131 deviren sanat\u00e7\u0131 \u015eivan Perwer, \u00f6n\u00fcm\u00fczdeki y\u0131l d\u00fcnyan\u0131n bir\u00e7ok \u00fclkesinde 50. y\u0131l konserleri d\u00fczenliyor. 50 y\u0131ld\u0131r s\u00fcrg\u00fcnde s\u00f6yledi\u011fi kilamlarla \u00fcretimini aral\u0131ks\u0131z s\u00fcrd\u00fcren sanat\u00e7\u0131, pek \u00e7ok \u00fclkede konser vermesine ra\u011fmen do\u011fdu\u011fu topraklarda halkla bulu\u015famaman\u0131n ac\u0131s\u0131n\u0131 ya\u015f\u0131yor. Perwer, \u201cK\u00eene em\u2019i, Xezaleyi, Halep\u00e7e\u2019yi kendi halk\u0131ma, kendi \u00fclkemde s\u00f6yleyemedim. Bu \u00e7ok ac\u0131 bir \u015fey.\u00a0Hep sa\u011flam durmak i\u00e7in direniyorum ama bu durum \u00e7ok incitiyor beni&#8221; diyor.<\/p>\n<p><em>\u015eivan Perwer ile Erbil\u2019deki evinde verece\u011fi konserlere, sanat ya\u015fam\u0131na, T\u00fcrkiye\u2019deki siyasal geli\u015fmelere ili\u015fkin konu\u015ftuk.\u00a0<\/em><\/p>\n<p>Bug\u00fcne kadar dernekler ve siyasi partiler arac\u0131l\u0131\u011f\u0131yla Newroz, festival gibi pek \u00e7ok etkinli\u011fe kat\u0131lan ama \u00f6zel konser yapmayan sanat\u00e7\u0131, \u201cBiz de sanat konusunda bir a\u00e7\u0131l\u0131m yapal\u0131m, bir de\u011fi\u015fiklik olsun diyorduk. \u00c7o\u011fu kez \u00e7e\u015fitli m\u00fcnasebetler nedeniyle konserler yap\u0131lm\u0131\u015ft\u0131. Ama ben yaln\u0131z de\u011fildim, ba\u015fka sanat\u00e7\u0131lar da olurdu\u201d dedi.<\/p>\n<h1>TOPLUM DI\u015eI SANAT OLMAZ<\/h1>\n<p>K\u00fcrt toplumu i\u00e7erisinde sanat\u0131n belirli oranda serbest\u00e7e bir hareket y\u00f6n\u00fc olmad\u0131\u011f\u0131na, yapmak isteyenlerin de engellendi\u011fine dikkat \u00e7eken Perwer, kendisinin de bu y\u00f6ndeki giri\u015fimlerinin zaman zaman engellendi\u011fini s\u00f6yledi.<\/p>\n<p>Sanat anlay\u0131\u015f\u0131n\u0131 anlatan Perwer, \u015f\u00f6yle konu\u015ftu: &#8220;Sanat\u0131n her zaman kendi ba\u015f\u0131na bir olay oldu\u011funu yineliyordum. Sanat elbette ki toplum mal\u0131d\u0131r ve toplumsal olmal\u0131. Toplum d\u0131\u015f\u0131 sanat olamaz, olsa da ya\u015fayamaz ya da ki\u015filerin amac\u0131na g\u00f6re y\u00f6nlendirilir. Onun i\u00e7in sanat\u0131n toplumsalla\u015fmas\u0131, toplumu harekete ge\u00e7irmesi, mobilize etmesi, d\u00fc\u015f\u00fcnd\u00fcrmesi gerekmeli. Bu illa bir siyasi hareketin, derne\u011fin g\u00fcd\u00fcm\u00fcnde olmas\u0131 anlam\u0131na gelmemeli. Sanat bir olu\u015fumun g\u00fcd\u00fcm\u00fcnde olursa o \u00f6zelli\u011fini kaybeder, gerekti\u011fi gibi geli\u015femez, yolunu \u00e7izemez, \u00f6\u011freti olmaktan uzakla\u015f\u0131r. Sanat\u00e7\u0131 kendi y\u00f6n\u00fcn\u00fcn \u00e7izdi\u011fi zaman belirli bir seviyeye ula\u015f\u0131r ve daha \u00e7ok etkili olur. Onun i\u00e7in benim gibi d\u00fc\u015f\u00fcnen arkada\u015flar\u0131m\u0131z bir araya geliyor ve \u00f6zel konserler yapal\u0131m dedi\u011fimizde araya bir \u015feyler kar\u0131\u015f\u0131yor ve engellemeler oluyordu.\u201d<\/p>\n<p>\u015eivan Perwer, sanat ve sanat\u00e7\u0131n\u0131n siyasetin lokomotifi olarak g\u00f6r\u00fcld\u00fc\u011f\u00fcne dair yayg\u0131n bir kan\u0131 oldu\u011funu belirterek, \u201cSanki siyaset sanat\u00e7\u0131s\u0131z ya\u015fayamaz, geli\u015femez, siyasetin kendi ba\u015f\u0131na geli\u015fmeye g\u00fcveni yok gibi bir durum var. Temelde her \u015fey birbirinin par\u00e7as\u0131d\u0131r ama \u00fcstte bir ay\u0131r\u0131m da s\u00f6z konusu. Onun i\u00e7in burada bu engellemelerden dolay\u0131 \u00e7ok s\u0131k\u0131nt\u0131 ya\u015fad\u0131k&#8221; diye konu\u015ftu.<\/p>\n<h2>K\u00dcRT SANAT\u00c7ILAR FEDAKARLIK G\u00d6STER\u0130YOR<\/h2>\n<p>Perwer, K\u00fcrtlerin bir devleti olmamas\u0131ndan kaynakl\u0131 sahip \u00e7\u0131k\u0131lmayan, devletin sundu\u011fu olanaklardan faydalanmayan K\u00fcrt sanat\u00e7\u0131lar\u0131n olduk\u00e7a fedakarl\u0131k yapt\u0131\u011f\u0131n\u0131n alt\u0131n\u0131 \u00e7izdi.<\/p>\n<p>\u201cSanat\u00e7\u0131 ne olursa olsun kendi toplumsal, tarihsel, k\u00fclt\u00fcrel de\u011ferlerini yukar\u0131 ta\u015f\u0131mal\u0131d\u0131r. Sanattan bir \u015fey kazanmasam bile sanattan anl\u0131yor ve sanat sergileyebiliyorsam ben sanat yapmal\u0131y\u0131m.\u00a0\u00c7\u00fcnk\u00fc bunu yapmasam gereken, istenilen \u015feyler kendili\u011finden geli\u015fmez, bu geli\u015fmelerin bir par\u00e7as\u0131 olmal\u0131y\u0131m. Biz bu konuda \u00e7o\u011fu yerde \u00e7ok fedakarl\u0131k g\u00f6sterdik&#8221; diyen Perwer, &#8220;Ezildik, kat\u0131ld\u0131\u011f\u0131m\u0131z konserlerde para verildi-verilmedi, de\u011fer g\u00f6r\u00fcld\u00fc- g\u00f6r\u00fclmedi, bunlar\u0131 d\u00fc\u015f\u00fcnmedik. Halk\u0131m\u0131z\u0131n durumu b\u00f6yle. O halk\u0131n bir par\u00e7as\u0131 olarak onun gibi ya\u015famal\u0131 ve hareket etmeliyiz, dedik. Bence bu \u00e7ok do\u011fru bir \u015feydi. K\u00fcrt sanat\u0131 bu y\u00f6nde hareket eder ve etti. Bu konuda fedakarl\u0131k g\u00f6steren t\u00fcm K\u00fcrt arkada\u015flar\u0131ma da te\u015fekk\u00fcr ediyorum. \u00c7\u00fcnk\u00fc K\u00fcrt olup da K\u00fcrt de\u011ferlerinden ayr\u0131lan, ayr\u0131ca K\u00fcrt de\u011ferlerinin birikimi \u00fczerinde geli\u015fmeye ve onu ba\u015fkala\u015ft\u0131rmaya \u00e7al\u0131\u015fan bir s\u00fcr\u00fc sanat\u00e7\u0131 \u00e7\u0131kt\u0131. K\u00fcrd\u00fc, K\u00fcrdistan\u0131 unuttular, kendi de\u011ferlerini, ger\u00e7e\u011fini unuttular ya da unutturmaya \u00e7al\u0131\u015ft\u0131lar. Ayn\u0131 bask\u0131c\u0131 ve d\u00fc\u015fmanl\u0131k besleyen kesimler gibi onlar\u0131n g\u00fcd\u00fcm\u00fcne ve hizmetine girdiler. Ama bizim gibiler tamamen kendi ger\u00e7e\u011fine dayanarak hareket etti. Annem bana hangi loriyi s\u00f6yledi? Babam hangi dili konu\u015ftu? Bu dille s\u00f6yleyece\u011fim, bu benim ger\u00e7e\u011fim ve do\u011frumdur. Her toplum i\u00e7in do\u011frusu da odur.&#8221;<\/p>\n<h3>BU B\u0130R ZERDE\u015eT SOFRASI<\/h3>\n<p>Her topluluk gibi K\u00fcrtlerin de kendi dilinde ya\u015famak hakk\u0131 oldu\u011funu belirten Perwer, bu konuda K\u00fcrtlere yap\u0131lan bask\u0131lar\u0131n sayg\u0131s\u0131zl\u0131k oldu\u011funu s\u00f6yledi<\/p>\n<p>Perwer, \u015funlar\u0131 s\u00f6yledi: \u201cE\u011fer toplumlar birbirine kar\u015f\u0131 sayg\u0131 ve sevgiyle yakla\u015f\u0131rsa, T\u00fcrk\u00e7e bilen bir K\u00fcrt sanat\u00e7\u0131 T\u00fcrk\u00e7e de s\u00f6yleyebilir, Arap\u00e7a da. Ama i\u00e7inde ya\u015fad\u0131\u011f\u0131m\u0131z ba\u015fka toplumlar\u0131n K\u00fcrt halk\u0131na kar\u015f\u0131 hi\u00e7 sayg\u0131lar\u0131 yok. Ben bir T\u00fcrk sanat\u00e7\u0131s\u0131n\u0131n K\u00fcrt\u00e7e s\u00f6yledi\u011fini duymad\u0131m. Bazen faydac\u0131 yakla\u015f\u0131mla s\u00f6yleyenler \u00e7\u0131kabiliyor. Bizden \u00e7ok ald\u0131lar, te\u015fekk\u00fcr etmediler, inkar ettiler, bize kar\u015f\u0131 oldular, d\u00fc\u015fman oldular. Ben buna \u015fa\u015f\u0131r\u0131yorum. Herkes sofram\u0131za oturdu ama hep sofram\u0131za ihanet ettiler. Bizimki bir Zerde\u015ft sofras\u0131. Zerde\u015ft\u2019in sofras\u0131 \u00e7ok c\u00f6mert, geni\u015f ve bereketli bir sofra. Bizim de\u011ferlerimiz i\u00e7inde \u00e7ok yerle\u015fmi\u015f bir inan\u00e7t\u0131r, de\u011ferdir. B\u00fct\u00fcn semavi dinlerden \u00f6nce bu vard\u0131. Zerd\u00fc\u015ft b\u00fcy\u00fck ac\u0131larla kar\u015f\u0131la\u015fm\u0131\u015f ve \u00f6ld\u00fcr\u00fclene kadar hep fedakarl\u0131k etmi\u015f. K\u00fcrt halk\u0131 tarihsel s\u00fcre\u00e7te \u00e7ok b\u00fcy\u00fck de\u011ferler, b\u00fcy\u00fck medeniyetler yaratm\u0131\u015f. \u0130\u015fte bu sofra bu medeniyetlerle zenginle\u015fmi\u015ftir. Ama inkar ediyorlar ve bu sofraya d\u00fc\u015fman olmu\u015flar. Bize kar\u015f\u0131 olan kesimler de\u011ferli g\u00f6rd\u00fckleri her \u015feyimize el koymaya \u00e7al\u0131\u015ft\u0131.\u201d<\/p>\n<h5>T\u00dcRK\u0130YE&#8217;DE BERBAT B\u0130R S\u0130YASET YAPILIYOR<\/h5>\n<p>Perwer, b\u00fcy\u00fck ac\u0131lar ya\u015fat\u0131lmas\u0131na, ezilmesine, dilinin yasaklanmas\u0131na ra\u011fmen K\u00fcrtlerin ba\u015fka halklara d\u00fc\u015fman olmad\u0131\u011f\u0131n\u0131 s\u00f6yledi. Perwer, \u201cK\u00fcrtlere asla \u2018bize bunlar\u0131 ya\u015fatanlar\u0131n d\u00fc\u015fman\u0131 ol\u2019 demem&#8221; dedi.<\/p>\n<p>&#8220;T\u00fcrkiye\u2019de berbat, ay\u0131p ve insanl\u0131k d\u0131\u015f\u0131 bir siyaset yap\u0131l\u0131yor&#8221; diyen Perwer, \u015f\u00f6yle devam etti: &#8220;Siyaset \u00f6yle olmaz. Birka\u00e7 profes\u00f6r, akademisyen \u00e7\u0131kt\u0131klar\u0131 tart\u0131\u015fma programlar\u0131nda \u0131rk\u00e7\u0131l\u0131k yap\u0131yorlar. Oysa sen bilim insan\u0131s\u0131n, t\u00fcm insanl\u0131k i\u00e7in d\u00fc\u015f\u00fcn\u00fcp, \u00e7al\u0131\u015fmal\u0131s\u0131n. Bu topraklar sadece senin de\u011fil. Senin peygamberin bile \u2018ayn\u0131 toprak \u00fczerinde ya\u015fayan t\u00fcm insanlar\u0131n o topra\u011fa sahip olma hakk\u0131 vard\u0131r\u2019 diyor. Dinin \u00f6yle diyor, dindar kesiliyor ama dinini inkar ediyorsun. \u2018Yarat\u0131lan\u0131 severiz, yaratandan \u00f6t\u00fcr\u00fc\u2019 diyorsun. Oysa ki yok ediyorsun. Allah K\u00fcrd\u00fc de yaratm\u0131\u015f, sen seviyor musun? \u00d6ld\u00fcr\u00fcyorsun, bombal\u0131yorsun, yasakl\u0131yorsun. Bir de baz\u0131 yerlerde demokrat kesilerek, &#8216;Asimilasyon en b\u00fcy\u00fck su\u00e7tur, fa\u015fizmdir&#8217; diyorlar ama 30 milyon K\u00fcrd\u00fc T\u00fcrkiye\u2019de y\u00fczy\u0131ld\u0131r asimile ediyorlar. K\u00fcrt, \u2018hay\u0131r, ben yok olamam\u2019 dedi. \u00c7\u00fcnk\u00fc benim tarihte yaratt\u0131\u011f\u0131m de\u011ferler seninkinden katbekat \u00fcst\u00fcnd\u00fcr. A\u00e7\u0131l\u0131m meselesi de oldu, davet edildik, gittik ama ba\u015fka \u015feylerle kar\u015f\u0131la\u015ft\u0131k. Biz ki\u015filerin s\u00f6zlerini de\u011fil, niyetlerini anlamaya \u00e7al\u0131\u015ft\u0131k. Sonra bakt\u0131k ki niyet ve s\u00f6z ayn\u0131 \u015fey de\u011fil\u201d<\/p>\n<figure class=\"image align-center\"><img loading=\"lazy\" decoding=\"async\" src=\"https:\/\/i.gazeteduvar.com.tr\/storage\/files\/images\/2023\/12\/05\/0-iozj.jpg\" alt=\"\" width=\"726\" height=\"544\" \/><figcaption>Bircan De\u011firmenci, Perwer\u2019le Erbil\u2019de g\u00f6r\u00fc\u015ft\u00fc.<\/figcaption><\/figure>\n<h6>B\u0130R\u00c7OK \u00dcLKEDE KONSER VERECEK<\/h6>\n<p>Sanatta 50&#8217;nci y\u0131l\u0131n\u0131 s\u00fcren Perwer\u2019in sanat\u00e7\u0131, gazeteci dostlar\u0131, yak\u0131nlar\u0131, bu meseleye y\u0131llar\u0131n\u0131 verdi\u011fini ve hala m\u00fccadele etti\u011fini hat\u0131rlatarak, \u2018bunu neden kutlamayal\u0131m\u2019 diyerek kollar\u0131 s\u0131vam\u0131\u015flar. \u00d6n\u00fcm\u00fczdeki y\u0131l boyunca Almanya\u2019n\u0131n Fankfurt, M\u00fcnih, Hamburg, Berlin kentleriyle, Basel, Stokholm, Viyana, Londra, Kanada, Japonya, Amerika Birle\u015fik Devletleri ve Telaviv gibi yerlerde konser haz\u0131rl\u0131klar\u0131na ba\u015flam\u0131\u015flar.<br \/>\nKonserler s\u00fcrecinin kendisini yoraca\u011f\u0131n\u0131 belirten Perwer, &#8220;Ne kadar dayanaca\u011f\u0131m\u0131 bilemiyorum. \u00c7o\u011fu zaman oktav \u00fcst\u00fc okuyorum. 23 sese kadar gidiyorum. \u0130ki konser arka arkaya olunca zahmet veriyor bana. Bas bariton, tenor her tonda okuyorum. Yani 20 saat bariton olarak okurum ama tenora gelince segah, hicaz makamlar \u00e7ok ses istiyor. Ger\u00e7i bo\u011faz\u0131m da buna al\u0131\u015ft\u0131 ve ba\u015faraca\u011f\u0131ma inan\u0131yorum&#8221; dedi.<br \/>\nKonserlere T\u00fcrkiye ve Avrupa\u2019dan alan\u0131nda uzman 15 ki\u015filik m\u00fczisyenle yayl\u0131, nefesli ve ritim sazlar e\u015flik edecek.<\/p>\n<p>Konser haz\u0131rl\u0131klar\u0131yla ilgili bilgi veren Perwer, &#8220;Hakan Akay \u0130stanbul\u2019a m\u00fczisyenlerle \u00e7al\u0131\u015fmak i\u00e7in gitti ve daha sonra\u00a0Almanya\u2019ya gelecekler. Baz\u0131 yerlerde biletler t\u00fckenmi\u015f. Bu kadar ilgi g\u00f6rece\u011fini tahmin etmiyordum. \u00c7\u00fcnk\u00fc yaln\u0131z\u0131m. Di\u011fer organizasyonlarda ba\u015fka sanat\u00e7\u0131larla birlikte \u00e7\u0131k\u0131yordum ama biletlerin t\u00fckendi\u011fini g\u00f6rmemi\u015ftim. Demek ki halk\u0131m\u0131z aras\u0131nda bir yerimiz vard\u0131r. Ben tabi ki zaman zaman bize kar\u015f\u0131 durumlar olsa da K\u00fcrt halk\u0131n\u0131n sevgisini \u00e7ok g\u00f6rd\u00fcm.\u201d<\/p>\n<h6>D\u00dcNYANIN HER \u00dcLKES\u0130NDE \u015eARKI S\u00d6YLED\u0130M<\/h6>\n<p>Sanat\u00e7\u0131, onca \u00fclkede konser verecekken T\u00fcrkiye\u2019de kendi topraklar\u0131nda konser verememenin sanc\u0131s\u0131n\u0131 ya\u015fad\u0131\u011f\u0131n\u0131 ifade ediyor.<br \/>\n\u201cT\u00fcrkiye\u2019de konser vermeyi nas\u0131l istemem ki?&#8221; diyen Perwer, &#8220;Kocaman, \u00e7ok derin k\u00f6k sald\u0131\u011f\u0131 topraklar\u0131n \u00fczerinde ya\u015fayan bir toplumun \u00e7ocuklar\u0131 kendi \u00fclkesinde yasaklanm\u0131\u015f. \u00c7ok ac\u0131 bir mesele. Medeniyet buradan ye\u015fermi\u015f. Biz bu topraklar \u00fczerindeyiz. Ba\u015fka yerden mi buraya geldik? Biz buran\u0131n sahibiyiz, bu topraktan do\u011fduk. Bu K\u00fcrtler nereden geldi, kimse bunu sormuyor.\u00a0 Vicdans\u0131zca davranarak, s\u00fcrekli K\u00fcrtleri yok saymaya \u00e7al\u0131\u015f\u0131yorlar. O kadar b\u00fcy\u00fck inkar ve ihanet var ki. K\u00fcrt toplumu kendini bu konuda \u015fansl\u0131 saymal\u0131. \u00c7\u00fcnk\u00fc devletle\u015fmeseler de direnerek her zaman kendilerini var etmeyi ba\u015fard\u0131lar. Direnerek kendini var eden bir toplum y\u00fczde y\u00fcz devlet de olur. Bence her K\u00fcrt b\u00f6yle bakmal\u0131&#8221; diye konu\u015ftu.<\/p>\n<p>\u015eivan Perwer, \u201cHerkes bir g\u00fcn beni memlekette g\u00f6rmek istiyor&#8221; diyerek, &#8220;D\u00fcnyan\u0131n her \u00fclkesinde \u015fark\u0131 s\u00f6yledim ama do\u011fdu\u011fum topraklarda s\u00f6yleyemedim. Milyonlarca insan var orada. Belki 4-5 milyonu d\u0131\u015far\u0131da. D\u0131\u015far\u0131da olan her K\u00fcrde defalarca s\u00f6ylemi\u015fim. B\u0131kmadan, yorulmadan binlerce kilometre kat edip beni seyre geliyorlar. Millet ve ben de o \u00f6zlem ve hasret i\u00e7indeyiz. Yava\u015f yava\u015f ya\u015flan\u0131yorum, bir hastal\u0131k olsa, bir kaza olsa kendi insan\u0131m\u0131, halk\u0131m\u0131 g\u00f6rmeden gittim, eyvah. Ben K\u00eene em\u2019i, Xezale&#8217;yi, Halep\u00e7e\u2019yi kendi halk\u0131ma, kendi \u00fclkemde s\u00f6yleyemedim. Bu \u00e7ok ac\u0131 bir \u015fey. Ben hep sa\u011flam durmak i\u00e7in direniyorum ama bu durum \u00e7ok incitiyor beni. 50 y\u0131l ge\u00e7ti. Ve ben 50 y\u0131l topra\u011f\u0131ma, halk\u0131ma hasret kald\u0131m. Bug\u00fcne kadar direnip ayakta kalan bir toplum bu hasreti de dindirir. Bunun i\u00e7in hepimiz birlikte \u00e7al\u0131\u015fmal\u0131y\u0131z. Ayr\u0131ca beraber ya\u015fad\u0131\u011f\u0131m\u0131z toplumlar vicdanla hareket etmeli. T\u00fcrkiye de\u011fi\u015fmeli, b\u00f6yle bir durumda T\u00fcrkiye de geli\u015femez. D\u00fc\u015fmanl\u0131k iyi bir \u015fey de\u011fil, y\u0131k\u0131m, kaybetmek, gerilemek demektir. Bizim yoklu\u011fumuz \u00fczerine asla geli\u015femezler. \u00c7\u00fcnk\u00fc biz T\u00fcrkiye\u2019nin kurulmas\u0131na da \u00e7ok hizmet ettik. K\u00fcrtler asla kimsenin hakk\u0131na tecav\u00fcz etmedi&#8221; ifadesini kulland\u0131.<\/p>\n<h1>\u00dcRETMEYE DEVAM ED\u0130YOR<\/h1>\n<p>50 y\u0131ld\u0131r \u00fcretimden kopmad\u0131\u011f\u0131n\u0131 s\u00f6yleyen sanat\u00e7\u0131, g\u00fcnde 12 saat say\u0131yla \u00e7al\u0131\u015ft\u0131\u011f\u0131n\u0131 belirtti. Perwer, \u201cBa\u015fka enstr\u00fcmanlar da \u00e7al\u0131yorum ama benim i\u00e7in profesyonel alet sazd\u0131r. Yaln\u0131z kal\u0131nca sazla biz konu\u015fuyoruz. Birlikte duygulan\u0131yor ve a\u011fl\u0131yoruz&#8221; dedi.<\/p>\n<p>50 y\u0131l boyunca kendisi i\u00e7in \u00f6zel bir \u015fey istemedi\u011fini, \u00f6vg\u00fc beklemedi\u011fini s\u00f6yleyen sanat\u00e7\u0131,\u00a0&#8220;Kimileri \u00e7ok \u00f6v\u00fcyor ama biz bu halk\u0131n \u00e7ocu\u011fuyuz. Benim ya\u015fam\u0131m halk\u0131mdan \u00fcst\u00fcn de\u011fildir. Bir emek \u00fcretiyorsun, insanlar da yararlan\u0131yor. Bu g\u00fczel bir \u015fey. Bunu devam ettirmek gerekti\u011finin bilincindeyim ama toplumun o kadar \u00e7ok sevgisini g\u00f6r\u00fcyorum ki ne diyece\u011fimi bilemiyorum. \u0130yi bir \u015fey yap\u0131yorum demek ki. Toplumun da sevgisine lay\u0131k olmak, onlar\u0131 \u00fczen \u015feyler yapmamak laz\u0131m. Bu bir sevgi, fedakarl\u0131k, \u00f6\u011freti, iyilik \u00fcretiyorsa buna devam etmek gerekli. Hayat\u0131m\u0131n sonuna kadar da toplumu, insan\u0131 sevmeye, de\u011fer vermeye devam edece\u011fim&#8221;\u00a0dedi.<\/p>\n<p><strong>Bircan De\u011firmenci-Gazete Duvar<\/strong><\/p>\n","protected":false},"excerpt":{"rendered":"<p>50. sanat y\u0131l\u0131 nedeniyle konser serisine haz\u0131rlanan \u015eivan Perwer, bir tek T\u00fcrkiye&#8217;de konser verememekten yak\u0131n\u0131yor: Yava\u015f yava\u015f ya\u015flan\u0131yorum, bir hastal\u0131k olsa kendi insan\u0131m\u0131 g\u00f6remeden gittim, eyvah.&#8221; Sanat ya\u015fam\u0131nda yar\u0131m asr\u0131 deviren sanat\u00e7\u0131 \u015eivan Perwer, \u00f6n\u00fcm\u00fczdeki y\u0131l d\u00fcnyan\u0131n bir\u00e7ok \u00fclkesinde 50. y\u0131l konserleri d\u00fczenliyor. 50 y\u0131ld\u0131r s\u00fcrg\u00fcnde s\u00f6yledi\u011fi kilamlarla \u00fcretimini aral\u0131ks\u0131z s\u00fcrd\u00fcren sanat\u00e7\u0131, pek \u00e7ok \u00fclkede &hellip;<\/p>\n","protected":false},"author":32,"featured_media":23163,"comment_status":"open","ping_status":"open","sticky":false,"template":"","format":"standard","meta":{"footnotes":""},"categories":[1539],"tags":[5372,6328,6326,1616,6327,6325,177],"class_list":["post-23162","post","type-post","status-publish","format-standard","has-post-thumbnail","","category-roportaj","tag-gazete-duvar","tag-kurt-sanatcilar","tag-kurtce-sanat","tag-manset","tag-sanatci","tag-sivan-perver","tag-sivan-perwer"],"_links":{"self":[{"href":"https:\/\/candname.com\/tr\/index.php?rest_route=\/wp\/v2\/posts\/23162","targetHints":{"allow":["GET"]}}],"collection":[{"href":"https:\/\/candname.com\/tr\/index.php?rest_route=\/wp\/v2\/posts"}],"about":[{"href":"https:\/\/candname.com\/tr\/index.php?rest_route=\/wp\/v2\/types\/post"}],"author":[{"embeddable":true,"href":"https:\/\/candname.com\/tr\/index.php?rest_route=\/wp\/v2\/users\/32"}],"replies":[{"embeddable":true,"href":"https:\/\/candname.com\/tr\/index.php?rest_route=%2Fwp%2Fv2%2Fcomments&post=23162"}],"version-history":[{"count":1,"href":"https:\/\/candname.com\/tr\/index.php?rest_route=\/wp\/v2\/posts\/23162\/revisions"}],"predecessor-version":[{"id":23164,"href":"https:\/\/candname.com\/tr\/index.php?rest_route=\/wp\/v2\/posts\/23162\/revisions\/23164"}],"wp:featuredmedia":[{"embeddable":true,"href":"https:\/\/candname.com\/tr\/index.php?rest_route=\/wp\/v2\/media\/23163"}],"wp:attachment":[{"href":"https:\/\/candname.com\/tr\/index.php?rest_route=%2Fwp%2Fv2%2Fmedia&parent=23162"}],"wp:term":[{"taxonomy":"category","embeddable":true,"href":"https:\/\/candname.com\/tr\/index.php?rest_route=%2Fwp%2Fv2%2Fcategories&post=23162"},{"taxonomy":"post_tag","embeddable":true,"href":"https:\/\/candname.com\/tr\/index.php?rest_route=%2Fwp%2Fv2%2Ftags&post=23162"}],"curies":[{"name":"wp","href":"https:\/\/api.w.org\/{rel}","templated":true}]}}