{"id":23158,"date":"2023-12-08T07:00:13","date_gmt":"2023-12-08T04:00:13","guid":{"rendered":"https:\/\/candname.com\/tr\/?p=23158"},"modified":"2023-12-06T11:59:16","modified_gmt":"2023-12-06T08:59:16","slug":"diyarbakir-4-yil-sonra-kitap-fuarina-hazirlaniyor","status":"publish","type":"post","link":"https:\/\/candname.com\/tr\/?p=23158","title":{"rendered":"Diyarbak\u0131r 4 y\u0131l sonra kitap fuar\u0131na haz\u0131rlan\u0131yor"},"content":{"rendered":"<header><strong>Diyarbak\u0131r Kitap Fuar\u0131 4 y\u0131l aradan sonra yeniden ba\u015fl\u0131yor. Fuar, bu y\u0131l 16-24 Aral\u0131k tarihinde ger\u00e7ekle\u015fecek. Yakla\u015f\u0131k 10 K\u00fcrt\u00e7e yay\u0131nlar\u0131 da fuara kat\u0131lmas\u0131 bekleniyor.<\/strong><\/header>\n<header><\/header>\n<div class=\"content-side\">\n<div class=\"info double-times\">\n<div class=\"times\">\n<p>Diyarbak\u0131r Ticaret ve Sanayi Odas\u0131 (DTSO) ve Eyl\u00fcl Fuarc\u0131l\u0131k i\u015fbirli\u011finde 16-24 Aral\u0131k 2023 tarihlerinde Mezopotamya Fuar ve Kongre Merkezi\u2019nde d\u00fczenlenecek olan Diyarbak\u0131r Kitap Fuar\u0131\u2019n\u0131n lansman\u0131 ger\u00e7ekle\u015ftirildi.<br \/>\nG\u00fcneydo\u011fu Gazeteciler Cemiyetinde yap\u0131lan lansmana DTSO Y\u00f6netim Kurulu Ba\u015fkan\u0131 Mehmet Kaya, Diyarbak\u0131r Ticaret Borsas\u0131 Engin Ye\u015fil, Eyl\u00fcl Fuarc\u0131l\u0131k\u00a0Y\u00f6netim Kurulu Ba\u015fkan\u0131\u00a0Remzi \u00c7ay\u0131r, Kitap Fuar\u0131 Dan\u0131\u015fma Kurulu Koordinat\u00f6r\u00fc ve Koordinat\u00f6rde yer alan yazarlar kat\u0131ld\u0131.<\/p>\n<h1>&#8216;K\u0130TAP FUARI \u015eENL\u0130K HAVASINDA GE\u00c7\u0130YOR&#8217;<\/h1>\n<p>Burada konu\u015fan DTSO Ba\u015fkan\u0131 Mehmet Kaya, &#8220;4 y\u0131l aradan sonra yap\u0131lan kitap fuar\u0131 i\u00e7in bir araya gelmek bizim i\u00e7in mutluluk verici&#8221; diyerek, \u015funlar\u0131 s\u00f6yledi: &#8220;Son d\u00f6nemde kitap \u00fcreticilerinin ya\u015fad\u0131\u011f\u0131 sorunlar, pandemi ve lojistik gibi s\u0131k\u0131nt\u0131lardan kaynakl\u0131 kitap fuarlar\u0131n\u0131n yap\u0131lmas\u0131na engel oldu. Kitap fuar\u0131 9 g\u00fcn s\u00fcrecek. Kitap fuar\u0131 \u015fenlik havas\u0131nda ge\u00e7iyor. Rekor seviyede bir kat\u0131l\u0131m\u0131n olaca\u011f\u0131n\u0131 d\u00fc\u015f\u00fcn\u00fcyoruz. Kitap fuar\u0131 i\u00e7in Diyarbak\u0131r&#8217;da yazarlar\u0131m\u0131z\u0131n i\u00e7erisinde yer ald\u0131\u011f\u0131 dan\u0131\u015fma kurulu kuruldu.&#8221;<\/p>\n<h2>&#8216;AMACIMIZ YAZAR VE OKUYUCUYU B\u0130RLE\u015eT\u0130RMEK&#8217;<\/h2>\n<p>Fuar hakk\u0131nda konu\u015fan Eyl\u00fcl Fuarc\u0131l\u0131k Ba\u015fkan\u0131 Remzi \u00c7ay\u0131r, &#8220;G\u00fczel bir fuar olaca\u011f\u0131na inan\u0131yoruz. Bir\u00e7ok \u015fehirde kitap fuar\u0131 d\u00fczenlemeye devam ediyoruz. Amac\u0131m\u0131z yazar ve okuyucuyu birle\u015ftirmek. Burada kitap fuar\u0131 d\u00fczenlemeyi istemi\u015ftik. Burada bir komite kuruldu. Bu komitenin yan\u0131 s\u0131ra herkesin birlik beraberlik i\u00e7erisinde oldu\u011fu bir fuar d\u00fczenleyece\u011fiz. Bizlere d\u00fc\u015fen i\u015f 16-24 Aral\u0131k tarihleri aras\u0131nda bu fuar\u0131 en iyi \u015fekilde d\u00fczenlemektir. Yeter ki bar\u0131\u015f ve karde\u015flik i\u00e7erisinde bunu d\u00fczenleyelim&#8221; dedi.<\/p>\n<h3>&#8216;HEYECAN VER\u0130C\u0130 B\u0130R FUAR OLACAK&#8217;<\/h3>\n<p>Kitap Fuar\u0131 Dan\u0131\u015fma Kurulu Koordinat\u00f6r\u00fc Yazar \u015eeyhmus Diken ise bas\u0131ndan bu fuar i\u00e7in yo\u011fun destek bekledi\u011fini vurgulayarak, &#8220;Biliyorsunuz kitap fuarlar\u0131 sadece kitap fuarlar\u0131 de\u011fildir. Kitap fuarlar\u0131 t\u00fcm fuarlar\u0131n i\u00e7erisinde yer ald\u0131\u011f\u0131 bir fuar t\u00fcr\u00fcd\u00fcr. Kitap fuar\u0131n\u0131n t\u00fcm kesimlere hitap etti\u011fini s\u00f6ylemek isteriz. Y\u00fcr\u00fctme kurulunda K\u00fcrt\u00e7e kitaplar basan 10 yay\u0131nevi bulunuyor. Bu kurul Mezopotamya Fuarc\u0131l\u0131k ve Eyl\u00fcl Fuarc\u0131l\u0131k ile g\u00f6rev alacak. Ayr\u0131ca kitap fuarlar\u0131n\u0131n belirleyici bir noktas\u0131 var. Diyarbak\u0131r Kitap Fuar\u0131 heyecan verici bir fuar olacak. Bunu \u015fimdiden s\u00f6yl\u00fcyorum. Fuar\u0131n ba\u015flang\u0131\u00e7 haftas\u0131 itibari ile bir \u015fekilde bas\u0131n\u0131n \u00e7aba g\u00f6stermesini rica ediyoruz&#8221; diye konu\u015ftu.<\/p>\n<\/div>\n<\/div>\n<\/div>\n","protected":false},"excerpt":{"rendered":"<p>Diyarbak\u0131r Kitap Fuar\u0131 4 y\u0131l aradan sonra yeniden ba\u015fl\u0131yor. Fuar, bu y\u0131l 16-24 Aral\u0131k tarihinde ger\u00e7ekle\u015fecek. Yakla\u015f\u0131k 10 K\u00fcrt\u00e7e yay\u0131nlar\u0131 da fuara kat\u0131lmas\u0131 bekleniyor. Diyarbak\u0131r Ticaret ve Sanayi Odas\u0131 (DTSO) ve Eyl\u00fcl Fuarc\u0131l\u0131k i\u015fbirli\u011finde 16-24 Aral\u0131k 2023 tarihlerinde Mezopotamya Fuar ve Kongre Merkezi\u2019nde d\u00fczenlenecek olan Diyarbak\u0131r Kitap Fuar\u0131\u2019n\u0131n lansman\u0131 ger\u00e7ekle\u015ftirildi. G\u00fcneydo\u011fu Gazeteciler Cemiyetinde yap\u0131lan lansmana &hellip;<\/p>\n","protected":false},"author":32,"featured_media":23159,"comment_status":"open","ping_status":"open","sticky":false,"template":"","format":"standard","meta":{"footnotes":""},"categories":[3],"tags":[5560,6324,3173,5298,1616,6323],"class_list":["post-23158","post","type-post","status-publish","format-standard","has-post-thumbnail","","category-haber","tag-diyarbakir-kitap-fuari","tag-diyarbakir-ticaret-ve-sanayi-odasi-dtso","tag-fuar","tag-kitap-fuari","tag-manset","tag-mezopotamya-fuarcilik-ve-eylul-fuarcilik"],"_links":{"self":[{"href":"https:\/\/candname.com\/tr\/index.php?rest_route=\/wp\/v2\/posts\/23158","targetHints":{"allow":["GET"]}}],"collection":[{"href":"https:\/\/candname.com\/tr\/index.php?rest_route=\/wp\/v2\/posts"}],"about":[{"href":"https:\/\/candname.com\/tr\/index.php?rest_route=\/wp\/v2\/types\/post"}],"author":[{"embeddable":true,"href":"https:\/\/candname.com\/tr\/index.php?rest_route=\/wp\/v2\/users\/32"}],"replies":[{"embeddable":true,"href":"https:\/\/candname.com\/tr\/index.php?rest_route=%2Fwp%2Fv2%2Fcomments&post=23158"}],"version-history":[{"count":2,"href":"https:\/\/candname.com\/tr\/index.php?rest_route=\/wp\/v2\/posts\/23158\/revisions"}],"predecessor-version":[{"id":23161,"href":"https:\/\/candname.com\/tr\/index.php?rest_route=\/wp\/v2\/posts\/23158\/revisions\/23161"}],"wp:featuredmedia":[{"embeddable":true,"href":"https:\/\/candname.com\/tr\/index.php?rest_route=\/wp\/v2\/media\/23159"}],"wp:attachment":[{"href":"https:\/\/candname.com\/tr\/index.php?rest_route=%2Fwp%2Fv2%2Fmedia&parent=23158"}],"wp:term":[{"taxonomy":"category","embeddable":true,"href":"https:\/\/candname.com\/tr\/index.php?rest_route=%2Fwp%2Fv2%2Fcategories&post=23158"},{"taxonomy":"post_tag","embeddable":true,"href":"https:\/\/candname.com\/tr\/index.php?rest_route=%2Fwp%2Fv2%2Ftags&post=23158"}],"curies":[{"name":"wp","href":"https:\/\/api.w.org\/{rel}","templated":true}]}}