{"id":23122,"date":"2023-11-19T15:09:30","date_gmt":"2023-11-19T12:09:30","guid":{"rendered":"https:\/\/candname.com\/tr\/?p=23122"},"modified":"2023-11-19T15:09:30","modified_gmt":"2023-11-19T12:09:30","slug":"sosyo-politik-saha-arastirmalari-merkezinden-carpici-kurtce-arastirmasi","status":"publish","type":"post","link":"https:\/\/candname.com\/tr\/?p=23122","title":{"rendered":"Sosyo Politik Saha Ara\u015ft\u0131rmalar\u0131 Merkezi&#8217;nden \u00e7arp\u0131c\u0131 &#8216;K\u00fcrt\u00e7e&#8217; ara\u015ft\u0131rmas\u0131"},"content":{"rendered":"<p><strong>Sosyo Politik Saha Ara\u015ft\u0131rmalar\u0131 Merkezi K\u00fcrt\u00e7e&#8217;nin konu\u015fuldu\u011fu 15 ilde Anadilin Kullan\u0131m\u0131 ile Anadiline \u0130li\u015fkin Talep ve E\u011filimleri\u2019ni \u00f6l\u00e7mek amac\u0131 ile saha ara\u015ft\u0131rma yapt\u0131. Ara\u015ft\u0131rmaya g\u00f6re, hane ayl\u0131k geliri d\u00fc\u015ft\u00fck\u00e7e \u00e7ocuklar\u0131n\u0131n anadilinde e\u011fitim g\u00f6rmesini isteyenlerin oran\u0131n\u0131n da artt\u0131\u011f\u0131 g\u00f6r\u00fcld\u00fc.<\/strong><\/p>\n<div class=\"status-message\">\n<div>Sosyo Politik Saha Ara\u015ft\u0131rmalar\u0131 Merkezi Diyarbak\u0131r, Mardin, Urfa, Van, Batman, Siirt, \u015e\u0131rnak, Hakk\u00e2ri, A\u011fr\u0131, Mu\u015f, Bing\u00f6l, Bitlis, Kars, Dersim ve I\u011fd\u0131r\u2019da Anadilin Kullan\u0131m\u0131 ile Anadiline \u0130li\u015fkin Talep ve E\u011filimleri\u2019ni \u00f6l\u00e7mek amac\u0131 ile\u00a0saha ara\u015ft\u0131rmas\u0131\u00a0yapt\u0131.<\/div>\n<div><\/div>\n<div>T\u00dc\u0130K\u2019in 2022 n\u00fcfus verileri kullan\u0131larak yap\u0131lan ara\u015ft\u0131rmada, 2 bin 443 ki\u015fi ile y\u00fcz y\u00fcze g\u00f6r\u00fc\u015f\u00fcld\u00fc\u011f\u00fc kaydedildi.<\/div>\n<div><\/div>\n<div><strong>33-40 ya\u015f T\u00fcrk\u00e7e konu\u015fuyor<\/strong><\/div>\n<div><\/div>\n<div>\u201cKendinizi Etnik Kimlik Olarak Nas\u0131l Tan\u0131mlars\u0131n\u0131z?\u201d sorusu sorulan ara\u015ft\u0131rma grubunun y\u00fczde 85,2\u2019si kendini K\u00fcrt, y\u00fczde 9\u2019u T\u00fcrk, 4,3\u2019\u00fc Arap, y\u00fczde 0,2\u2019si Ermeni, 0,2\u2019si ise S\u00fcryani olarak tan\u0131mlad\u0131. Ara\u015ft\u0131rmaya kat\u0131lanlar\u0131n y\u00fczde 60,8\u2019i ev i\u00e7inde K\u00fcrt\u00e7e konu\u015ftuklar\u0131n\u0131, y\u00fczde 26,2\u2019si T\u00fcrk\u00e7e, 9\u2019u hem T\u00fcrk\u00e7e hem K\u00fcrt\u00e7e&#8217;yi ayn\u0131 oranda konu\u015ftuklar\u0131n\u0131 beyan etti. K\u00fcrt\u00e7e konu\u015fma oran\u0131n\u0131n ise 54 ya\u015f ve \u00fcst\u00fcnde y\u00fcksek oldu\u011fu, etnik k\u00f6kenini K\u00fcrt olarak tan\u0131mlayan 33-40 ya\u015f grubunda ise T\u00fcrk\u00e7e konu\u015fma oran\u0131n y\u00fcksek oldu\u011fu belirtildi. Hane ayl\u0131k geliri y\u00fckseldik\u00e7e K\u00fcrt\u00e7e kullan\u0131m\u0131n\u0131n azald\u0131\u011f\u0131, T\u00fcrk\u00e7e kullan\u0131m\u0131n\u0131n artt\u0131\u011f\u0131 g\u00f6r\u00fcld\u00fc.<\/div>\n<div><\/div>\n<div><strong>Anadilde e\u011fitim<\/strong><\/div>\n<div><\/div>\n<div>\u00c7al\u0131\u015fma kapsam\u0131nda sorulan \u201c\u00c7ocuklar\u0131n\u0131z\u0131n Anadilinizde E\u011fitim G\u00f6rmesini \u0130ster Misiniz?\u201d sorusuna g\u00f6r\u00fc\u015fmecilerin y\u00fczde 86,7\u2019si \u201cevet\u201d yan\u0131t\u0131 verirken, sadece y\u00fczde 4,2\u2019si \u201chay\u0131r\u201d yan\u0131t\u0131 verdi. Ara\u015ft\u0131rmaya g\u00f6re, hanenin ayl\u0131k geliri d\u00fc\u015ft\u00fck\u00e7e \u00e7ocuklar\u0131n\u0131n anadilinde e\u011fitim g\u00f6rmesini isteyenlerin oran\u0131n\u0131n artmas\u0131 dikkat \u00e7ekti.<\/div>\n<div><\/div>\n<div>Ara\u015ft\u0131rmac\u0131lara g\u00f6re, K\u00fcrt\u00e7e&#8217;nin korunmas\u0131 i\u00e7in e\u011fitim \u00f6\u011fretim dili olmas\u0131, yasal g\u00fcvenceye kavu\u015fturulmas\u0131, resmi dil olarak kabul edilmesi ve anadilde e\u011fitim hakk\u0131n\u0131n tan\u0131nmas\u0131 gerekiyor. Kat\u0131l\u0131mc\u0131lar\u0131n y\u00fczde 10,2\u2019si ise \u201chi\u00e7bir \u015fey yapmaya gerek yok\u201d yan\u0131t\u0131 verdi.<\/div>\n<div><\/div>\n<\/div>\n<div class=\"status-owner text-secondary\"><strong>Nerina Azad<\/strong><\/div>\n","protected":false},"excerpt":{"rendered":"<p>Sosyo Politik Saha Ara\u015ft\u0131rmalar\u0131 Merkezi K\u00fcrt\u00e7e&#8217;nin konu\u015fuldu\u011fu 15 ilde Anadilin Kullan\u0131m\u0131 ile Anadiline \u0130li\u015fkin Talep ve E\u011filimleri\u2019ni \u00f6l\u00e7mek amac\u0131 ile saha ara\u015ft\u0131rma yapt\u0131. Ara\u015ft\u0131rmaya g\u00f6re, hane ayl\u0131k geliri d\u00fc\u015ft\u00fck\u00e7e \u00e7ocuklar\u0131n\u0131n anadilinde e\u011fitim g\u00f6rmesini isteyenlerin oran\u0131n\u0131n da artt\u0131\u011f\u0131 g\u00f6r\u00fcld\u00fc. Sosyo Politik Saha Ara\u015ft\u0131rmalar\u0131 Merkezi Diyarbak\u0131r, Mardin, Urfa, Van, Batman, Siirt, \u015e\u0131rnak, Hakk\u00e2ri, A\u011fr\u0131, Mu\u015f, Bing\u00f6l, Bitlis, &hellip;<\/p>\n","protected":false},"author":32,"featured_media":23123,"comment_status":"open","ping_status":"open","sticky":false,"template":"","format":"standard","meta":{"footnotes":""},"categories":[3],"tags":[4113,1616],"class_list":["post-23122","post","type-post","status-publish","format-standard","has-post-thumbnail","","category-haber","tag-anadili","tag-manset"],"_links":{"self":[{"href":"https:\/\/candname.com\/tr\/index.php?rest_route=\/wp\/v2\/posts\/23122","targetHints":{"allow":["GET"]}}],"collection":[{"href":"https:\/\/candname.com\/tr\/index.php?rest_route=\/wp\/v2\/posts"}],"about":[{"href":"https:\/\/candname.com\/tr\/index.php?rest_route=\/wp\/v2\/types\/post"}],"author":[{"embeddable":true,"href":"https:\/\/candname.com\/tr\/index.php?rest_route=\/wp\/v2\/users\/32"}],"replies":[{"embeddable":true,"href":"https:\/\/candname.com\/tr\/index.php?rest_route=%2Fwp%2Fv2%2Fcomments&post=23122"}],"version-history":[{"count":1,"href":"https:\/\/candname.com\/tr\/index.php?rest_route=\/wp\/v2\/posts\/23122\/revisions"}],"predecessor-version":[{"id":23124,"href":"https:\/\/candname.com\/tr\/index.php?rest_route=\/wp\/v2\/posts\/23122\/revisions\/23124"}],"wp:featuredmedia":[{"embeddable":true,"href":"https:\/\/candname.com\/tr\/index.php?rest_route=\/wp\/v2\/media\/23123"}],"wp:attachment":[{"href":"https:\/\/candname.com\/tr\/index.php?rest_route=%2Fwp%2Fv2%2Fmedia&parent=23122"}],"wp:term":[{"taxonomy":"category","embeddable":true,"href":"https:\/\/candname.com\/tr\/index.php?rest_route=%2Fwp%2Fv2%2Fcategories&post=23122"},{"taxonomy":"post_tag","embeddable":true,"href":"https:\/\/candname.com\/tr\/index.php?rest_route=%2Fwp%2Fv2%2Ftags&post=23122"}],"curies":[{"name":"wp","href":"https:\/\/api.w.org\/{rel}","templated":true}]}}