{"id":23118,"date":"2023-11-19T14:45:23","date_gmt":"2023-11-19T11:45:23","guid":{"rendered":"https:\/\/candname.com\/tr\/?p=23118"},"modified":"2023-11-19T15:02:32","modified_gmt":"2023-11-19T12:02:32","slug":"bileceli-rengonun-boregi-kurt-boregi","status":"publish","type":"post","link":"https:\/\/candname.com\/tr\/?p=23118","title":{"rendered":"Bileceli Rengo\u2019nun b\u00f6re\u011fi: K\u00fcrt b\u00f6re\u011fi"},"content":{"rendered":"<p>Son d\u00f6nemlerde K\u00fcrt b\u00f6re\u011fi hem sosyal medyada hem de di\u011fer medya platformlar\u0131nda g\u00fcndem haline geldi. Baz\u0131lar\u0131 b\u00f6re\u011fe \u201ck\u00fct\u201d gibi farkl\u0131 isimler vererek veya bu b\u00f6re\u011fi yaratan ve yayan ki\u015filerin \u00fcnl\u00fc T\u00fcrk aileleri oldu\u011funu iddia ederek b\u00f6re\u011fi T\u00fcrkl\u00fc\u011fe asimile etmeye \u00e7al\u0131\u015f\u0131yor. Sadece K\u00fcrtlerin de\u011fil b\u00f6re\u011fin de bu \u015fekilde asimile edilmeye \u00e7al\u0131\u015f\u0131lmas\u0131 hem K\u00fcrtler a\u00e7\u0131s\u0131ndan hem de b\u00f6re\u011fin ad\u0131n\u0131 ve tarihini silmeye \u00e7al\u0131\u015fanlar a\u00e7\u0131s\u0131ndan i\u00e7ler ac\u0131s\u0131 bir durumdur. Bu durumdan rahats\u0131z oldu\u011fum i\u00e7in bu yaz\u0131y\u0131 kaleme almaya karar verdim.<\/p>\n<p>En ba\u015ftan s\u00f6ylemek gerekirse K\u00fcrt b\u00f6re\u011fini yaratan ki\u015fi lakab\u0131 Rengo olan ve \u00e7evresi taraf\u0131ndan Rengo olarak bilinen Bileceli Mehmet Efendi\u2019dir. Bu b\u00f6re\u011fi tan\u0131tan ve yayanlar da Bileceli K\u00fcrtlerdir. Bu nedenle b\u00f6re\u011fin ad\u0131 K\u00fcrt b\u00f6re\u011fidir. Bilece, Bing\u00f6l\u2019\u00fcn Ki\u011f\u0131 il\u00e7esine ba\u011fl\u0131, Dersim-P\u00fcl\u00fcm\u00fcr ile Ki\u011f\u0131 s\u0131n\u0131r\u0131nda yer alan bir K\u00fcrt-Alevi k\u00f6y\u00fcd\u00fcr. Sarp ve da\u011fl\u0131k bir co\u011frafyaya sahiptir. Yerle\u015fim olarak da\u011f yama\u00e7lar\u0131na serpilmi\u015f on iki mezradan olu\u015fur. Ben de 1951 y\u0131l\u0131nda Bilece\u2019nin Pulan mezras\u0131nda do\u011fdum. Tunceli \u00d6\u011fretmen Okulu\u2019ndan mezun olduktan sonra 1970 y\u0131l\u0131nda Bilece \u0130lkokulu\u2019na \u00f6\u011fretmen olarak atand\u0131m ve k\u00f6y\u00fcmde 8 sene ilkokul \u00f6\u011fretmeni olarak \u00e7al\u0131\u015ft\u0131m. Bu yaz\u0131da Rengo taraf\u0131ndan icat edilen ve Bileceliler taraf\u0131ndan \u00f6nce \u0130stanbul\u2019da daha sonra farkl\u0131 b\u00f6lgelerde yayg\u0131nla\u015ft\u0131r\u0131lan K\u00fcrt b\u00f6re\u011fine dair bir Bileceli olarak bildiklerimi anlataca\u011f\u0131m. Bu yaz\u0131daki bilgiler hem kendi g\u00f6zlemlerime hem de K\u00fcrt b\u00f6rek\u00e7ileri ile yapt\u0131\u011f\u0131m g\u00f6r\u00fc\u015fmelere dayanmaktad\u0131r.<\/p>\n<p>Rengo 1863 y\u0131l\u0131nda Bilece\u2019nin Alkan mezras\u0131nda do\u011fmu\u015ftur. Anlat\u0131lanlara g\u00f6re Rengo kavgac\u0131 bir ki\u015fili\u011fe sahiptir. Annesi bu durumdan \u00e7ok rahats\u0131zl\u0131k ve tedirginlik duyar ve akraba ve kom\u015fular\u0131 ile sorun ya\u015famamak i\u00e7in Alevi pirlerinden o\u011flunu \u0130stanbul\u2019a gitmesi konusunda ikna etmelerini ister. Annesinin \u00e7abalar\u0131n\u0131n ard\u0131ndan tahminen 1890 civar\u0131nda Rengo \u0130stanbul\u2019a gider. \u0130stanbul\u2019da Ki\u011f\u0131l\u0131lar\u0131n, Karako\u00e7anl\u0131lar\u0131n ve Rengo\u2019nun da k\u00f6yl\u00fc hem\u015fehri ve akrabalar\u0131 olan Bilecelilerin mek\u00e2n\u0131 Kas\u0131mpa\u015fa\u2019d\u0131r. Bilecelilerin ve Ki\u011f\u0131l\u0131lar\u0131n b\u00fcy\u00fck bir k\u0131sm\u0131 burada gemilerde ve kum kosterlerinde y\u00fckleme ve bo\u015faltma i\u015flerinde \u00e7al\u0131\u015f\u0131rlar. Rengo da burada \u00e7al\u0131\u015fmaya ba\u015flar. Fakat y\u00fck ta\u015f\u0131ma i\u015fi Rengo\u2019ya \u00e7ok a\u011f\u0131r gelir. Rengo\u2019nun akraba ve hem\u015fehrileri bu durumu fark edince ona yemek ve kumanya haz\u0131rlama i\u015fini verirler. Rengo akraba ve hem\u015fehrilerine ya\u011fl\u0131 parxa\u00e7, yani ya\u011fl\u0131 k\u00f6mbe yapar. K\u00fcrt-Alevi gelene\u011finde H\u0131z\u0131r (Xizir) g\u00fcnlerinde, baharda ilk \u00e7ift s\u00fcr\u00fc\u015flerde, yaylaya \u00e7\u0131k\u0131\u015flarda ya da te\u015febb\u00fcs edilen yeni bir i\u015fte, i\u015fin rast gitmesi, tarlalar\u0131n\u0131n bol verim vermesi, hayvanlar\u0131n yabani hayvan sald\u0131r\u0131lar\u0131ndan, hastal\u0131ktan uzak kalmas\u0131, kendilerinin ve aile fertlerinin kaza belalardan uzak kalmas\u0131 i\u00e7in ya\u011f, un, su ve tuzun kar\u0131\u015ft\u0131r\u0131larak pi\u015firilmesinden olu\u015fan bir yiyecek olan k\u00f6mbe yap\u0131l\u0131r ve da\u011f\u0131t\u0131l\u0131r. Bu k\u00f6mbeyi niyaz olarak adland\u0131r\u0131rlar. Pi\u015firdikleri bu niyaz\u0131 H\u0131z\u0131r lokmas\u0131 olarak t\u00fcm kom\u015fular\u0131na da\u011f\u0131t\u0131rlar. Rengo da hem\u015fehrisi olan K\u00fcrt ta\u015f\u0131ma i\u015f\u00e7ilerine kumanya olarak k\u00f6mbe haz\u0131rlar.<\/p>\n<figure class=\"image align-left\"><img loading=\"lazy\" decoding=\"async\" src=\"https:\/\/i.gazeteduvar.com.tr\/storage\/files\/images\/2021\/04\/04\/rengo-9LSX.jpg\" alt=\"\" width=\"300\" height=\"450\" \/><figcaption>Rengo lakapl\u0131 Mehmet Efendi. (Ali Aba Alkan\u2019\u0131n ar\u015fivinden.)<\/figcaption><\/figure>\n<p>Rengo\u2019nun kendi akraba ve hem\u015fehrilerine kumanya olarak haz\u0131rlam\u0131\u015f oldu\u011fu k\u00f6mbeyi g\u00f6ren tersane ve kum depolar\u0131nda \u00e7al\u0131\u015fan di\u011fer i\u015f\u00e7iler Rengo\u2019ya bu k\u00f6mbeden yap\u0131p para kar\u015f\u0131l\u0131\u011f\u0131 kendilerine satmalar\u0131n\u0131 isterler. Bu fikir Rengo\u2019nun kafas\u0131na yatar ve di\u011fer tersane ve kum depolar\u0131 i\u015f\u00e7ileri i\u00e7in de ya\u011fl\u0131 k\u00f6mbe yapma i\u015fine ba\u015flar. Pi\u015firdi\u011fi ya\u011fl\u0131 k\u00f6mbeyi sabun kal\u0131plar\u0131 gibi b\u00f6lerek tablas\u0131na koyar, kum depolar\u0131nda ve iskelelerde \u00e7al\u0131\u015fan i\u015f\u00e7ilere satar. \u0130\u015f\u00e7iler i\u00e7in ya\u011fl\u0131 k\u00f6mbe yabanc\u0131s\u0131 olduklar\u0131 bir \u015fey de\u011fildir. Ya\u011fl\u0131 k\u00f6mbe \u00fcstelik insan\u0131 \u00e7abuk ac\u0131kt\u0131rmaz tok tutar. Sat\u0131\u015f da her ge\u00e7en g\u00fcn gayet iyi gider. Rengo bu i\u015fin tuttu\u011funu g\u00f6r\u00fcnce yapt\u0131\u011f\u0131 i\u015fi geli\u015ftirmeye karar verir ve zamanla bug\u00fcnk\u00fc pudra \u015fekerli K\u00fcrt b\u00f6re\u011fini geli\u015ftirir.<\/p>\n<p>Rengo\u2019nun yapt\u0131\u011f\u0131 yeni b\u00f6re\u011fe talep fazla olunca i\u015f\u00e7ilere b\u00f6rek yeti\u015ftiremez hale gelir. Bu i\u015fin evde olmayaca\u011f\u0131n\u0131 anlar. Unkapan\u0131\u2019nda alt\u0131nda kara f\u0131r\u0131n olan be\u015f katl\u0131 bir bina kiralar, b\u00f6rek \u00fcretimine ba\u015flar. Bu binan\u0131n \u00fcst katlar\u0131nda ise \u00e7al\u0131\u015ft\u0131\u011f\u0131 i\u015f\u00e7iler bar\u0131n\u0131r. Bu s\u0131rada k\u00f6ye haber g\u00f6nderir ve b\u00f6rek i\u015finde \u00e7al\u0131\u015fmalar\u0131 i\u00e7in i\u015f\u00e7i talebinde bulunur. \u0130\u015fi zamanla b\u00fcy\u00fct\u00fcr, f\u0131r\u0131ndaki b\u00f6rek sat\u0131\u015f\u0131 d\u0131\u015f\u0131nda, yan\u0131nda \u00e7al\u0131\u015ft\u0131rd\u0131\u011f\u0131 k\u00f6yl\u00fcleri arac\u0131l\u0131\u011f\u0131 ile \u0130stanbul\u2019daki i\u015flek noktalara seyyar tablalarla b\u00f6rek g\u00f6nderir ve bu \u015fekilde belirli noktalarda tablalar \u00fczerinden b\u00f6rek sat\u0131\u015f\u0131 devam eder. Rengo ve di\u011fer Bileceliler bu \u015fekilde K\u00fcrt b\u00f6re\u011fini \u0130stanbul\u2019da ya\u015fayan T\u00fcrkler ve di\u011fer etnik gruplarla da bulu\u015fturur. Bu b\u00f6re\u011fin K\u00fcrtler taraf\u0131ndan yap\u0131l\u0131p sat\u0131lmas\u0131 nedeniyle bu b\u00f6rek, yiyenler taraf\u0131ndan K\u00fcrt b\u00f6re\u011fi olarak adland\u0131r\u0131lm\u0131\u015ft\u0131r. 1890\u2019l\u0131 y\u0131llardan g\u00fcn\u00fcm\u00fcze kadar Bileceli K\u00fcrtler taraf\u0131ndan \u00fcretilip sat\u0131lmaktad\u0131r. K\u00fcrt b\u00f6re\u011fi denilmesinin sebebi de budur.<\/p>\n<p>1914&#8217;te Birinci D\u00fcnya Sava\u015f\u0131 ile \u0130stanbul\u2019da un ve ya\u011f k\u0131tl\u0131\u011f\u0131 ba\u015flar. Rengo bu d\u00f6nemde b\u00f6rek i\u015fine ara verir. Sava\u015ftan sonra durum normalle\u015fince i\u015fine kald\u0131\u011f\u0131 yerden devam eder. Birinci D\u00fcnya Sava\u015f\u0131\u2019ndan sonra Tophane\u2019de bir b\u00f6rek f\u0131r\u0131n\u0131 daha a\u00e7ar. Rengo sadece K\u00fcrt b\u00f6re\u011fi ile yetinmez ve \u0130stanbul\u2019daki un piyasas\u0131na da el atar. F\u0131r\u0131nc\u0131, simit\u00e7i ve po\u011fa\u00e7ac\u0131lar\u0131n kendisinden un almalar\u0131 i\u00e7in onlar \u00fczerinde bask\u0131 kurar. Seyyar simit\u00e7i ve po\u011fa\u00e7ac\u0131lar\u0131n b\u00f6rek satt\u0131\u011f\u0131 noktalara girmesini engeller. Di\u011fer gruplarla \u00e7at\u0131\u015f\u0131r. Bilecelilerden olu\u015fan yedi ki\u015filik bir \u00e7ete kurar. Bu \u00e7etenin i\u00e7inde Bilece\u2019nin Siman Mezras\u0131\u2019ndan Sal\u00eey\u00ea G\u00eawr, Kasanl\u0131 \u00c7ak\u0131r Sabri ve Hi\u015fmanl\u0131 Aliy\u00ea Mard da yer al\u0131r. Sal\u00eey\u00ea Gewr yumru\u011fu, \u00c7ak\u0131r Sabri b\u0131\u00e7a\u011f\u0131, Aliy\u00ea Mard ise naras\u0131yla \u00fcnl\u00fcd\u00fcr. Bu \u015fekilde un ve b\u00f6rek piyasas\u0131na h\u00e2kim olurlar.<\/p>\n<p>Hayat\u0131n\u0131n son d\u00f6neminde hastalanan Rengo 15 \u015eubat 1935 tarihinde vefat eder. Hastal\u0131\u011f\u0131 s\u0131ras\u0131nda yan\u0131nda \u00e7al\u0131\u015fan Bileceli Delil \u015eemdino\u011flu\u2019na, Ali\u015fan Ede\u015f\u2019e ve R\u0131za\u2019ya b\u00f6rek i\u015fini devreder. Bu \u00fc\u00e7l\u00fc K\u00fcrt b\u00f6re\u011fi i\u015fine devam ederler. Demokrat Parti d\u00f6neminde Unkapan\u0131 ve Tophane\u2019de yap\u0131lan yol \u00e7al\u0131\u015fmas\u0131nda bu iki d\u00fckk\u00e2n y\u0131k\u0131l\u0131r. Bunlar yerine K\u00fc\u00e7\u00fckpazar ve Bo\u011fazkesen\u2019de yeni b\u00f6rek d\u00fckk\u00e2nlar\u0131 kiralan\u0131r, \u0130stanbul\u2019un en i\u015flek noktalar\u0131nda da seyyar sat\u0131c\u0131lar b\u00f6rek sat\u0131\u015f\u0131 yapmaya devam ederler. Kimi Bileceliler devaml\u0131 kimi de k\u0131\u015f mevsiminde bu d\u00fckk\u00e2nlarda ve seyyar sat\u0131\u015f noktalar\u0131nda \u00e7al\u0131\u015f\u0131r. Bu ortakl\u0131kta ortaklar sonraki y\u0131llarda ayr\u0131l\u0131rlar. Delil \u015eemdino\u011flu Bo\u011fazkesen\u2019deki d\u00fckk\u00e2n\u0131, Ali\u015fan Ede\u015f ve R\u0131za K\u00fc\u00e7\u00fckpazar\u2019daki d\u00fckk\u00e2n\u0131n i\u015fletmesini s\u00fcrd\u00fcr\u00fcrler. 1947 y\u0131l\u0131nda \u00c7omakl\u0131 K\u00e2mil A\u011f\u0131rg\u00fcn de Kas\u0131mpa\u015fa\u2019da K\u00fcrt b\u00f6re\u011fi d\u00fckk\u00e2n\u0131 a\u00e7ar. Delil \u015eemdino\u011flu sonraki y\u0131llarda b\u00f6rek i\u015fini b\u0131rak\u0131r k\u00f6y\u00fcne d\u00f6ner. 1950\u2019li y\u0131llarda Bileceli Husn\u00eeye Mere\u015fi Yelde\u011firmeni\u2019nde, S\u00fcleyman Yazg\u00fcl\u00fc ve H\u00fcseyin \u0130rten de Fatih\u2019te b\u00f6rek d\u00fckk\u00e2n\u0131 a\u00e7arlar. 1959 y\u0131l\u0131nda Hakk\u0131 ve \u0130brahim G\u00fcrbey karde\u015fler de K\u00fc\u00e7\u00fck Mustafa Pa\u015fa\u2019da b\u00f6rek d\u00fckk\u00e2n\u0131 a\u00e7arlar. Hakk\u0131 ve \u0130brahim G\u00fcrbey karde\u015fler 1966 y\u0131l\u0131nda \u015eehzadeba\u015f\u0131\u2019nda, 1969 y\u0131l\u0131nda ise Karak\u00f6y\u2019de, sonraki y\u0131llarda ise Beyo\u011flu ve Kad\u0131k\u00f6y\u2019de b\u00f6rek \u015fubelerini a\u00e7arlar.<\/p>\n<p>Bileceli Haydar G\u00fcrbey\u2019in K\u00fcrt b\u00f6re\u011fi tarihinde \u00f6zel bir yeri vard\u0131r. Haydar G\u00fcrbey \u00e7ok iyi bir marangozdur ve 1960\u2019l\u0131 y\u0131llarda k\u00f6yden \u0130stanbul\u2019a geldikten sonra Hakk\u0131 ve \u0130brahim G\u00fcrbey karde\u015fler i\u00e7in seyyar b\u00f6rek arabalar\u0131 yapar. \u00d6nceki y\u0131llarda b\u00f6rek, kola tak\u0131lan kulenk ile ya da belli noktalarda tablalarla sat\u0131l\u0131rm\u0131\u015f. Alt kat\u0131nda bir t\u00fcple b\u00f6rek ve po\u011fa\u00e7alar\u0131 \u0131s\u0131tan seyyar b\u00f6rek arabas\u0131n\u0131 icat eden ki\u015finin Haydar G\u00fcrbey oldu\u011fu s\u00f6ylenir.<\/p>\n<p>Bileceliler aras\u0131nda K\u00fcrt b\u00f6re\u011finin piri Hakk\u0131 G\u00fcrbey olarak bilinir. Hakk\u0131 G\u00fcrbey \u0130stanbullulara K\u00fcrt b\u00f6re\u011fini tan\u0131tan ve sevdiren ki\u015fidir. Hakk\u0131 G\u00fcrbey\u2019den \u00f6nce K\u00fcrt b\u00f6re\u011fi gazete k\u00e2\u011f\u0131d\u0131 \u00fczerine konularak servis ediliyormu\u015f. Hakk\u0131 G\u00fcrbey b\u00f6rek servisini tabak, \u00e7atal yan\u0131na \u00e7ay me\u015frubat ve s\u00fct ile yapan, tezg\u00e2htarlar\u0131na g\u00f6mlek, hamur i\u015f\u00e7isine kep giydiren ilk ki\u015fidir. Hakk\u0131 ve \u0130brahim G\u00fcrbey karde\u015flerin t\u00fcm d\u00fckk\u00e2nlar\u0131nda kara f\u0131r\u0131n\u0131 vard\u0131, elektrikli f\u0131r\u0131n hi\u00e7 kullanmaz ve b\u00f6re\u011fi kara f\u0131r\u0131nda pi\u015firirlerdi. Bug\u00fcn h\u00e2l\u00e2 varl\u0131\u011f\u0131n\u0131 koruyan G\u00fcrbey karde\u015flere ait \u015eehzadeba\u015f\u0131, K\u00fc\u00e7\u00fck Mustafa Pa\u015fa, Beyo\u011flu ve Karak\u00f6y\u2019deki b\u00f6rek d\u00fckk\u00e2nlar\u0131nda h\u00e2l\u00e2 kara f\u0131r\u0131nda b\u00f6rek yap\u0131lmaktad\u0131r.<\/p>\n<p>1960\u2019l\u0131 y\u0131llarda bir seyyar el arabas\u0131yla sat\u0131lan b\u00f6rek, bug\u00fcn bir b\u00f6rek d\u00fckk\u00e2n\u0131nda sat\u0131lan b\u00f6rek miktar\u0131ndan daha fazlayd\u0131. El arabalar\u0131 ile b\u00f6rek sat\u0131lan noktalarda, b\u00f6rek f\u0131r\u0131nlar\u0131ndan tepsilerle b\u00f6rek takviyesi yap\u0131l\u0131rd\u0131. Hamur karma makinesi o d\u00f6nemde yoktu. K\u00fc\u00e7\u00fck Mustafa Pa\u015fa\u2019da Hakk\u0131 G\u00fcrbey\u2019in yan\u0131nda \u00e7al\u0131\u015fan kimi b\u00f6rek ustalar\u0131n\u0131n tek ba\u015f\u0131na g\u00fcnde 500 tepsi b\u00f6rek yapt\u0131\u011f\u0131 s\u00f6ylenilir.<\/p>\n<p>90\u2019l\u0131 y\u0131llara gelindi\u011finde devlet taraf\u0131ndan Bilece ve mezralar\u0131 zorunlu g\u00f6\u00e7e tabi tutuldu. Bug\u00fcn Bilece\u2019de \u00e7ok az say\u0131da ev bulunmaktad\u0131r. Bilecelilerin neredeyse tamam\u0131 \u0130stanbul\u2019a g\u00f6\u00e7 etmi\u015ftir ve b\u00fcy\u00fck bir k\u0131sm\u0131 da \u0130stanbul\u2019da K\u00fcrt b\u00f6rek\u00e7isidir. \u0130stanbul\u2019a yeni g\u00f6\u00e7en Bileceliler \u00f6nce k\u00f6yl\u00fclerine ait olan bir d\u00fckk\u00e2nda i\u015f\u00e7i olarak i\u015fe ba\u015flam\u0131\u015f, sonras\u0131nda kendi b\u00f6rek d\u00fckk\u00e2nlar\u0131n\u0131 a\u00e7m\u0131\u015flard\u0131r. Bug\u00fcn sadece \u0130stanbul\u2019da tahminime g\u00f6re 1.000\u2019in \u00fczerinde Bilecelilere ait K\u00fcrt b\u00f6re\u011fi d\u00fckk\u00e2n\u0131 mevcuttur. K\u00fcrt b\u00f6re\u011fi d\u0131\u015f\u0131nda su b\u00f6re\u011fi, kol b\u00f6re\u011fi, k\u0131r pidesi gibi di\u011fer \u00fcr\u00fcnleri de men\u00fclerine eklemi\u015flerdir. Ayr\u0131ca Bileceliler K\u00fcrt b\u00f6re\u011fini yurtd\u0131\u015f\u0131na da ta\u015f\u0131m\u0131\u015f ve 2000\u2019li y\u0131llarda ba\u015fta Ankara olmak \u00fczere bir\u00e7ok il ve il\u00e7eyi de K\u00fcrt b\u00f6re\u011fi ile tan\u0131\u015ft\u0131rm\u0131\u015flard\u0131r. Bilecelilerin yan\u0131nda \u00e7al\u0131\u015fan A\u011fr\u0131l\u0131, Mu\u015flu ve di\u011fer \u015fehirlerden gelen K\u00fcrt i\u015f\u00e7iler veya T\u00fcrk i\u015f\u00e7iler de K\u00fcrt b\u00f6re\u011fi yapmay\u0131 \u00f6\u011frenmi\u015f ve n\u00fcfusu 15 milyona yakla\u015fan bu b\u00fcy\u00fck metropolde farkl\u0131 memleketlerden ve etnik gruplardan ki\u015filer bu i\u015fi \u00f6\u011frenerek yeni b\u00f6rek d\u00fckk\u00e2nlar\u0131 a\u00e7m\u0131\u015ft\u0131r. Bug\u00fcn a\u00e7\u0131lan b\u00f6rek d\u00fckk\u00e2n\u0131 say\u0131s\u0131 binlerle ifade edilmektedir.<\/p>\n<div class=\"ms-editor-squiggler\"><\/div>\n","protected":false},"excerpt":{"rendered":"<p>Son d\u00f6nemlerde K\u00fcrt b\u00f6re\u011fi hem sosyal medyada hem de di\u011fer medya platformlar\u0131nda g\u00fcndem haline geldi. Baz\u0131lar\u0131 b\u00f6re\u011fe \u201ck\u00fct\u201d gibi farkl\u0131 isimler vererek veya bu b\u00f6re\u011fi yaratan ve yayan ki\u015filerin \u00fcnl\u00fc T\u00fcrk aileleri oldu\u011funu iddia ederek b\u00f6re\u011fi T\u00fcrkl\u00fc\u011fe asimile etmeye \u00e7al\u0131\u015f\u0131yor. Sadece K\u00fcrtlerin de\u011fil b\u00f6re\u011fin de bu \u015fekilde asimile edilmeye \u00e7al\u0131\u015f\u0131lmas\u0131 hem K\u00fcrtler a\u00e7\u0131s\u0131ndan hem de &hellip;<\/p>\n","protected":false},"author":32,"featured_media":23119,"comment_status":"open","ping_status":"open","sticky":false,"template":"","format":"standard","meta":{"footnotes":""},"categories":[103],"tags":[1461,6313,6312,1616],"class_list":["post-23118","post","type-post","status-publish","format-standard","has-post-thumbnail","","category-kultur","tag-borek","tag-kurt-boregi","tag-kut-boregi","tag-manset"],"_links":{"self":[{"href":"https:\/\/candname.com\/tr\/index.php?rest_route=\/wp\/v2\/posts\/23118","targetHints":{"allow":["GET"]}}],"collection":[{"href":"https:\/\/candname.com\/tr\/index.php?rest_route=\/wp\/v2\/posts"}],"about":[{"href":"https:\/\/candname.com\/tr\/index.php?rest_route=\/wp\/v2\/types\/post"}],"author":[{"embeddable":true,"href":"https:\/\/candname.com\/tr\/index.php?rest_route=\/wp\/v2\/users\/32"}],"replies":[{"embeddable":true,"href":"https:\/\/candname.com\/tr\/index.php?rest_route=%2Fwp%2Fv2%2Fcomments&post=23118"}],"version-history":[{"count":2,"href":"https:\/\/candname.com\/tr\/index.php?rest_route=\/wp\/v2\/posts\/23118\/revisions"}],"predecessor-version":[{"id":23121,"href":"https:\/\/candname.com\/tr\/index.php?rest_route=\/wp\/v2\/posts\/23118\/revisions\/23121"}],"wp:featuredmedia":[{"embeddable":true,"href":"https:\/\/candname.com\/tr\/index.php?rest_route=\/wp\/v2\/media\/23119"}],"wp:attachment":[{"href":"https:\/\/candname.com\/tr\/index.php?rest_route=%2Fwp%2Fv2%2Fmedia&parent=23118"}],"wp:term":[{"taxonomy":"category","embeddable":true,"href":"https:\/\/candname.com\/tr\/index.php?rest_route=%2Fwp%2Fv2%2Fcategories&post=23118"},{"taxonomy":"post_tag","embeddable":true,"href":"https:\/\/candname.com\/tr\/index.php?rest_route=%2Fwp%2Fv2%2Ftags&post=23118"}],"curies":[{"name":"wp","href":"https:\/\/api.w.org\/{rel}","templated":true}]}}