{"id":23094,"date":"2023-11-01T14:19:16","date_gmt":"2023-11-01T11:19:16","guid":{"rendered":"https:\/\/candname.com\/tr\/?p=23094"},"modified":"2023-11-01T14:19:16","modified_gmt":"2023-11-01T11:19:16","slug":"nubihar-dernegi-diyarbekirde-yuzyuze-kurtce-kursu-aciyor","status":"publish","type":"post","link":"https:\/\/candname.com\/tr\/?p=23094","title":{"rendered":"N\u00fbbihar Derne\u011fi Diyarbek\u0131r&#8217;de Y\u00fczy\u00fcze K\u00fcrt\u00e7e Kursu A\u00e7\u0131yor!"},"content":{"rendered":"<p>Korona vir\u00fcs\u00fcnden dolay\u0131 uzun s\u00fcredir y\u00fczy\u00fcze K\u00fcrt\u00e7e kurslar\u0131na ara veren N\u00fbbihar Derne\u011fi Kas\u0131m ay\u0131nda kurs g\u00f6rmek isteyenlerin kay\u0131tlar\u0131 al\u0131p, Kas\u0131m ay\u0131 sonunda kurslara ba\u015flayaca\u011f\u0131n\u0131 derne\u011fin sosyal medya hesaplar\u0131nda duyurdu.<\/p>\n<p>Kas\u0131m ay\u0131 sonunda ba\u015flanmas\u0131 gereken kurslar Zazak\u00ee, Kurmanc\u00ee ve Soran\u00ee leh\u00e7elerinde verilmesi beklenilmektedir.<\/p>\n<p>Merkezi Diyarbak\u0131rda bulunan derne\u011fin Batman, Mardin ve Van \u015fehirlerinde \u015fubeleri bulunmakta ve bu \u015fubelerde Ekim ay\u0131nda y\u00fczy\u00fcze kurslar\u0131na ba\u015flam\u0131\u015ft\u0131. Derne\u011fin\u00a0 mevcut online \u00fczerinde K\u00fcrt\u00e7e kurslar\u0131 s\u00fcrmektedir.<\/p>\n<p>Diyarbak\u0131r Genel Merkez Kurs Kay\u0131t ileti\u015fim: Telefon: 0552 846 7532<\/p>\n","protected":false},"excerpt":{"rendered":"<p>Korona vir\u00fcs\u00fcnden dolay\u0131 uzun s\u00fcredir y\u00fczy\u00fcze K\u00fcrt\u00e7e kurslar\u0131na ara veren N\u00fbbihar Derne\u011fi Kas\u0131m ay\u0131nda kurs g\u00f6rmek isteyenlerin kay\u0131tlar\u0131 al\u0131p, Kas\u0131m ay\u0131 sonunda kurslara ba\u015flayaca\u011f\u0131n\u0131 derne\u011fin sosyal medya hesaplar\u0131nda duyurdu. Kas\u0131m ay\u0131 sonunda ba\u015flanmas\u0131 gereken kurslar Zazak\u00ee, Kurmanc\u00ee ve Soran\u00ee leh\u00e7elerinde verilmesi beklenilmektedir. Merkezi Diyarbak\u0131rda bulunan derne\u011fin Batman, Mardin ve Van \u015fehirlerinde \u015fubeleri bulunmakta ve bu &hellip;<\/p>\n","protected":false},"author":32,"featured_media":23095,"comment_status":"open","ping_status":"open","sticky":false,"template":"","format":"standard","meta":{"footnotes":""},"categories":[1728],"tags":[161,6260,1616,847,559,244],"class_list":["post-23094","post","type-post","status-publish","format-standard","has-post-thumbnail","","category-kurtce-dersleri","tag-kurmanci","tag-kurtce-kurslar","tag-manset","tag-sorani","tag-zazaca","tag-zazaki"],"_links":{"self":[{"href":"https:\/\/candname.com\/tr\/index.php?rest_route=\/wp\/v2\/posts\/23094","targetHints":{"allow":["GET"]}}],"collection":[{"href":"https:\/\/candname.com\/tr\/index.php?rest_route=\/wp\/v2\/posts"}],"about":[{"href":"https:\/\/candname.com\/tr\/index.php?rest_route=\/wp\/v2\/types\/post"}],"author":[{"embeddable":true,"href":"https:\/\/candname.com\/tr\/index.php?rest_route=\/wp\/v2\/users\/32"}],"replies":[{"embeddable":true,"href":"https:\/\/candname.com\/tr\/index.php?rest_route=%2Fwp%2Fv2%2Fcomments&post=23094"}],"version-history":[{"count":0,"href":"https:\/\/candname.com\/tr\/index.php?rest_route=\/wp\/v2\/posts\/23094\/revisions"}],"wp:featuredmedia":[{"embeddable":true,"href":"https:\/\/candname.com\/tr\/index.php?rest_route=\/wp\/v2\/media\/23095"}],"wp:attachment":[{"href":"https:\/\/candname.com\/tr\/index.php?rest_route=%2Fwp%2Fv2%2Fmedia&parent=23094"}],"wp:term":[{"taxonomy":"category","embeddable":true,"href":"https:\/\/candname.com\/tr\/index.php?rest_route=%2Fwp%2Fv2%2Fcategories&post=23094"},{"taxonomy":"post_tag","embeddable":true,"href":"https:\/\/candname.com\/tr\/index.php?rest_route=%2Fwp%2Fv2%2Ftags&post=23094"}],"curies":[{"name":"wp","href":"https:\/\/api.w.org\/{rel}","templated":true}]}}