{"id":23090,"date":"2023-10-30T19:48:40","date_gmt":"2023-10-30T16:48:40","guid":{"rendered":"https:\/\/candname.com\/tr\/?p=23090"},"modified":"2023-10-30T19:49:03","modified_gmt":"2023-10-30T16:49:03","slug":"bir-asimilasyon-araci-olarak-kentler-ve-kurtler","status":"publish","type":"post","link":"https:\/\/candname.com\/tr\/?p=23090","title":{"rendered":"Bir Asimilasyon Arac\u0131 Olarak Kentler ve K\u00fcrtler(Kitap)"},"content":{"rendered":"<p>Bar\u0131\u015f A. \u00c7obano\u011flu<\/p>\n<p>K\u00fcrtlerin kentlere g\u00f6\u00e7ler ettirilerek asimile edilmesi, uzun y\u0131llara dayanan geleneksel devlet politikalar\u0131n\u0131n bir par\u00e7as\u0131d\u0131r ve bu politikalar \u00e7er\u00e7evesinde y\u00fcr\u00fct\u00fclen programlarla ili\u015fkilidir.<\/p>\n<p>Bu politika, iki temel bile\u015fenden olu\u015fur. Birinci bile\u015feni, mecburi isk\u00e2n, zorunlu g\u00f6\u00e7ler, bask\u0131, eziyet ve s\u00fcrg\u00fcnleri i\u00e7erirken ikinci bile\u015feni ekonomik, sosyal ve k\u00fclt\u00fcrel geri b\u0131rakt\u0131rma programlar\u0131d\u0131r.<\/p>\n<p>Her iki program da T\u00fcrkle\u015ftirme politikalar\u0131n\u0131n ayr\u0131lmaz par\u00e7alar\u0131d\u0131r.<\/p>\n<p>K\u00fcrtlere y\u00f6nelik ekonomik ambargolar ve politik bask\u0131lar g\u00f6z \u00f6n\u00fcnde bulunduruldu\u011funda, \u015fehirlerin asimilasyon ve T\u00fcrkle\u015ftirme politikalar\u0131n\u0131n uygulanmas\u0131nda \u00f6nemli bir rol oynad\u0131\u011f\u0131 g\u00f6r\u00fclmektedir.<\/p>\n<p>Kentlere g\u00f6\u00e7ler yoluyla K\u00fcrtlerin \u00f6rf, adet ve geleneklerinin yan\u0131 s\u0131ra dil ve tarihlerinin ortadan kald\u0131r\u0131larak ulusal kimlik ve haf\u0131zalar\u0131n\u0131n b\u00fct\u00fcn\u00fcyle imhas\u0131 ama\u00e7lanm\u0131\u015ft\u0131r.<\/p>\n<p>&nbsp;<\/p>\n<p>Yazar: Bar\u0131\u015f A. \u00c7obano\u011flu<\/p>\n<p>Yay\u0131n Evi: N\u00fbbihar<\/p>\n<p>T\u00fcr : Ara\u015ft\u0131rma<\/p>\n<p>Yazar Bar\u0131\u015f A. \u00c7obano\u011flu Kimdir?<\/p>\n<p>Bar\u0131\u015f A. \u00c7obano\u011flu 1964 y\u0131l\u0131nda Kars\u2019\u0131n Ka\u011f\u0131zman il\u00e7esinde do\u011fdu. E\u011fitim hayat\u0131n\u0131 liseye kadar \u0130stanbul\u2019da s\u00fcrd\u00fcrd\u00fc. Ard\u0131ndan Eski\u015fehir Anadolu \u00dcniversitesi E\u011fitim Bilimleri Fak\u00fcltesine devam etti. Ancak ekonomik ve politik nedenlerden dolay\u0131 e\u011fitimini yar\u0131da b\u0131rakarak \u0130stanbul\u2019a d\u00f6nd\u00fc. Askerlik hizmetini tamamlad\u0131ktan sonra \u00e7e\u015fitli medya kurulu\u015flar\u0131nda g\u00f6rev ald\u0131\u011f\u0131 gibi sivil toplum \u00f6rg\u00fctlerinde de y\u00f6neticilikler yapt\u0131. \u0130\u015f hayat\u0131nda sat\u0131\u015f, sat\u0131n alma, ticaret, planlama ve i\u015fletme y\u00f6neticili\u011fi g\u00f6revlerinde bulundu.<\/p>\n<p>Elinizdeki kitap yazar\u0131n 2. kitab\u0131d\u0131r. Daha \u00f6nce birinci kitab\u0131 Bir Kimlik Tespiti K\u00fcrd \u00caliyan A\u015fireti ad\u0131yla 2021\u2019de Doz Yay\u0131nlar\u0131ndan \u00e7\u0131kt\u0131.<\/p>\n<p>Evli ve \u00fc\u00e7 \u00e7ocuk sahibidir.<\/p>\n","protected":false},"excerpt":{"rendered":"<p>Bar\u0131\u015f A. \u00c7obano\u011flu K\u00fcrtlerin kentlere g\u00f6\u00e7ler ettirilerek asimile edilmesi, uzun y\u0131llara dayanan geleneksel devlet politikalar\u0131n\u0131n bir par\u00e7as\u0131d\u0131r ve bu politikalar \u00e7er\u00e7evesinde y\u00fcr\u00fct\u00fclen programlarla ili\u015fkilidir. Bu politika, iki temel bile\u015fenden olu\u015fur. Birinci bile\u015feni, mecburi isk\u00e2n, zorunlu g\u00f6\u00e7ler, bask\u0131, eziyet ve s\u00fcrg\u00fcnleri i\u00e7erirken ikinci bile\u015feni ekonomik, sosyal ve k\u00fclt\u00fcrel geri b\u0131rakt\u0131rma programlar\u0131d\u0131r. Her iki program da T\u00fcrkle\u015ftirme &hellip;<\/p>\n","protected":false},"author":32,"featured_media":23091,"comment_status":"open","ping_status":"open","sticky":false,"template":"","format":"standard","meta":{"footnotes":""},"categories":[1746],"tags":[5549,6303,6304,5881,6302,1616,180,2791],"class_list":["post-23090","post","type-post","status-publish","format-standard","has-post-thumbnail","","category-kitapcilik","tag-asimilsayon","tag-baris-a-cobanoglu","tag-kagizman","tag-kars","tag-kent","tag-manset","tag-nubihar","tag-sehir"],"_links":{"self":[{"href":"https:\/\/candname.com\/tr\/index.php?rest_route=\/wp\/v2\/posts\/23090","targetHints":{"allow":["GET"]}}],"collection":[{"href":"https:\/\/candname.com\/tr\/index.php?rest_route=\/wp\/v2\/posts"}],"about":[{"href":"https:\/\/candname.com\/tr\/index.php?rest_route=\/wp\/v2\/types\/post"}],"author":[{"embeddable":true,"href":"https:\/\/candname.com\/tr\/index.php?rest_route=\/wp\/v2\/users\/32"}],"replies":[{"embeddable":true,"href":"https:\/\/candname.com\/tr\/index.php?rest_route=%2Fwp%2Fv2%2Fcomments&post=23090"}],"version-history":[{"count":0,"href":"https:\/\/candname.com\/tr\/index.php?rest_route=\/wp\/v2\/posts\/23090\/revisions"}],"wp:featuredmedia":[{"embeddable":true,"href":"https:\/\/candname.com\/tr\/index.php?rest_route=\/wp\/v2\/media\/23091"}],"wp:attachment":[{"href":"https:\/\/candname.com\/tr\/index.php?rest_route=%2Fwp%2Fv2%2Fmedia&parent=23090"}],"wp:term":[{"taxonomy":"category","embeddable":true,"href":"https:\/\/candname.com\/tr\/index.php?rest_route=%2Fwp%2Fv2%2Fcategories&post=23090"},{"taxonomy":"post_tag","embeddable":true,"href":"https:\/\/candname.com\/tr\/index.php?rest_route=%2Fwp%2Fv2%2Ftags&post=23090"}],"curies":[{"name":"wp","href":"https:\/\/api.w.org\/{rel}","templated":true}]}}