{"id":23073,"date":"2023-10-15T23:01:44","date_gmt":"2023-10-15T20:01:44","guid":{"rendered":"https:\/\/candname.com\/tr\/?p=23073"},"modified":"2023-10-15T20:08:26","modified_gmt":"2023-10-15T17:08:26","slug":"nilden-nehire-arz-i-mevud-veya-buyuk-israil-paranoyasi","status":"publish","type":"post","link":"https:\/\/candname.com\/tr\/?p=23073","title":{"rendered":"Nil\u2019den Nehir\u2019e: Arz-\u0131 Mevud veya \u201cB\u00fcy\u00fck \u0130srail\u201d Paranoyas\u0131"},"content":{"rendered":"<p>Ge\u00e7ti\u011fimiz g\u00fcnlerde \u0130stanbul-Balmumcu\u2019da \u00fcst ge\u00e7ite as\u0131lan bir pankartta \u201cYahudi as\u0131ll\u0131 Barzani\/Biz senin kim oldu\u011funu ve amac\u0131n\u0131n K\u00fcrdistan de\u011fil B\u00fcy\u00fck \u0130srail oldu\u011funu biliyoruz\/bir gece ans\u0131z\u0131 gelece\u011fiz\u201d yaz\u0131yordu. \u00c7ok ki\u015fi \u201cB\u00fcy\u00fck \u0130srail\u201d kavram\u0131n\u0131 duymu\u015ftur ama, \u00e7ok az ki\u015finin bu kavram\u0131n tarihsel ve siyasal arka plan\u0131n\u0131 bildi\u011fini san\u0131yorum.<\/p>\n<p>Bug\u00fcn Ortado\u011fu\u2019da ve T\u00fcrkiye\u2019de pek \u00e7ok ki\u015finin y\u00fcrekten inand\u0131\u011f\u0131 \u201cB\u00fcy\u00fck \u0130srail\u201d projesinin dayand\u0131\u011f\u0131 iddia edilen \u201cArz-\u0131 Mevud\u201d yani \u201cVaat Edilmi\u015f Topraklar\u201d meselesinin dinsel referans\u0131 Tevrat\u2019taki \u201ci\u00e7inden s\u00fct ve bal akan topraklar\u201d ve \u201cKenan Diyar\u0131\u201d\u2019 ifadeleri. (\u00c7\u0131k\u0131\u015f 3:8)\u2019e g\u00f6re Tanr\u0131 Kenan Diyar\u0131\u2019n\u0131 bir zamanlar \u0130srailo\u011fullar\u0131na vermi\u015ftir. Konu Aziz Paulos taraf\u0131ndan \u0130ncil\u2019e ta\u015f\u0131nm\u0131\u015ft\u0131r.<\/p>\n<p><strong>Peki Kenan Diyar\u0131 neresidir?<\/strong><\/p>\n<p>Eski ve Yeni Ahit\u2019te (yani Tevrat ve \u0130ncil) birden fazla \u201cKenan Diyar\u0131\u201d tan\u0131m\u0131 var. \u00d6rne\u011fin \u0130ncil (Say\u0131lar 34:1-12)\u2019de g\u00fcneyde M\u0131s\u0131r Nehri, Zin \u00c7\u00f6l\u00fc, bat\u0131da Akdeniz, kuzeyde Hor Da\u011f\u0131, do\u011fuda \u00dcrd\u00fcn (\u015eeria) Irma\u011f\u0131 ve Lut G\u00f6l\u00fc ile s\u0131n\u0131rl\u0131 bir Kenan Diyar\u0131 tan\u0131m\u0131 yap\u0131l\u0131r. (Ezekeil 47:13-20)\u2019de s\u0131n\u0131rlar kuzeyde \u015eam\u2019la Zedad aras\u0131ndaki hat, do\u011fuda \u00dcrd\u00fcn Nehri, g\u00fcneyde M\u0131s\u0131r Vadisi, bat\u0131da B\u00fcy\u00fck Deniz\u2019le \u00e7evrilir. (Tekvin 15:18)\u2019de Ayn\u0131 g\u00fcn, Tanr\u0131 \u0130brahim\u2019e \u201cSenin soyundan gelenlere M\u0131s\u0131r Nehri\u2019nden B\u00fcy\u00fck Nehre, F\u0131rat Nehri\u2019ne kadar uzanan topraklar\u0131 veriyorum\u2019 diyerek bir antla\u015fma yapt\u0131\u201d der. (Tesniye 11:24)\u2019te, Musa Yahudilere \u201cAyaklar\u0131n\u0131n bast\u0131\u011f\u0131 her yer senin olacak. S\u0131n\u0131rlar\u0131n\u0131z \u00c7\u00f6l\u2019den L\u00fcbnan\u2019a, Nehir\u2019den, F\u0131rat\u2019tan Deniz\u2019e uzanacak\u201d der. (\u00c7\u0131k\u0131\u015f 1:7)\u2019da s\u0131n\u0131rlar, Necef \u00c7\u00f6l\u00fc, L\u00fcbnan Da\u011flar\u0131, Akdeniz ve F\u0131rat Nehri olarak tarif edilir. (\u00c7\u0131k\u0131\u015f, 23:31)\u2019de Tanr\u0131 \u0130srailo\u011fullar\u0131na \u201cS\u0131n\u0131rlar\u0131n\u0131z\u0131 K\u0131z\u0131l Deniz\u2019den Filistin Denizi\u2019ne, \u00e7\u00f6llerden F\u0131rat Irma\u011f\u0131\u2019na kadar belirleyece\u011fim\u201d der ki bu s\u0131n\u0131rlar Davut zaman\u0131ndaki (M\u00d6 1000) Yahudi Krall\u0131\u011f\u0131\u2019n\u0131n s\u0131n\u0131rlar\u0131d\u0131r.<\/p>\n<p>G\u00f6r\u00fcld\u00fc\u011f\u00fc gibi s\u0131n\u0131r meselesi kar\u0131\u015f\u0131kt\u0131r. Ba\u015fka tan\u0131mlardan da bilindi\u011fi gibi Tevrat\u2019\u0131n ve \u0130ncil\u2019in (ayn\u0131 \u015fekilde di\u011fer \u201ckutsal\u201d metinlerin) co\u011frafi tan\u0131mlamalar\u0131n\u0131, bilimsel tan\u0131mlar olarak ele almak do\u011fru de\u011fil. Nitekim \u201cM\u0131s\u0131r Nehri\u201d, baz\u0131lar\u0131na g\u00f6re Nil Nehri, baz\u0131lar\u0131na g\u00f6re Sina Yar\u0131madas\u0131\u2019n\u0131n kuzey k\u0131y\u0131 \u015feridindeki Vadi el Ari\u015f\u2019tir. \u201cNehir\u2019\u201d ve \u2018\u201cB\u00fcy\u00fck Nehir\u201din bizim bildi\u011fimiz F\u0131rat Nehri oldu\u011funda, Deniz\u2019in ise Akdeniz oldu\u011funda ise pek \u015f\u00fcphe yok galiba. Hor Da\u011f\u0131 ise L\u00fcbnan Da\u011flar\u0131. Ama komploculara g\u00f6re bizim Toroslar.<\/p>\n<p>Asl\u0131nda, \u201cB\u00fcy\u00fck Nehir\u2019\u201d Kabala sembolizmine g\u00f6re Tanr\u0131\u2019n\u0131n cennetini, F\u0131rat Nehri ise D\u00fcnya cennetini temsil eder. Yani baz\u0131 tan\u0131mlar t\u00fcm\u00fcyle metaforik\/folklorik anlam ta\u015f\u0131yor. \u00d6te yandan, \u0130brahim\u2019in soyu, kar\u0131s\u0131 Sara\u2019dan olma \u0130shak\u2019tan t\u00fcreyen Yahudiler ile cariyesi Hacer\u2019den olma \u0130smail\u2019den t\u00fcreyen Araplar oldu\u011funa g\u00f6re, bu topraklar hem Yahudilere hem de Araplara vaat edilmi\u015f olabilir. Zaten, Kuran\u2019\u0131n Maide Suresi\u2019nde buna de\u011finilir.<\/p>\n<p><strong>G\u00fcneydo\u011fu Anadolu dahil mi?\u00a0<\/strong><\/p>\n<p>Arz-\u0131 Mevud\u2019un s\u0131n\u0131rlar\u0131n\u0131n G\u00fcneydo\u011fu Anadolu\u2019ya kadar uzat\u0131lmas\u0131nda F\u0131rat Nehri meselesi \u00f6nemlidir ama \u0130srailo\u011fullar\u0131n\u0131n atas\u0131 Hazreti \u0130brahim\u2019in memleketinin Urfa oldu\u011funa dair s\u00f6ylencenin de rol\u00fc b\u00fcy\u00fckt\u00fcr. Tevrat\u2019a g\u00f6re Hazreti \u0130brahim\u2019in do\u011fum yeri Kalde \u00fclkesindeki Ur (Ur Ka\u015bdim) \u015fehridir. Yahudi ve \u0130slam kaynaklar\u0131nda bu \u015fehir bug\u00fcn T\u00fcrkiye s\u0131n\u0131rlar\u0131 i\u00e7inde kalan Urki\u015f (Suriye\u2019de Kam\u0131\u015fl\u0131 yak\u0131nlar\u0131ndaki Tell Mozan), A\u011fr\u0131 Da\u011f\u0131 eteklerindeki Urartu, G\u00fcney Anadolu\u2019daki Urfa, Kutha (Irak\u2019ta Babil Eyaleti\u2019nde Tell \u0130brahim) \u015fehirlerinden biridir. Daha sonraki tarihlerde di\u011fer \u015fehirler unutulmu\u015f, Urfa \u015fehri pop\u00fcler olmu\u015f. Buna kar\u015f\u0131l\u0131k 1927\u2019de Sir Charles Wolley adl\u0131 \u0130ngiliz arkeolog, Tevrat\u2019ta ad\u0131 ge\u00e7en Ur\u2019un G\u00fcney Mezopotamya\u2019da, Basra K\u00f6rfezi yak\u0131nlar\u0131nda bir S\u00fcmer \u015fehri oldu\u011funu ileri s\u00fcrer. Bug\u00fcn bilim d\u00fcnyas\u0131nda son tez daha b\u00fcy\u00fck kabul g\u00f6r\u00fcyor. Ancak bu kabul\u00fc bile \u201cB\u00fcy\u00fck \u0130srail\u201d komplosunun par\u00e7as\u0131 olarak niteleyenler var.<\/p>\n<p>T\u00fcrkiye ba\u011flant\u0131s\u0131n\u0131 sa\u011flayan \u00fc\u00e7\u00fcnc\u00fc husus ise Tevrat\u2019ta Kenan Diyar\u0131\u2019n\u0131 tan\u0131mlarken zikredilen kavimlerden birinin ad\u0131n\u0131n \u201cHititler\u201d olmas\u0131d\u0131r. Tevrat\u2019taki Hititler ile Anadolu\u2019da h\u00fck\u00fcm s\u00fcrm\u00fc\u015f Hititlerin ayn\u0131 kavim olup olmad\u0131\u011f\u0131 konusu hen\u00fcz kesinlik kazanmamakla birlikte, genel e\u011filim, ikisini ayn\u0131 kabul etmek yolunda.<\/p>\n<p><strong>Musa Kutsal Topraklar\u2019a girebildi mi?<\/strong><\/p>\n<p>\u0130nan\u0131\u015fa g\u00f6re, 400 y\u0131l boyunca M\u0131s\u0131r\u2019da esaret ya\u015fad\u0131ktan sonra \u0130srailo\u011fullar\u0131n\u0131 Filistin\u2019e g\u00f6t\u00fcrmek isteyen Musa\u2019y\u0131 Sina Yar\u0131madas\u0131\u2019nda 40 y\u0131l dola\u015ft\u0131rd\u0131ktan sonra Tanr\u0131, yolculukta ya\u015fad\u0131\u011f\u0131 zorluklar\u0131 a\u015farken hikmetini sorgulad\u0131\u011f\u0131 i\u00e7in, Musa\u2019ya \u201cKutsal Topraklar\u0131 g\u00f6receksin ama oraya girmek sana nasip olmayacak\u201d demi\u015fti.<\/p>\n<p>Bir de \u201cYahudilere yasak topraklar\u201d var. (Tesniye 2:5, 9, 19), (Ye\u015fu 24:4) ve (2 Tarihler 20:10) b\u00f6l\u00fcmlerine bak\u0131l\u0131rsa yasak topraklar bug\u00fcnk\u00fc \u00dcrd\u00fcn topraklar\u0131. Nitekim halk\u0131n\u0131 \u00dcrd\u00fcn Nehri\u2019nin Do\u011fu Yakas\u0131\u2019na kadar getiren Musa, Hazreti Yu\u015fa komutas\u0131ndaki \u0130srailo\u011fullar\u0131n\u0131n \u201cArz-\u0131 Mevud\u201du yabanc\u0131lardan kurtarmas\u0131n\u0131 g\u00f6remeden, \u00dcrd\u00fcn Nehri\u2019nin Do\u011fu Yaka\u2019s\u0131nda \u00f6ld\u00fc ve orada Tanr\u0131\u2019n\u0131n kendisine verdi\u011fi ceza uyar\u0131nca bilinmeyen bir yere g\u00f6m\u00fcld\u00fc. Musa\u2019n\u0131n uzaktan bakt\u0131\u011f\u0131 bu topraklara bug\u00fcn \u0130branice\u2019de Eretz Yisrael deniyor ve s\u0131n\u0131rlar\u0131n\u0131n g\u00fcneyde Sina Yar\u0131madas\u0131\u2019n\u0131n kuzey k\u0131y\u0131s\u0131ndaki Vadi el Ari\u015f, kuzeyde L\u00fcbnan Da\u011flar\u0131, bat\u0131da Akdeniz ve do\u011fuda \u00dcrd\u00fcn Nehri ve Lut G\u00f6l\u00fc hatt\u0131 oldu\u011fu kabul ediliyor.<\/p>\n<p><strong>Siyonistler ne diyordu?<\/strong><\/p>\n<p>1890\u2019larda Theodor Herzl\u2019in ba\u015f\u0131n\u0131 \u00e7ekti\u011fi Siyonistlerin Filistin olmazsa, K\u0131br\u0131s, Sina Yar\u0131madas\u0131, Mezopotamya, Do\u011fu Afrika, Arjantin hatta Sibirya gibi son derece geni\u015f bir co\u011frafyada \u0130srail Devleti\u2019ni kurmaya raz\u0131 olmalar\u0131n\u0131n, bunun i\u00e7in canla ba\u015fla \u00e7al\u0131\u015fmalar\u0131n\u0131n hik\u00e2yesini\u00a0<a href=\"https:\/\/www.avlaremoz.com\/2017\/10\/08\/ii-abdulhamid-ve-filistine-yahudi-gocu-ayse-hur\/\" target=\"_blank\" rel=\"noopener noreferrer\">bu sayfalarda bulabilirsiniz<\/a>. Daha sonra Ze\u2019ev Jabotinsky\u2019nin ba\u015f\u0131n\u0131 \u00e7ekti\u011fi \u201cRevizyonist Siyonistler\u201d denilen daha radikal gruplar Herzl\u2019in yolunu izleyen Ben Gurion ve Chaim Weizmann gibi pragmatiklerin planlar\u0131na kar\u015f\u0131 \u00e7\u0131karak \u0130srail Devleti\u2019nin, \u00dcrd\u00fcn, L\u00fcbnan ve Suriye\u2019nin bir b\u00f6l\u00fcm\u00fc \u00fczerinde kurulmas\u0131n\u0131 savunmu\u015flarsa da bu gruplar\u0131n en radikal unsurlar\u0131 bile hi\u00e7bir zaman Anadolu topraklar\u0131n\u0131, M\u0131s\u0131r\u2019\u0131, Sudan\u2019\u0131, Irak\u2019\u0131, Mekke\u2019yi veya Medine\u2019yi kontrol etmekten s\u00f6z etmemi\u015flerdi.<\/p>\n<p><strong>\u0130\u015f\u00e7i Partisi\/Likud fark\u0131<\/strong><\/p>\n<p>1948\u2019de \u0130srail Devleti kuruldu\u011funda, \u00e7o\u011funlu\u011fu elinde bulunduran \u0130\u015f\u00e7i Partisi H\u00fck\u00fcmeti BM\u2019nin ba\u011f\u0131ms\u0131z Arap ve \u0130srail devletleri i\u00e7in \u00e7izdi\u011fi s\u0131n\u0131rlar\u0131 kabul etmi\u015fti. Haritada ye\u015fil renkli m\u00fcrekkeple \u00e7izildi\u011fi i\u00e7in \u201cYe\u015fil Hat\u201d diye an\u0131lan bu s\u0131n\u0131r, Arz-\u0131 Mevud\u2019la \u00f6rt\u00fc\u015fm\u00fcyordu, \u00e7\u00fcnk\u00fc Sina Yar\u0131madas\u0131\u2019n\u0131 ve Yahudilerin Judea ve Samarria dedikleri Bat\u0131 \u015eeria\u2019y\u0131 d\u0131\u015far\u0131da b\u0131rak\u0131yordu. Bu tav\u0131r uyar\u0131nca, \u0130srail 1956\u2019da ve 1967\u2019de Sina Yar\u0131madas\u0131\u2019n\u0131 ele ge\u00e7irdi\u011fi ve Kahire\u2019nin kap\u0131s\u0131na dayand\u0131\u011f\u0131 halde, bar\u0131\u015f kar\u015f\u0131l\u0131\u011f\u0131 oralar\u0131 iade etti ve bu dini-b\u00fct\u00fcn kesimler taraf\u0131ndan da protesto edilmedi.<\/p>\n<p>Likud Partisi\u2019nde temsil edilen \u2018revizyonist\u2019 Siyonistler, 1977\u2019de iktidara gelince bug\u00fcn Eretz Yisrael\u2019i \u201cEretz Yisrael Ha-Shlema= \u0130srail Topraklar\u0131n\u0131n Tamam\u0131\u201d ad\u0131yla g\u00fcncellediler. Bu s\u0131n\u0131rlar bile 1923\u2019te Britanya Mandas\u0131\u2019n\u0131n topraklar\u0131n\u0131 (\u0130srail Devleti\u2019nin bug\u00fcnk\u00fc topraklar\u0131+ Bat\u0131 \u015eeria+Gazze+\u00dcrd\u00fcn\u2019\u00fc) kaps\u0131yor. 2008\u2019de Ehud Olmert \u201cArt\u0131k Eretz Yisrael Ha-Shelema diye bir \u015fey yok. O i\u015f bitti, kim bu konudan bahsederse akl\u0131n\u0131 kaybetmi\u015ftir\u201d dedi ama ku\u015fkular\u0131 gideremedi.<\/p>\n<p><strong>\u201cB\u00fcy\u00fck \u0130srail\u201d Ortado\u011fu siyaset sahnesinde<\/strong><\/p>\n<p>Velev ki Tevrat\u2019ta ve \u0130ncil\u2019de tarif edilen Arz-\u0131 Mevud, G\u00fcneydo\u011fu Anadolu\u2019ya kadar uzan\u0131yor diyelim. Esas mesele, bence bunu \u201cB\u00fcy\u00fck \u0130srail\u201d ad\u0131yla bir siyasi projeye d\u00f6n\u00fc\u015ft\u00fcrmek i\u00e7in \u00e7al\u0131\u015fan birilerinin olup olmad\u0131\u011f\u0131. Buna ge\u00e7meden \u00f6nce, \u201cB\u00fcy\u00fck \u0130srail\u201d paranoyas\u0131n\u0131n Ortado\u011fu siyasetine nas\u0131l dahil oldu\u011funun tarih\u00e7esine g\u00f6z atal\u0131m. \u0130sraillilerin Tevrat ve \u0130ncil\u2019de kendilerine vaat edilen topraklar \u00fczerinde bir \u201cB\u00fcy\u00fck \u0130srail\u201d kurmak \u00fczere gizli gizli \u00e7al\u0131\u015ft\u0131\u011f\u0131na ilk inanan ilk politik fig\u00fcr Suudi Arabistan Kral\u0131 Abd\u00fcl Aziz\u2019dir. Kral 1937\u2019de Britanyal\u0131 emekli diplomat H. R. P. Dickson\u2019a yazd\u0131\u011f\u0131 bir mektupta, Yahudilerin Medine\u2019ye kadarki topraklar\u0131 istediklerini yazm\u0131\u015ft\u0131. Neden \u201cMedine\u2019ye kadar\u201d derseniz, \u00e7\u00fcnk\u00fc Peygamber zaman\u0131nda Medine\u2019de Yahudiler ya\u015f\u0131yordu!<\/p>\n<p>\u201cB\u00fcy\u00fck \u0130srail\u201d meselesini uluslararas\u0131 arenaya ta\u015f\u0131yan 1985\u2019te Suriye Devlet Ba\u015fkan\u0131 Haf\u0131z Esat oldu. Esat\u2019\u0131n iddias\u0131na g\u00f6re, \u0130srail Ba\u015fbakan\u0131 Mo\u015fe Dayan 1967\u2019de Golan Tepeleri\u2019ni i\u015fgal ettikten sonra b\u00f6lgeyi ziyaret ederken oradakilere \u201cGe\u00e7mi\u015f ku\u015faklar \u0130srail\u2019i 1948 s\u0131n\u0131rlar\u0131na ula\u015ft\u0131rd\u0131lar, biz 1967 s\u0131n\u0131rlar\u0131na ula\u015ft\u0131rd\u0131k, siz Nil\u2019den F\u0131rat\u2019a uzanan \u2018B\u00fcy\u00fck \u0130srail\u2019i kuracaks\u0131n\u0131z\u201d demi\u015fti. Bir Irakl\u0131 gazeteci ayn\u0131 konu\u015fmay\u0131 farkl\u0131 \u015fekilde aktard\u0131. Ona g\u00f6re Dayan \u201cKud\u00fcs\u2019\u00fc ald\u0131k ve \u015fimdi hedefimiz Yesrib (Medine) ve Babil\u201d demi\u015fti. Ba\u015fka gazetecilere g\u00f6re de daha sonraki Ba\u015fbakan Menahem Begin, \u201c\u0130srail Devleti\u2019nin \u0130ncil\u2019de \u00f6ng\u00f6r\u00fcld\u00fc\u011f\u00fc gibi Irak, Suriye, T\u00fcrkiye, Suudi Arabistan, M\u0131s\u0131r, Sudan, L\u00fcbnan, \u00dcrd\u00fcn ve Kuveyt\u2019i kapsayaca\u011f\u0131n\u0131\u201d s\u00f6ylemi\u015fti. O g\u00fcnlerde, \u0130srail\u2019deki \u015fahinler halk\u0131 \u201cB\u00fcy\u00fck Suriye\u201d projesiyle manip\u00fcle ederken, Suriye\u2019de \u201cB\u00fcy\u00fck \u0130srail\u201d korkusuyla muhalifleri bile Esat\u2019\u0131n dev asker\u00ee projelerine \u201cEvet!\u201d diyorlard\u0131.<\/p>\n<p>1985\u2019te konuyla hi\u00e7 ilgisi olmayan \u0130ran da i\u015fin i\u00e7ine girdi. Tarihin en \u00fcnl\u00fc sahtek\u00e2rl\u0131k \u00fcr\u00fcn\u00fc olan Siyon Protokolleri, bilmem ka\u00e7\u0131nc\u0131 kez, ancak ekinde \u201cSiyonizmin R\u00fcyas\u0131\u201d ba\u015fl\u0131kl\u0131 bir harita ile bas\u0131ld\u0131. Haritada M\u0131s\u0131r, Medine\u2019ye kadar Suudi Arabistan, Suriye, Irak, Kuveyt, \u0130ran\u2019\u0131n petrol b\u00f6lgeleri ve T\u00fcrkiye\u2019nin G\u00fcneydo\u011fu\u2019su \u0130sraillilerle mesk\u00fbn olarak g\u00f6steriliyordu. S\u0131n\u0131rlar bir y\u0131lan fig\u00fcr\u00fc ile \u00e7izilmi\u015f, \u00f6l\u00e7ek b\u00f6l\u00fcm\u00fcne ise Farmasonlar\u0131n g\u00f6z sembol\u00fc yerle\u015ftirilmi\u015fti.<\/p>\n<p><strong>Yaser Arafat\u2019\u0131n yarat\u0131c\u0131l\u0131\u011f\u0131 (!)\u00a0 \u00a0<\/strong><\/p>\n<p>Ama \u201cB\u00fcy\u00fck \u0130srail\u201di pop\u00fcler k\u00fclt\u00fcre dahil etmekte FK\u00d6 lideri Yaser Arafat\u2019\u0131n rol\u00fcn\u00fc kimse ink\u00e2r edemez. Arafat, 1988\u2019de Playboy dergisinin muhabirine \u201c\u2018\u0130srail bayra\u011f\u0131ndaki gizli sembolizm\u201dden s\u00f6z etmi\u015fti. Arafat\u2019a g\u00f6re bayraktaki iki mavi \u00e7izgi Nil ve F\u0131rat nehirlerini, aradaki beyaz b\u00f6l\u00fcm ise \u201cB\u00fcy\u00fck \u0130srail\u201di g\u00f6steriyordu. Asl\u0131nda mavi \u00e7izgiler, geleneksel Yahudi dua \u015fal\u0131n\u0131 simgeliyordu ama o g\u00fcnlerde de, b\u00f6yle basit a\u00e7\u0131klamalar de\u011fil \u201ckomplo teorileri\u201d daha \u00e7ok itibar g\u00f6r\u00fcyordu.<\/p>\n<p>Arafat i\u015fin pe\u015fini b\u0131rakmad\u0131. 25 May\u0131s 1990\u2019da, BM G\u00fcvenlik Konseyi, Arafat New York\u2019a gelemeyece\u011fi i\u00e7in, toplant\u0131s\u0131n\u0131 Cenevre\u2019de yapm\u0131\u015ft\u0131. Arafat toplant\u0131ya maden\u00ee bir para ile gelmi\u015fti. Arafat paran\u0131n \u00fczerindeki fig\u00fcr\u00fc, \u201cFilistin, L\u00fcbnan, \u00dcrd\u00fcn\u2019\u00fcn tamam\u0131; Suriye\u2019nin yar\u0131s\u0131, Irak\u2019\u0131n \u00fc\u00e7te ikisi, Suudi Arabistan\u2019\u0131n \u00fc\u00e7te biri (Medine dahil) ve Sina\u2019n\u0131n yar\u0131s\u0131n\u0131 i\u00e7ine alan \u2018B\u00fcy\u00fck \u0130srail\u2019in haritas\u0131\u201d diye takdim etmi\u015fti. Halbuki s\u00f6z konusu para, M\u00d6 37 y\u0131l\u0131nda Kud\u00fcs\u2019\u00fcn Romal\u0131lar taraf\u0131ndan i\u015fgali s\u0131ras\u0131nda bas\u0131lm\u0131\u015f antik paray\u0131 kopyalayarak 1989\u2019da bas\u0131lan yeni \u0130srail paralar\u0131ndan biriydi. Arafat, 1990 y\u0131l\u0131 boyunca, cebinde ta\u015f\u0131d\u0131\u011f\u0131 paray\u0131, \u00f6n\u00fcne gelene \u201cbak\u0131n, bak\u0131n\u201d diye g\u00f6stermeye devam etti.<\/p>\n<p><strong>Knesset\u2019teki kabartma<\/strong><\/p>\n<p>Benzer bir iddia, Knesset\u2019le (\u0130srail Parlamentosu) ilgili yap\u0131ld\u0131. D\u00f6nemin Suriye lideri Haf\u0131z Esat ve Suriye\u2019nin Savunma Bakan\u0131 Mustafa Tallas\u2019\u0131n iddias\u0131na g\u00f6re Knesset\u2019in giri\u015finde \u0130srail\u2019in Nil\u2019den F\u0131rat\u2019a uzanan topraklar\u0131n\u0131 g\u00f6steren bir kabartma \u00e7ak\u0131l\u0131yd\u0131. Gazeteciler bunu g\u00f6rmek istediklerinde g\u00f6remediler \u00e7\u00fcnk\u00fc iddialara g\u00f6re gazeteciler gelecek diye kald\u0131r\u0131lm\u0131\u015ft\u0131.<\/p>\n<p>Arafat\u2019\u0131n \u015fahadetine g\u00f6re Knesset\u2019teki bu kabartma 32 y\u0131l \u00f6nce kald\u0131r\u0131lm\u0131\u015ft\u0131 ama 1989\u2019da Bush ile Gorba\u00e7ov\u2019un Malta g\u00f6r\u00fc\u015fmesinden sonra tekrar yeniden konmu\u015ftu. Arafat bir s\u00fcre sonra hik\u00e2yesini de\u011fi\u015ftirdi. Kabartman\u0131n kald\u0131r\u0131lmas\u0131 \u0130sraillilere tavsiye edilmi\u015fti fakat onlar plaketteki haritay\u0131 BM toplant\u0131s\u0131nda g\u00f6sterdi\u011fi paraya kaz\u0131m\u0131\u015flard\u0131. Ard\u0131ndan hik\u00e2yeyi yine de\u011fi\u015ftirdi ve haritan\u0131n Amerikan-\u0130srail Kamu \u0130\u015fleri Komitesi taraf\u0131ndan bas\u0131ld\u0131\u011f\u0131n\u0131 s\u00f6yledi, fakat bu haritay\u0131 da g\u00f6ren olmam\u0131\u015ft\u0131!<\/p>\n<p>1990\u2019da M\u0131s\u0131r\u2019da yay\u0131nlanan El Akbar gazetesindeki bir makalede Sovyet Yahudilerinin Filistin\u2019e g\u00f6\u00e7\u00fc, \u201cB\u00fcy\u00fck \u0130srail\u2019in ger\u00e7ekle\u015fmesinde \u00f6nemli bir ad\u0131m\u201d olarak tarif edilmi\u015fti. Ertesi y\u0131l Libya lideri Kaddafi, B\u00fcy\u00fck \u0130srail\u2019in s\u0131n\u0131rlar\u0131n\u0131 Hint Okyanusu\u2019ndan H\u00fcrm\u00fcz Bo\u011faz\u0131\u2019na, Cebelitar\u0131k\u2019tan Akdeniz\u2019e kadar uzatt\u0131. Daha sonra merkezi Kahire olan Pakistan\u2019dan \u0130spanya\u2019ya, T\u00fcrkiye\u2019den Yemen\u2019e uzanan bir \u00fclke tahayy\u00fcl etti. B\u00f6ylece, \u201cB\u00fcy\u00fck \u0130srail\u201d, t\u00fcm \u0130slam\u2019\u0131 yery\u00fcz\u00fcnden silecekti! 1991\u2019de Irak\u2019\u0131n Kuveyt\u2019i i\u015fgal etmesi bir Kuveyt gazetesinde \u201cB\u00fcy\u00fck \u0130srail\u201d projesinin bir par\u00e7as\u0131 olarak nitelenmi\u015fti. O g\u00fcnden beri de Ortado\u011fu \u00fclkelerinde, bu s\u00f6ylencenin al\u0131c\u0131s\u0131 hi\u00e7 eksilmedi.<\/p>\n<p><strong>T\u00fcrkiye\u2019deki hezeyanlar<\/strong><\/p>\n<p>\u0130srail\u2019in bizim GAP b\u00f6lgemize y\u00f6nelik \u00f6zel bir ilgisi var m\u0131? \u0130nternet sitelerinde dola\u015fan iddialar\u0131 bir yana b\u0131rak\u0131rsak, siyasilerden gelen en abs\u00fcrt tepkiyi 2004 y\u0131l\u0131nda ya\u015fam\u0131\u015ft\u0131k. B\u00fcy\u00fck Birlik Partisi (BBP) Genel Ba\u015fkan Yard\u0131mc\u0131s\u0131 Atila \u015eim\u015fek, Yeni\u00e7a\u011f gazetesine \u0130sraillilerin GAP b\u00f6lgesinde toprak sat\u0131n ald\u0131klar\u0131n\u0131, bunun B\u00fcy\u00fck \u0130srail projesinin par\u00e7as\u0131 oldu\u011funu, bu ama\u00e7la Kuzey Irak\u2019taki K\u00fcrtleri kontrol alt\u0131na almaya \u00e7al\u0131\u015ft\u0131klar\u0131n\u0131, \u015eanl\u0131urfa\u2019da \u0130talyan Hastanesi\u2019nde iki bin Yahudi \u00e7ocu\u011fun do\u011fdu\u011funu, \u00e7ocuklar\u0131n kimliklerinde do\u011fum yeri olarak da T\u00fcrkiye-\u015eanl\u0131urfa yazd\u0131\u011f\u0131n\u0131, bu \u00e7ocuklar\u0131n 20 ya\u015f\u0131na geldiklerinde b\u00f6lgeye gelerek b\u00f6lgedeki arazileri sayesinde GAP\u2019\u0131 \u0130srail yurdu yapaca\u011f\u0131n\u0131 ileri s\u00fcrm\u00fc\u015ft\u00fc.<\/p>\n<p>\u015eim\u015fek iddialar\u0131n\u0131 TBMM\u2019ye ta\u015f\u0131m\u0131\u015f, bu sa\u00e7ma iddialar\u0131 ciddiye alan Meclis de \u015eanl\u0131urfa Valili\u011fi\u2019ne durumu sormu\u015ftu. Valilik, \u015eanl\u0131urfa\u2019da \u0130talyan Hastanesi olmad\u0131\u011f\u0131n\u0131, olmayan bir hastanede do\u011fum yapt\u0131r\u0131lamayaca\u011f\u0131n\u0131, \u015eanl\u0131urfa\u2019da T\u00fcrk vatanda\u015f\u0131 olmayan \u015fah\u0131slara arazi sat\u0131lmad\u0131\u011f\u0131n\u0131 ve yabanc\u0131lara do\u011fum belgesi verilmedi\u011fini s\u00f6ylemi\u015fti. Ayn\u0131 g\u00fcnlerde, Tapu Kadastro Genel M\u00fcd\u00fcr\u00fc Zeki Adl\u0131 da M\u0130T, Genelkurmay Ba\u015fkanl\u0131\u011f\u0131, Milli Savunma Bakanl\u0131\u011f\u0131 ve Tapu Kadastro\u2019nun m\u00fcfetti\u015flerinin GAP b\u00f6lgesinde valilerle, kaymakamlarla, asker\u00ee birimlerle g\u00f6r\u00fc\u015fmeler yapt\u0131\u011f\u0131n\u0131 ve sonu\u00e7ta \u0130sraillilerin b\u00f6lgede toprak ald\u0131\u011f\u0131na dair en ufak bilgiye rastlanmad\u0131\u011f\u0131n\u0131 a\u00e7\u0131klam\u0131\u015ft\u0131. Adl\u0131, T\u00fcrkiye\u2019de \u0130srail vatanda\u015flar\u0131na ait gayr\u0131menkullerin eyl\u00fcl 2004 itibar\u0131yla 133 tane oldu\u011funu, bunlar\u0131n 82\u2019sinin \u0130stanbul\u2019da bulundu\u011funu eklemi\u015fti. Ama elbette \u015eim\u015fekgilleri ikna edememi\u015fti. O g\u00fcnden sonra ara ara benzer iddialar el alt\u0131nda piyasaya s\u00fcr\u00fcld\u00fc. Irak B\u00f6lgesel K\u00fcrt Y\u00f6netimi\u2019nde yap\u0131lan son referandumdan sonra \u201cB\u00fcy\u00fck \u0130srail\u201d paranoyas\u0131 yeniden k\u00f6p\u00fcrt\u00fclmeye ba\u015flad\u0131.<\/p>\n<p><strong>Akl\u0131selime davet \u00a0<\/strong><\/p>\n<p>\u015eimdi sakince d\u00fc\u015f\u00fcnelim: \u201cArz-\u0131 Mevud\u201d kavram\u0131n\u0131n dindar Yahudiler i\u00e7in \u00f6nemli oldu\u011funa ku\u015fku yok. \u201cB\u00fcy\u00fck \u0130srail\u201dhayali kuran fanatik milliyet\u00e7ilerin varl\u0131\u011f\u0131ndan da ku\u015fku yok. Her \u00fclkede bu tip adamlar vard\u0131r. \u201cB\u00fcy\u00fck Ermenistan\u201d, \u201cB\u00fcy\u00fck K\u00fcrdistan\u201d veya \u201cAdriyatik\u2019ten \u00c7in Denizi\u2019ne Uzanan Turan \u00dclkesi\u201d kurmay\u0131 hayal edenler yok mu? Ya da \u201cD\u00fcnya \u0130slam Devleti\u201d hayali kuranlar?<\/p>\n<p>Ancak, \u0130srail\u2019de, gelmi\u015f ge\u00e7mi\u015f t\u00fcm y\u00f6neticilerin dinsel referanslarla politika yapt\u0131klar\u0131n\u0131 varsaymak mant\u0131kl\u0131 g\u00f6r\u00fcnm\u00fcyor. Velev ki, \u015fu anda \u0130srail\u2019in ba\u015f\u0131nda d\u00fcnyaya Tevrat\u2019\u0131n g\u00f6z\u00fcnden bakan adamlar var, bunlar\u0131n sadece iki milyon ki\u015finin ya\u015fad\u0131\u011f\u0131 Gazze \u015eeridi ve Bat\u0131 \u015eeria\u2019y\u0131 bile kontrol edemedi\u011fi ortada iken, 300 milyon ki\u015finin ya\u015fad\u0131\u011f\u0131 \u201cB\u00fcy\u00fck \u0130srail\u201d co\u011frafyas\u0131n\u0131 nas\u0131l y\u00f6neteceklerini anlamak m\u00fcmk\u00fcn de\u011fil. Sonu\u00e7 olarak, \u0130srail-T\u00fcrkiye, \u0130srail-Arap devletleri aras\u0131ndaki ili\u015fkileri siyasi, ekonomik, diplomatik, asker\u00ee perspektiflerden sonuna kadar sorgulayal\u0131m ama bu t\u00fcr komplocu sa\u00e7mal\u0131klar\u0131n esiri olmayal\u0131m.<\/p>\n<div class=\"sharedaddy sd-sharing-enabled\"><strong>Ay\u015fe H\u00fcr-avlaremoz.com<\/strong><\/div>\n","protected":false},"excerpt":{"rendered":"<p>Ge\u00e7ti\u011fimiz g\u00fcnlerde \u0130stanbul-Balmumcu\u2019da \u00fcst ge\u00e7ite as\u0131lan bir pankartta \u201cYahudi as\u0131ll\u0131 Barzani\/Biz senin kim oldu\u011funu ve amac\u0131n\u0131n K\u00fcrdistan de\u011fil B\u00fcy\u00fck \u0130srail oldu\u011funu biliyoruz\/bir gece ans\u0131z\u0131 gelece\u011fiz\u201d yaz\u0131yordu. \u00c7ok ki\u015fi \u201cB\u00fcy\u00fck \u0130srail\u201d kavram\u0131n\u0131 duymu\u015ftur ama, \u00e7ok az ki\u015finin bu kavram\u0131n tarihsel ve siyasal arka plan\u0131n\u0131 bildi\u011fini san\u0131yorum. Bug\u00fcn Ortado\u011fu\u2019da ve T\u00fcrkiye\u2019de pek \u00e7ok ki\u015finin y\u00fcrekten inand\u0131\u011f\u0131 \u201cB\u00fcy\u00fck &hellip;<\/p>\n","protected":false},"author":32,"featured_media":23074,"comment_status":"open","ping_status":"open","sticky":false,"template":"","format":"standard","meta":{"footnotes":""},"categories":[5371],"tags":[5596,6266,6287,6288,2960,6282,6292,6270,1187,6286,108,6293,6290,1616,6291,6289,6271],"class_list":["post-23073","post","type-post","status-publish","format-standard","has-post-thumbnail","","category-alinti-yazilar","tag-arap","tag-arz-i-mevud","tag-buyuk-israil-devleti","tag-dunya-islam-devleti","tag-fars","tag-filistin","tag-firat-nehri","tag-hamas","tag-iran","tag-israil-hayali","tag-kurdistan","tag-kurdistan-hayali","tag-kutsal-kitap","tag-manset","tag-nil-nehri","tag-ortadogu","tag-yahudilik"],"_links":{"self":[{"href":"https:\/\/candname.com\/tr\/index.php?rest_route=\/wp\/v2\/posts\/23073","targetHints":{"allow":["GET"]}}],"collection":[{"href":"https:\/\/candname.com\/tr\/index.php?rest_route=\/wp\/v2\/posts"}],"about":[{"href":"https:\/\/candname.com\/tr\/index.php?rest_route=\/wp\/v2\/types\/post"}],"author":[{"embeddable":true,"href":"https:\/\/candname.com\/tr\/index.php?rest_route=\/wp\/v2\/users\/32"}],"replies":[{"embeddable":true,"href":"https:\/\/candname.com\/tr\/index.php?rest_route=%2Fwp%2Fv2%2Fcomments&post=23073"}],"version-history":[{"count":0,"href":"https:\/\/candname.com\/tr\/index.php?rest_route=\/wp\/v2\/posts\/23073\/revisions"}],"wp:featuredmedia":[{"embeddable":true,"href":"https:\/\/candname.com\/tr\/index.php?rest_route=\/wp\/v2\/media\/23074"}],"wp:attachment":[{"href":"https:\/\/candname.com\/tr\/index.php?rest_route=%2Fwp%2Fv2%2Fmedia&parent=23073"}],"wp:term":[{"taxonomy":"category","embeddable":true,"href":"https:\/\/candname.com\/tr\/index.php?rest_route=%2Fwp%2Fv2%2Fcategories&post=23073"},{"taxonomy":"post_tag","embeddable":true,"href":"https:\/\/candname.com\/tr\/index.php?rest_route=%2Fwp%2Fv2%2Ftags&post=23073"}],"curies":[{"name":"wp","href":"https:\/\/api.w.org\/{rel}","templated":true}]}}