{"id":23066,"date":"2023-10-15T19:38:38","date_gmt":"2023-10-15T16:38:38","guid":{"rendered":"https:\/\/candname.com\/tr\/?p=23066"},"modified":"2023-10-15T19:44:05","modified_gmt":"2023-10-15T16:44:05","slug":"arz-i-mevud-kavrami-nedir","status":"publish","type":"post","link":"https:\/\/candname.com\/tr\/?p=23066","title":{"rendered":"Arz-\u0131\u00a0Mevud\u00a0kavram\u0131 nedir?"},"content":{"rendered":"<p>Mezopotamya Siyasal ve Stratejik ara\u015ft\u0131rmalar Merkezi Ba\u015fkan\u0131 yazar ve \u015fair Hasan \u015eerefo\u011flu,\u00a0<strong>NETEW TV<\/strong>\u00a0program\u0131nda\u00a0<strong>Zeynep\u00a0Cager<\/strong>\u2019in\u00a0g\u00fcndeme ili\u015fkin sorular\u0131na yan\u0131t verdi.<\/p>\n<p>\u015eair ve yazar Hasan \u015eerefo\u011flu, anadilde e\u011fitim ve\u00a0K\u00fcrt\u00e7e\u2019nin\u00a0resmi dil tart\u0131\u015fmalar\u0131na y\u00f6nelik de\u011ferlendirmesinde, K\u00fcrtlerin \u00f6ne s\u00fcrd\u00fc\u011f\u00fc taleplerin insani ve gerekli oldu\u011funa dikkat \u00e7ekerek \u015fu ifadelere yer verdi:<\/p>\n<blockquote><p><strong>\u201cBu \u00fclkede 20 bin Ermeni ya\u015f\u0131yor. Lozan\u2019dan ald\u0131klar\u0131 haklar var. Ermeni hastaneleri kendi dillerini kulland\u0131klar\u0131 okullar\u0131, \u00e7e\u015fitli kurumlar\u0131 var. 20 bin Ermeni\u2019nin hakk\u0131 var ama\u00a0Antepte, Urfa\u2019da, Mara\u015f\u2019ta ve Kars\u2019ta Ruslara Ermenilere ve \u0130ngilizlere kar\u015f\u0131 kur\u015fun s\u0131kan K\u00fcrtlerin anadilde e\u011fitim hakk\u0131n\u0131n olmamas\u0131 b\u00fcy\u00fck bir talihsizliktir. Bunu kendi toplumunuza da anlatamazs\u0131n\u0131z. 36 dilde \u0130stanbul havaliman\u0131 terc\u00fcme hizmeti veriyor ama bu 36 dilin i\u00e7erisinde K\u00fcrt\u00e7e yok.\u201d\u00a0<\/strong><\/p><\/blockquote>\n<p><strong>MESAM nedir, faaliyetleri nelerdir, hangi \u00e7al\u0131\u015fmalar\u0131 y\u00fcr\u00fct\u00fcyor?\u00a0<\/strong><\/p>\n<p>MESAM bir d\u00fc\u015f\u00fcnce kurulu\u015fudur, analizler yapar. \u00dclkede STK ve d\u00fc\u015f\u00fcnce kurumu olarak faaliyet y\u00fcr\u00fct\u00fcr. Biz sivil bir STK\u2019y\u0131z. Orta Do\u011fu gibi karma\u015f\u0131k bir b\u00f6lgede ya\u015f\u0131yoruz. Orta Do\u011fu\u2019da sorunlar bir da\u011f kadar b\u00fcy\u00fck. MESAM; K\u00fcrt sorunu, b\u00f6lgesel sorunlar, \u00fcmmet paradigmas\u0131, ulus devletlere dair d\u00fc\u015f\u00fcnceler \u00fcretiyor.<\/p>\n<p><strong>Arz-\u0131\u00a0Mevud\u00a0kavram\u0131 nedir, bu konu hakk\u0131nda neler <\/strong><strong>s\u00f6ylersiniz<\/strong><strong>?<\/strong><\/p>\n<p>\u0130srailo\u011fullar\u0131na\u00a0Allah\u2019\u0131n vaat etmi\u015f oldu\u011fu topraklar olarak biliniyor. Bu topraklar\u0131n s\u0131n\u0131r\u0131 nerededir, bu vaat nedir, s\u0131n\u0131rlar\u0131 belli midir, bu s\u0131n\u0131rlarda K\u00fcrdistan co\u011frafyas\u0131 var m\u0131d\u0131r sorular\u0131 g\u00fcndemde. S\u00fcrekli olarak tart\u0131\u015f\u0131l\u0131yor, K\u00fcrdistan topraklar\u0131\u00a0\u0130srailo\u011fullar\u0131n\u0131n\u00a0Arz-\u0131\u00a0Mevud\u00a0denilen topraklar\u0131 i\u00e7erisindedir deniliyor. Bu t\u00fcr yap\u0131lan bu vaadi ger\u00e7ekle\u015ftirmek i\u00e7in yap\u0131l\u0131yor denilerek bu \u015fekilde lanse ediliyor. Bunu \u0130slami ve\u00a0sek\u00fcler\u00a0kesimler de yap\u0131yor.<\/p>\n<blockquote><p>Birka\u00e7 tane Arz-\u0131\u00a0Mevud\u00a0vard\u0131r. Bunlardan biri Hz. \u0130brahim\u2019e vaat edilmi\u015f topraklard\u0131r. Eski kutsal kitaplar\u0131nda \u015f\u00f6yle yazar, \u2018Arap\u00a0\u0130brahimle\u00a0anla\u015ft\u0131 ve \u015f\u00f6yle dedi, M\u0131s\u0131r \u0131rma\u011f\u0131ndan (Nil Nehri), b\u00fcy\u00fck F\u0131rat \u0131rma\u011f\u0131na ve Hitit \u00fclkesine kadar olan topraklar\u0131 senin soyuna verece\u011fim\u2019 diye bir ayet ge\u00e7mektedir. Buran\u0131n hududu Nil Nehri\u2019nden b\u00fcy\u00fck F\u0131rat \u0131rma\u011f\u0131na kadar, F\u0131rat\u2019tan ise Hitit \u00fclkesine kadar olan yeri kaps\u0131yor. Hitit \u00fclkesi ise Ankara ve civar\u0131d\u0131r.<\/p><\/blockquote>\n<p>F\u0131rat ise,\u00a0Cerablus\u2019tan\u00a0ba\u015flay\u0131p Antakya ve Ankara\u2019ya kadar olan b\u00f6lgeyi kaps\u0131yor. Bu topraklar \u0130brahim ve \u0130brahim\u2019in \u00e7ocuklar\u0131na vaat edilen topraklard\u0131r. Burada \u0130brahim\u2019in di\u011fer o\u011fullar\u0131 da dahildir. Yani sadece\u00a0\u0130srailo\u011fullar\u0131na\u00a0de\u011fil, \u0130smail\u2019in de o\u011fullar\u0131na vaat edilmi\u015ftir. Burada K\u00fcrdistan B\u00f6lgesi topraklar\u0131n\u0131n b\u00fcy\u00fck bir k\u0131sm\u0131 girmiyor.<\/p>\n<p><strong>\u0130slamc\u0131 baz\u0131 kesimler, Arz-\u0131\u00a0Mevud\u00a0olay\u0131nda K\u00fcrtlerin ya\u015fad\u0131\u011f\u0131 b\u00f6lgeleri de kapsad\u0131\u011f\u0131n\u0131 bunun\u00a0\u0130srail\u2019in bir projesi oldu\u011funu d\u00fc\u015f\u00fcn\u00fcyor. Haritada b\u00f6yle bir \u015fey var m\u0131?\u00a0<\/strong><\/p>\n<p>Baz\u0131 haritalarda K\u00fcrdistan B\u00f6lgesi\u2019nin neredeyse tamam\u0131n\u0131 kas\u0131tl\u0131 olarak g\u00f6steriyorlar. Musa Peygambere vaat edilen topraklar, \u015eeria b\u00f6lgesinden Akdeniz\u2019e kadar olan b\u00f6lgedir. \u015eeria\u2019n\u0131n g\u00fcneyine inildi\u011finde Sina b\u00f6lgesine kadar ki b\u00f6lgeyi kaps\u0131yor.\u00a0<strong>Burada Arz-\u0131\u00a0Mevud\u00a0olarak Musa Peygambere vaat edilen topraklar\u0131 belirtilen haritan\u0131n tamam\u0131d\u0131r.\u00a0Golan\u00a0Tepeleri ise Arz-\u0131\u00a0Mevud\u2019un\u00a0i\u00e7erisine girmiyor. Ama \u0130srail oray\u0131 i\u015fgal etti. Neden, \u00e7\u00fcnk\u00fc oras\u0131 su kaynaklar\u0131d\u0131r ve \u0130srail i\u00e7in hayati \u00f6neme sahip.<\/strong>\u00a0Golan\u2019\u0131n\u00a0bile olmad\u0131\u011f\u0131 haritada Erbil, Diyarbak\u0131r, Van b\u00f6lgesi giremez. En geni\u015f olan Arz-\u0131\u00a0Mevud\u00a0topra\u011f\u0131\u00a0Cerablus\u2019a\u00a0kadar olan b\u00f6lgedir.<\/p>\n<p><strong>\u2018\u0130slam K\u00fcrtleri mahrum b\u0131rakt\u0131\u2019 s\u00f6ylemini nas\u0131l de\u011ferlendiriyorsunuz?\u00a0<\/strong><\/p>\n<p>K\u00fcrtler\u00a0ariel\u00a0s\u0131n\u0131fl\u0131 bir toplumdur.\u00a0Nasuriler, S\u00fcryaniler, Asuriler,\u00a0Keldaniler\u00a0b\u00f6lgemizin en e\u011fitimli, ticarette ve her alan bizden daha iyi geli\u015fmi\u015f bir toplumdu. Ama biz Araplardan sonra \u0130slam\u2019\u0131 ilk kabul eden toplum olmam\u0131z hesab\u0131yla k\u0131sa bir s\u00fcrede b\u00fct\u00fcn bu toplumlara hi\u00e7 zor kullanmadan, hi\u00e7 emperyalist duygular i\u00e7erisine girmeden galebe \u00e7ald\u0131k. Bu insanlarla cazibe merkezi haline geldik. Bu insanlar g\u00f6n\u00fcll\u00fc bir \u015fekilde K\u00fcrtlerin i\u00e7erisinde kendilerini ifade ediyorlar.<\/p>\n<p><strong>Diyarbak\u0131r bir K\u00fcrt kenti de\u011fildi, Batman \u00e7ay\u0131n\u0131n \u00f6tesinde K\u00fcrtler yoktu. Diyarbak\u0131r merkezi Hristiyan, Ermeni ve di\u011fer toplumlar\u0131n elindeydi. Ama \u0130slam, K\u00fcrtleri hem b\u00f6lgenin en medeni insanlar\u0131 haline getirdi, hem de K\u00fcrt co\u011frafyas\u0131n\u0131 3 kat b\u00fcy\u00fctt\u00fc. Siyaseten toplumlara y\u00f6n veren ki\u015filer medrese k\u00f6kenli K\u00fcrtlerden olu\u015fuyor.\u00a0<\/strong>Sek\u00fcler\u00a0olan bu arkada\u015flar\u0131n iddias\u0131 ger\u00e7ekten \u00fcz\u00fclerek s\u00f6yl\u00fcyorum yanl\u0131\u015f bir \u015feydir. \u0130slam bize ne getirdi diyorlar. K\u00fcrtlere sald\u0131ran, K\u00fcrtleri mahrum b\u0131rakanlar \u0130slamc\u0131\u00a0m\u0131yd\u0131.\u00a0\u00d6rne\u011fin\u00a0Baas\u00a0rejimi \u0130slamc\u0131 bir parti\u00a0miydi.\u00a0Kemalistler \u0130slamc\u0131\u00a0m\u0131yd\u0131.\u00a0\u0130ran \u0130slamc\u0131\u00a0m\u0131yd\u0131.\u00a0Bunlar \u0130slam\u2019dan referans al\u0131nan\u00a0sek\u00fcler\u00a0yap\u0131lard\u0131.<\/p>\n<p><strong>HezKurd\u2019\u0131n\u00a0\u00e7al\u0131\u015fmalar\u0131 hakk\u0131nda ne d\u00fc\u015f\u00fcn\u00fcyorsunuz?\u00a0<\/strong><\/p>\n<p>HezKurd\u2019un\u00a0\u00e7ok insani talepleri var.\u00a0K\u00fcrt\u00e7e\u2019nin\u00a0ana dilde e\u011fitim hakk\u0131n\u0131 elde etmek istiyorlar, K\u00fcrt\u00e7enin ilerde resmi dil olmas\u0131n\u0131 talep ediyorlar ve K\u00fcrt leh\u00e7elerini\u00a0bir birini\u00a0anlayacak seviyeye gelmesi i\u00e7in \u00e7e\u015fitli k\u00fclt\u00fcrel \u00e7al\u0131\u015fmalar\u0131n yap\u0131lmas\u0131n\u0131 talep ediyorlar ve bu konuda ad\u0131mlar at\u0131yorlar.<\/p>\n<p><strong>Bu \u00fclkede 20 bin Ermeni ya\u015f\u0131yor. Lozan\u2019dan ald\u0131klar\u0131 haklar var. Ermeni hastaneleri kendi dillerini kulland\u0131klar\u0131 okullar\u0131, \u00e7e\u015fitli kurumlar\u0131 var. 20 bin Ermeni\u2019nin hakk\u0131 var ama\u00a0Antepte, Urfa\u2019da, Mara\u015f\u2019ta ve Kars\u2019ta Ruslara Ermenilere ve \u0130ngilizlere kar\u015f\u0131 kur\u015fun s\u0131kan K\u00fcrtlerin anadilde e\u011fitim hakk\u0131n\u0131n olmamas\u0131 b\u00fcy\u00fck bir talihsizliktir. Bunu kendi toplumunuza da anlatamazs\u0131n\u0131z. 36 dilde \u0130stanbul havaliman\u0131 terc\u00fcme hizmeti veriyor ama bu 36 dilin i\u00e7erisinde K\u00fcrtler yok.<\/strong>\u00a0Ya bu \u00fclkede 2011 y\u0131l\u0131nda n\u00fcfusun y\u00fczde 40\u2019\u0131n\u0131, 2030 y\u0131l\u0131nda y\u00fczde 50\u2019sini ge\u00e7irece\u011fine dair Milli G\u00fcvenlik Kurulu\u2019nun K\u00fcrtler toplumun yar\u0131s\u0131 ge\u00e7ecek denilen bir rapor var ortada. Ama hala bu sorun haline getiriliyor.\u00a0HezKurd\u2019un\u00a0bu konudaki \u00e7al\u0131\u015fmalar\u0131 \u00e7ok faydal\u0131d\u0131r.<\/p>\n<p><strong>K\u00fcrtler i\u00e7in Devlet mi \u00dcmmet mi? Bu iki kavram aras\u0131nda kal\u0131rsak sizce hangisi se\u00e7meliyiz?\u00a0<\/strong><\/p>\n<p>K\u00fcrtler Orta Do\u011fu\u2019nun en \u00fcmmet\u00e7i toplumudur, bundan kimsenin \u015f\u00fcphesi olmas\u0131n. Ama bunu K\u00fcrtlerin insani talepleri kar\u015f\u0131s\u0131nda \u00f6rseleme olarak ele almas\u0131n. Devlet olan sizsiniz. Ulus olan sizsiniz, milliyet\u00e7i olan sizsiniz. Siz bu yap\u0131lardan vazge\u00e7in K\u00fcrtlerin bir talebi olmayacakt\u0131r. Ama siz ulus kavram\u0131ndan vazge\u00e7meyeceksiniz. Siz vatan, millet, bayrak kavramlar\u0131 \u00fczerinde toplumu kutupla\u015ft\u0131rmaya devam edeceksiniz.<\/p>\n<p><strong>\u00d6nce \u00fcmmet nedir bunu bilmek laz\u0131m. \u00dcmmet, M\u00fcsl\u00fcmanlar\u0131n birlikte olu\u015fturacaklar\u0131 siyasi bir toplumdur. Bu siyasi toplum i\u00e7erisinde elbette K\u00fcrtler de olacak. Bir T\u00fcrk T\u00fcrk\u00e7e okuyacak, bir Arap Arap\u00e7a okuyacak, bir K\u00fcrt ise K\u00fcrt\u00e7e okuyacak. \u00dcmmet bunu \u00f6n\u00fcne ge\u00e7miyor. \u00dcmmet olarak siz bunu yapmay\u0131n biz M\u00fcsl\u00fcman karde\u015fiz diyeceksiniz, elbette ama \u00f6nce siz bunu d\u00fczeltin.<\/strong><\/p>\n<p>\u00dcmmet de Avrupa gibi bir devletler toplulu\u011fudur. Ama Alman Alman\u2019d\u0131r, Frans\u0131z Frans\u0131z&#8217;d\u0131r, \u0130ngiliz \u0130ngiliz&#8217;dir. Afgan Afganistan olacak, T\u00fcrk T\u00fcrkiye olacak, K\u00fcrt K\u00fcrdistan olacak, \u00fcmmet bunu\u00a0inkar\u00a0etmiyor ki.<\/p>\n<p><strong>Zeynep Cager-PeyamaKurd<\/strong><\/p>\n","protected":false},"excerpt":{"rendered":"<p>Mezopotamya Siyasal ve Stratejik ara\u015ft\u0131rmalar Merkezi Ba\u015fkan\u0131 yazar ve \u015fair Hasan \u015eerefo\u011flu,\u00a0NETEW TV\u00a0program\u0131nda\u00a0Zeynep\u00a0Cager\u2019in\u00a0g\u00fcndeme ili\u015fkin sorular\u0131na yan\u0131t verdi. \u015eair ve yazar Hasan \u015eerefo\u011flu, anadilde e\u011fitim ve\u00a0K\u00fcrt\u00e7e\u2019nin\u00a0resmi dil tart\u0131\u015fmalar\u0131na y\u00f6nelik de\u011ferlendirmesinde, K\u00fcrtlerin \u00f6ne s\u00fcrd\u00fc\u011f\u00fc taleplerin insani ve gerekli oldu\u011funa dikkat \u00e7ekerek \u015fu ifadelere yer verdi: \u201cBu \u00fclkede 20 bin Ermeni ya\u015f\u0131yor. Lozan\u2019dan ald\u0131klar\u0131 haklar var. Ermeni hastaneleri &hellip;<\/p>\n","protected":false},"author":32,"featured_media":0,"comment_status":"open","ping_status":"open","sticky":false,"template":"","format":"standard","meta":{"footnotes":""},"categories":[1539],"tags":[6278,6266,6277,6273,5546,6275,6272,6270,6014,6268,6274,6269,6267,1616,6276,5580,6265,6279,6271],"class_list":["post-23066","post","type-post","status-publish","format-standard","","category-roportaj","tag-arz-i-mukaddese","tag-arz-i-mevud","tag-bereketli-arz","tag-dicle-firat","tag-ermeni","tag-fko","tag-gercek-arz-i-mevud","tag-hamas","tag-hz-ibrahim","tag-hz-musa","tag-islami-buyuk-cihad","tag-israil","tag-israil-ogullari","tag-manset","tag-pkk","tag-turkler","tag-ummet","tag-yahova","tag-yahudilik"],"_links":{"self":[{"href":"https:\/\/candname.com\/tr\/index.php?rest_route=\/wp\/v2\/posts\/23066","targetHints":{"allow":["GET"]}}],"collection":[{"href":"https:\/\/candname.com\/tr\/index.php?rest_route=\/wp\/v2\/posts"}],"about":[{"href":"https:\/\/candname.com\/tr\/index.php?rest_route=\/wp\/v2\/types\/post"}],"author":[{"embeddable":true,"href":"https:\/\/candname.com\/tr\/index.php?rest_route=\/wp\/v2\/users\/32"}],"replies":[{"embeddable":true,"href":"https:\/\/candname.com\/tr\/index.php?rest_route=%2Fwp%2Fv2%2Fcomments&post=23066"}],"version-history":[{"count":0,"href":"https:\/\/candname.com\/tr\/index.php?rest_route=\/wp\/v2\/posts\/23066\/revisions"}],"wp:attachment":[{"href":"https:\/\/candname.com\/tr\/index.php?rest_route=%2Fwp%2Fv2%2Fmedia&parent=23066"}],"wp:term":[{"taxonomy":"category","embeddable":true,"href":"https:\/\/candname.com\/tr\/index.php?rest_route=%2Fwp%2Fv2%2Fcategories&post=23066"},{"taxonomy":"post_tag","embeddable":true,"href":"https:\/\/candname.com\/tr\/index.php?rest_route=%2Fwp%2Fv2%2Ftags&post=23066"}],"curies":[{"name":"wp","href":"https:\/\/api.w.org\/{rel}","templated":true}]}}