{"id":23059,"date":"2023-10-14T18:45:39","date_gmt":"2023-10-14T15:45:39","guid":{"rendered":"https:\/\/candname.com\/tr\/?p=23059"},"modified":"2023-10-14T18:45:39","modified_gmt":"2023-10-14T15:45:39","slug":"istanbulda-kurtce-kurslari-artiyor-sonbaharda-hangi-kurumlar-ders-veriyor","status":"publish","type":"post","link":"https:\/\/candname.com\/tr\/?p=23059","title":{"rendered":"\u0130stanbul&#8217;da K\u00fcrt\u00e7e kurslar\u0131 art\u0131yor: Sonbaharda hangi kurumlar ders veriyor?"},"content":{"rendered":"<header>\u0130stanbul&#8217;da K\u00fcrt\u00e7e kurs veren kurumlar\u0131n say\u0131s\u0131 art\u0131yor. \u0130stanbul K\u00fcrt Enstit\u00fcs\u00fc, Enstit\u00fc \u0130stanbul \u0130SMEK ve \u0130stanbul K\u0131raathane Edebiyat Evi&#8217;nde K\u00fcrt\u00e7e kurs ba\u015fvurular\u0131 a\u00e7\u0131kland\u0131.<\/p>\n<\/header>\n<div class=\"content-side\">\n<div class=\"info double-times\">\n<div class=\"times\">\n<p>\u0130stanbul\u2019da milyonlarca K\u00fcrt ya\u015f\u0131yor. Anadilde e\u011fitimin verilmedi\u011fi T\u00fcrkiye\u2019de binlerce ki\u015fi kurslar arac\u0131l\u0131\u011f\u0131yla K\u00fcrt\u00e7e \u00f6\u011freniyor. Bu kurslar\u0131n ba\u015f\u0131nda \u0130stanbul K\u00fcrt Enstit\u00fcs\u00fc geliyor. K\u00fcrt\u00e7e yasa\u011f\u0131 1991&#8217;de kald\u0131r\u0131ld\u0131ktan sonra 1992&#8217;de \u0130stanbul K\u00fcrt Enstit\u00fcs\u00fc kuruldu. Okullarda anadilde e\u011fitim yasa\u011f\u0131 devam ederken, \u0130stanbul K\u00fcrt Enstit\u00fcs\u00fc K\u00fcrt\u00e7e kurslar a\u00e7arak ders vermeye ba\u015flad\u0131. Enstit\u00fc kuruldu\u011fu g\u00fcnden bug\u00fcne kadar 20 bini a\u015fk\u0131n ki\u015fiye K\u00fcrt\u00e7e kurs verdi.<\/p>\n<h4>\u0130SMEK&#8217;TE K\u00dcRT\u00c7E BA\u015eVURULAR DEVAM ED\u0130YOR<\/h4>\n<p>\u0130stanbul K\u00fcrt Enstit\u00fcs\u00fc\u2019n\u00fcn ard\u0131ndan 2020\u2019de \u0130stanbul B\u00fcy\u00fck\u015fehir Belediyesi\u2019ne (\u0130BB) ba\u011fl\u0131 Enstit\u00fc \u0130stanbul \u0130SMEK kurslar\u0131nda Ya\u015fayan Diller ve Leh\u00e7eler \u00e7at\u0131s\u0131 alt\u0131nda K\u00fcrt\u00e7e dersler dahil edildi. Bu kurslara Kurmanc\u00ee\u2019nin yan\u0131na daha sonra Zazak\u00ee dersleri de eklendi. \u00dc\u00e7\u00fcnc\u00fc y\u0131l\u0131n\u0131 tamamlayacak \u0130SMEK\u2019te K\u00fcrt\u00e7e kurslar\u0131nda yakla\u015f\u0131k iki bin ki\u015fi ders ald\u0131.<\/p>\n<h2>\u00d6ZEL DERS ALANLAR DA VAR<\/h2>\n<p>\u0130stanbul K\u00fcrt Enstit\u00fcs\u00fc ve \u0130SMEK d\u0131\u015f\u0131nda \u00f6zel ders alan kursiyerlerin say\u0131s\u0131 da artt\u0131. Bir \u00e7ok K\u00fcrt\u00e7e \u00f6\u011fretmeni, kurslara gelemeyen veya i\u015f saatlerinden dolay\u0131 kay\u0131t olamayan kursiyerlere kendi programlar\u0131na g\u00f6re ders veriyor. K\u00fcrt\u00e7e ders veren kurumlar y\u00fcz y\u00fcze ve \u00e7evrimi\u00e7i se\u00e7eneklerini de kat\u0131l\u0131mc\u0131lara sa\u011fl\u0131yor.<\/p>\n<h3>K\u00dcRT\u00c7E \u00d6\u011eRENME KURSLARI BA\u015eLADI<\/h3>\n<p>Sonbahar sezonunun a\u00e7\u0131lmas\u0131yla birlikte K\u00fcrt\u00e7e kurs ba\u015fvurular\u0131 da a\u00e7\u0131ld\u0131. \u0130stanbul K\u00fcrt Enstit\u00fcs\u00fc, 3 Ekim&#8217;de Kurmanc\u00ee, Zazak\u00ee ve Soran\u00ee olmak \u00fczere \u00fc\u00e7 leh\u00e7ede ba\u015fvurular\u0131n a\u00e7\u0131ld\u0131\u011f\u0131n\u0131 duyurdu.<\/p>\n<div class=\"mceNonEditable\">\n<div class=\"twitter-tweet twitter-tweet-rendered\"><iframe id=\"twitter-widget-0\" class=\"\" title=\"Twitter Tweet\" src=\"https:\/\/platform.twitter.com\/embed\/Tweet.html?creatorScreenName=gazeteduvar&amp;dnt=false&amp;embedId=twitter-widget-0&amp;features=eyJ0ZndfdGltZWxpbmVfbGlzdCI6eyJidWNrZXQiOltdLCJ2ZXJzaW9uIjpudWxsfSwidGZ3X2ZvbGxvd2VyX2NvdW50X3N1bnNldCI6eyJidWNrZXQiOnRydWUsInZlcnNpb24iOm51bGx9LCJ0ZndfdHdlZXRfZWRpdF9iYWNrZW5kIjp7ImJ1Y2tldCI6Im9uIiwidmVyc2lvbiI6bnVsbH0sInRmd19yZWZzcmNfc2Vzc2lvbiI6eyJidWNrZXQiOiJvbiIsInZlcnNpb24iOm51bGx9LCJ0ZndfZm9zbnJfc29mdF9pbnRlcnZlbnRpb25zX2VuYWJsZWQiOnsiYnVja2V0Ijoib24iLCJ2ZXJzaW9uIjpudWxsfSwidGZ3X21peGVkX21lZGlhXzE1ODk3Ijp7ImJ1Y2tldCI6InRyZWF0bWVudCIsInZlcnNpb24iOm51bGx9LCJ0ZndfZXhwZXJpbWVudHNfY29va2llX2V4cGlyYXRpb24iOnsiYnVja2V0IjoxMjA5NjAwLCJ2ZXJzaW9uIjpudWxsfSwidGZ3X3Nob3dfYmlyZHdhdGNoX3Bpdm90c19lbmFibGVkIjp7ImJ1Y2tldCI6Im9uIiwidmVyc2lvbiI6bnVsbH0sInRmd19kdXBsaWNhdGVfc2NyaWJlc190b19zZXR0aW5ncyI6eyJidWNrZXQiOiJvbiIsInZlcnNpb24iOm51bGx9LCJ0ZndfdXNlX3Byb2ZpbGVfaW1hZ2Vfc2hhcGVfZW5hYmxlZCI6eyJidWNrZXQiOiJvbiIsInZlcnNpb24iOm51bGx9LCJ0ZndfdmlkZW9faGxzX2R5bmFtaWNfbWFuaWZlc3RzXzE1MDgyIjp7ImJ1Y2tldCI6InRydWVfYml0cmF0ZSIsInZlcnNpb24iOm51bGx9LCJ0ZndfbGVnYWN5X3RpbWVsaW5lX3N1bnNldCI6eyJidWNrZXQiOnRydWUsInZlcnNpb24iOm51bGx9LCJ0ZndfdHdlZXRfZWRpdF9mcm9udGVuZCI6eyJidWNrZXQiOiJvbiIsInZlcnNpb24iOm51bGx9fQ%3D%3D&amp;frame=false&amp;hideCard=false&amp;hideThread=false&amp;id=1709223003840450870&amp;lang=tr&amp;origin=https%3A%2F%2Fwww.gazeteduvar.com.tr%2Fistanbulda-kurtce-kurslari-artiyor-sonbaharda-hangi-kurumlar-ders-veriyor-haber-1641447&amp;sessionId=cff9f7eb66454328ac4d55f8d7e2d971330c694d&amp;siteScreenName=gazeteduvar&amp;theme=light&amp;widgetsVersion=01917f4d1d4cb%3A1696883169554&amp;width=550px\" frameborder=\"0\" scrolling=\"no\" allowfullscreen=\"allowfullscreen\" data-tweet-id=\"1709223003840450870\"><\/iframe><\/div>\n<\/div>\n<h4>\u2018D\u0130YARIN D\u0130LLER\u0130\u2019<\/h4>\n<p>\u0130stanbul K\u0131raathane Edebiyat Evi, yay\u0131nlad\u0131\u011f\u0131 duyuruda K\u00fcrt\u00e7e derslerine devam etti\u011fini a\u00e7\u0131klad\u0131. Edebiyat Evi taraf\u0131ndan yap\u0131lan a\u00e7\u0131klamada, \u201cK\u0131raathane \u0130stanbul Edebiyat Evi\u2019nin \u2018Diyar\u0131n Dilleri Program\u0131\u2019 Sonbahar sezonumuzda da devam ediyor. \u0130stanbul Edebiyat Evi kap\u0131lar\u0131n\u0131 a\u00e7arken asla tek renkli, tek s\u00f6zl\u00fc, tek sesli bir mek\u00e2n olmamas\u0131 hayalini kurmu\u015ftuk. 2023 Sonbahar sezonumuzda bu diyarda tomurcuklanan diller, evimizde yank\u0131lanmaya devam edecek.\u00a0Diyar\u0131n Dilleri program\u0131m\u0131z kapsam\u0131nda Kurmanc\u00ee\u2019den sonra Zazaca\u2019y\u0131 da ba\u015flatmaktan mutluyuz. K\u00fcrt\u00e7e derslerimiz S\u00eepan Haco\u2019nun rehberli\u011finde, 10 hafta boyunca \u00fc\u00e7 \u00e7evrimi\u00e7i, bir y\u00fcz y\u00fcze at\u00f6lye olarak ger\u00e7ekle\u015fecek\u201d ifadelerine yer verildi.<\/p>\n<p>Edebiyat Evi, 5 Ekim&#8217;de yay\u0131nlad\u0131\u011f\u0131 a\u00e7\u0131klamada, K\u00fcrt\u00e7e kurs ba\u015fvurular\u0131n\u0131n y\u00fcz y\u00fcze ve \u00e7evrim i\u00e7i se\u00e7enekleriyle ba\u015fvuruya a\u00e7\u0131ld\u0131\u011f\u0131n\u0131 duyurdu.<\/p>\n<div class=\"mceNonEditable\">\n<div class=\"twitter-tweet twitter-tweet-rendered\"><iframe id=\"twitter-widget-1\" class=\"\" title=\"Twitter Tweet\" src=\"https:\/\/platform.twitter.com\/embed\/Tweet.html?creatorScreenName=gazeteduvar&amp;dnt=false&amp;embedId=twitter-widget-1&amp;features=eyJ0ZndfdGltZWxpbmVfbGlzdCI6eyJidWNrZXQiOltdLCJ2ZXJzaW9uIjpudWxsfSwidGZ3X2ZvbGxvd2VyX2NvdW50X3N1bnNldCI6eyJidWNrZXQiOnRydWUsInZlcnNpb24iOm51bGx9LCJ0ZndfdHdlZXRfZWRpdF9iYWNrZW5kIjp7ImJ1Y2tldCI6Im9uIiwidmVyc2lvbiI6bnVsbH0sInRmd19yZWZzcmNfc2Vzc2lvbiI6eyJidWNrZXQiOiJvbiIsInZlcnNpb24iOm51bGx9LCJ0ZndfZm9zbnJfc29mdF9pbnRlcnZlbnRpb25zX2VuYWJsZWQiOnsiYnVja2V0Ijoib24iLCJ2ZXJzaW9uIjpudWxsfSwidGZ3X21peGVkX21lZGlhXzE1ODk3Ijp7ImJ1Y2tldCI6InRyZWF0bWVudCIsInZlcnNpb24iOm51bGx9LCJ0ZndfZXhwZXJpbWVudHNfY29va2llX2V4cGlyYXRpb24iOnsiYnVja2V0IjoxMjA5NjAwLCJ2ZXJzaW9uIjpudWxsfSwidGZ3X3Nob3dfYmlyZHdhdGNoX3Bpdm90c19lbmFibGVkIjp7ImJ1Y2tldCI6Im9uIiwidmVyc2lvbiI6bnVsbH0sInRmd19kdXBsaWNhdGVfc2NyaWJlc190b19zZXR0aW5ncyI6eyJidWNrZXQiOiJvbiIsInZlcnNpb24iOm51bGx9LCJ0ZndfdXNlX3Byb2ZpbGVfaW1hZ2Vfc2hhcGVfZW5hYmxlZCI6eyJidWNrZXQiOiJvbiIsInZlcnNpb24iOm51bGx9LCJ0ZndfdmlkZW9faGxzX2R5bmFtaWNfbWFuaWZlc3RzXzE1MDgyIjp7ImJ1Y2tldCI6InRydWVfYml0cmF0ZSIsInZlcnNpb24iOm51bGx9LCJ0ZndfbGVnYWN5X3RpbWVsaW5lX3N1bnNldCI6eyJidWNrZXQiOnRydWUsInZlcnNpb24iOm51bGx9LCJ0ZndfdHdlZXRfZWRpdF9mcm9udGVuZCI6eyJidWNrZXQiOiJvbiIsInZlcnNpb24iOm51bGx9fQ%3D%3D&amp;frame=false&amp;hideCard=false&amp;hideThread=false&amp;id=1709926261832012217&amp;lang=tr&amp;origin=https%3A%2F%2Fwww.gazeteduvar.com.tr%2Fistanbulda-kurtce-kurslari-artiyor-sonbaharda-hangi-kurumlar-ders-veriyor-haber-1641447&amp;sessionId=cff9f7eb66454328ac4d55f8d7e2d971330c694d&amp;siteScreenName=gazeteduvar&amp;theme=light&amp;widgetsVersion=01917f4d1d4cb%3A1696883169554&amp;width=550px\" frameborder=\"0\" scrolling=\"no\" allowfullscreen=\"allowfullscreen\" data-tweet-id=\"1709926261832012217\"><\/iframe><\/div>\n<\/div>\n<h5>\u0130SMEK&#8217;TE BA\u015eVURULAR DEVAM ED\u0130YOR<\/h5>\n<p>Enstit\u00fc \u0130stanbul \u0130SMEK kurslar\u0131nda ise Eyl\u00fcl ay\u0131nda ba\u015flayan ba\u015fvurular devam ediyor.<\/p>\n<p><strong>Ferhat YA\u015eAR-Gazete Duvar<\/strong><\/p>\n<\/div>\n<\/div>\n<\/div>\n","protected":false},"excerpt":{"rendered":"<p>\u0130stanbul&#8217;da K\u00fcrt\u00e7e kurs veren kurumlar\u0131n say\u0131s\u0131 art\u0131yor. \u0130stanbul K\u00fcrt Enstit\u00fcs\u00fc, Enstit\u00fc \u0130stanbul \u0130SMEK ve \u0130stanbul K\u0131raathane Edebiyat Evi&#8217;nde K\u00fcrt\u00e7e kurs ba\u015fvurular\u0131 a\u00e7\u0131kland\u0131. \u0130stanbul\u2019da milyonlarca K\u00fcrt ya\u015f\u0131yor. Anadilde e\u011fitimin verilmedi\u011fi T\u00fcrkiye\u2019de binlerce ki\u015fi kurslar arac\u0131l\u0131\u011f\u0131yla K\u00fcrt\u00e7e \u00f6\u011freniyor. Bu kurslar\u0131n ba\u015f\u0131nda \u0130stanbul K\u00fcrt Enstit\u00fcs\u00fc geliyor. K\u00fcrt\u00e7e yasa\u011f\u0131 1991&#8217;de kald\u0131r\u0131ld\u0131ktan sonra 1992&#8217;de \u0130stanbul K\u00fcrt Enstit\u00fcs\u00fc kuruldu. Okullarda anadilde &hellip;<\/p>\n","protected":false},"author":32,"featured_media":23061,"comment_status":"open","ping_status":"open","sticky":false,"template":"","format":"standard","meta":{"footnotes":""},"categories":[23],"tags":[6261,6259,6260,1616],"class_list":["post-23059","post","type-post","status-publish","format-standard","has-post-thumbnail","","category-egitim","tag-dikurslari","tag-ismek","tag-kurtce-kurslar","tag-manset"],"_links":{"self":[{"href":"https:\/\/candname.com\/tr\/index.php?rest_route=\/wp\/v2\/posts\/23059","targetHints":{"allow":["GET"]}}],"collection":[{"href":"https:\/\/candname.com\/tr\/index.php?rest_route=\/wp\/v2\/posts"}],"about":[{"href":"https:\/\/candname.com\/tr\/index.php?rest_route=\/wp\/v2\/types\/post"}],"author":[{"embeddable":true,"href":"https:\/\/candname.com\/tr\/index.php?rest_route=\/wp\/v2\/users\/32"}],"replies":[{"embeddable":true,"href":"https:\/\/candname.com\/tr\/index.php?rest_route=%2Fwp%2Fv2%2Fcomments&post=23059"}],"version-history":[{"count":0,"href":"https:\/\/candname.com\/tr\/index.php?rest_route=\/wp\/v2\/posts\/23059\/revisions"}],"wp:featuredmedia":[{"embeddable":true,"href":"https:\/\/candname.com\/tr\/index.php?rest_route=\/wp\/v2\/media\/23061"}],"wp:attachment":[{"href":"https:\/\/candname.com\/tr\/index.php?rest_route=%2Fwp%2Fv2%2Fmedia&parent=23059"}],"wp:term":[{"taxonomy":"category","embeddable":true,"href":"https:\/\/candname.com\/tr\/index.php?rest_route=%2Fwp%2Fv2%2Fcategories&post=23059"},{"taxonomy":"post_tag","embeddable":true,"href":"https:\/\/candname.com\/tr\/index.php?rest_route=%2Fwp%2Fv2%2Ftags&post=23059"}],"curies":[{"name":"wp","href":"https:\/\/api.w.org\/{rel}","templated":true}]}}