{"id":23054,"date":"2023-10-15T07:22:20","date_gmt":"2023-10-15T04:22:20","guid":{"rendered":"https:\/\/candname.com\/tr\/?p=23054"},"modified":"2023-10-14T13:32:23","modified_gmt":"2023-10-14T10:32:23","slug":"yapay-zeka-kurtler-2-bin-500-yildir-yasiyor","status":"publish","type":"post","link":"https:\/\/candname.com\/tr\/?p=23054","title":{"rendered":"Yapay zeka: K\u00fcrtler 2 bin 500 y\u0131ld\u0131r ya\u015f\u0131yor"},"content":{"rendered":"<p>Yapay Zeka&#8217;ya g\u00f6re K\u00fcrtler, Ortado\u011fu\u2019da yakla\u015f\u0131k 2 bin 500 y\u0131ld\u0131r ya\u015f\u0131yor ve Hint-Avrupa dil ailesinin bir kolu olan K\u00fcrt\u00e7e\u2019yi konu\u015fuyor.<\/p>\n<div class=\"info double-times\">\n<div class=\"times\">\n<p>Google&#8217;\u0131n \u00dcretken Yapay Zeka Chat Arac\u0131\u2019na g\u00f6re K\u00fcrtler, Ortado\u011fu\u2019da yakla\u015f\u0131k 2500 y\u0131ld\u0131r ya\u015f\u0131yor ve Hint-Avrupa dil ailesinin bir kolu olan K\u00fcrt\u00e7e\u2019yi konu\u015fuyor.<\/p>\n<div class=\"content-text max-width\">\n<p><strong>Amida Haber&#8217;in aktard\u0131\u011f\u0131na g\u00f6re,<\/strong>\u00a0ayr\u0131ca K\u00fcrt\u00e7e\u2019nin 4 ana leh\u00e7esine vurgu yap\u0131yor.<\/p>\n<div class=\"infinity-item item\" data-id=\"652a5001ae2c7954554370f6\" data-url=\"https:\/\/www.gazeteduvar.com.tr\/yapay-zeka-kurtler-2-bin-500-yildir-yasiyor-galeri-1642278?p=2\" data-next=\"\" data-title=\"Yapay zeka: K\u00fcrtler 2 bin 500 y\u0131ld\u0131r ya\u015f\u0131yor - Gazete Duvar - Sayfa 2\" data-category_names=\"[&quot;TEKNOLOJ\\u0130&quot;]\" data-category_ids=\"[&quot;5f6f684508038f769747149a&quot;]\" data-tags=\"[&quot;k\\u00fcrtler&quot;,&quot;k\\u00fcrdistan&quot;,&quot;k\\u00fcrt halk\\u0131&quot;,&quot;gazete duvar&quot;,&quot;duvar&quot;]\">\n<div class=\"content-text max-width\">\n<p><strong>YAPAY ZEKAYA G\u00d6RE K\u00dcRTLER<\/strong><\/p>\n<p>K\u00fcrtler, Orta Do\u011fu&#8217;da ya\u015fayan bir etnik gruptur. K\u00fcrtlerin tarihi, k\u00f6keni ve k\u00fclt\u00fcr\u00fc hakk\u0131nda bir\u00e7ok farkl\u0131 g\u00f6r\u00fc\u015f vard\u0131r. Ancak, K\u00fcrtlerin yakla\u015f\u0131k 2.500 y\u0131ld\u0131r Orta Do\u011fu&#8217;da ya\u015fad\u0131\u011f\u0131 ve Hint-Avrupa dil ailesinin bir kolu olan K\u00fcrt\u00e7e konu\u015ftuklar\u0131 konusunda genel bir fikir birli\u011fi vard\u0131r.<\/p>\n<\/div>\n<div class=\"bar\"><\/div>\n<\/div>\n<div class=\"infinity-item item\" data-id=\"652a5001ae2c7954554370f6\" data-url=\"https:\/\/www.gazeteduvar.com.tr\/yapay-zeka-kurtler-2-bin-500-yildir-yasiyor-galeri-1642278?p=3\" data-next=\"\" data-title=\"Yapay zeka: K\u00fcrtler 2 bin 500 y\u0131ld\u0131r ya\u015f\u0131yor - Gazete Duvar - Sayfa 3\" data-category_names=\"[&quot;TEKNOLOJ\\u0130&quot;]\" data-category_ids=\"[&quot;5f6f684508038f769747149a&quot;]\" data-tags=\"[&quot;k\\u00fcrtler&quot;,&quot;k\\u00fcrdistan&quot;,&quot;k\\u00fcrt halk\\u0131&quot;,&quot;gazete duvar&quot;,&quot;duvar&quot;]\">\n<div class=\"v-image mb-3 max-width\">\n<figure><picture data-iesrc=\"https:\/\/i.gazeteduvar.com.tr\/storage\/files\/images\/2023\/10\/14\/33-euyj.jpg\" data-alt=\"Yapay zeka: K\u00fcrtler 2 bin 500 y\u0131ld\u0131r ya\u015f\u0131yor - Sayfa 3\" data-loaded=\"true\"><source srcset=\"https:\/\/i.gazeteduvar.com.tr\/storage\/files\/images\/2023\/10\/14\/33-euyj.jpg.webp\" type=\"image\/webp\" \/><source srcset=\"https:\/\/i.gazeteduvar.com.tr\/storage\/files\/images\/2023\/10\/14\/33-euyj.jpg\" \/><\/picture><\/figure>\n<\/div>\n<div class=\"content-text max-width\">\n<p><strong>K\u00dcRTLER\u0130N TAR\u0130H\u0130\u00a0<\/strong><\/p>\n<p>K\u00fcrtlerin tarihi, M\u00d6 2. biny\u0131la kadar uzanmaktad\u0131r. O d\u00f6nemde, K\u00fcrtler Zagros Da\u011flar\u0131&#8217;nda ya\u015fayan ve g\u00f6\u00e7ebe bir ya\u015fam tarz\u0131 s\u00fcrd\u00fcren bir gruptu. M\u00d6 1. biny\u0131lda, K\u00fcrtler Asur, Babil ve Pers imparatorluklar\u0131 taraf\u0131ndan fethedildi. Bu imparatorluklar alt\u0131nda, K\u00fcrtler \u00f6nemli bir rol oynad\u0131 ve askeri, idari ve k\u00fclt\u00fcrel alanda \u00f6nemli katk\u0131larda bulundu.<\/p>\n<p>MS 7. y\u00fczy\u0131lda, K\u00fcrtler \u0130slam&#8217;\u0131 kabul etti. \u0130slam&#8217;\u0131n kabul\u00fc, K\u00fcrt k\u00fclt\u00fcr\u00fcn\u00fcn ve kimli\u011finin \u015fekillenmesinde \u00f6nemli bir rol oynad\u0131. K\u00fcrtler, \u0130slam&#8217;\u0131n \u00e7e\u015fitli mezheplerine mensuptur. Ancak, S\u00fcnni K\u00fcrtler \u00e7o\u011funluktad\u0131r.<\/p>\n<\/div>\n<div class=\"bar\"><\/div>\n<\/div>\n<div class=\"infinity-item item\" data-id=\"652a5001ae2c7954554370f6\" data-url=\"https:\/\/www.gazeteduvar.com.tr\/yapay-zeka-kurtler-2-bin-500-yildir-yasiyor-galeri-1642278?p=4\" data-next=\"https:\/\/www.gazeteduvar.com.tr\/yapay-zeka-kurtler-2-bin-500-yildir-yasiyor-galeri-1642278?p=5\" data-title=\"Yapay zeka: K\u00fcrtler 2 bin 500 y\u0131ld\u0131r ya\u015f\u0131yor - Gazete Duvar - Sayfa 4\" data-category_names=\"[&quot;TEKNOLOJ\\u0130&quot;]\" data-category_ids=\"[&quot;5f6f684508038f769747149a&quot;]\" data-tags=\"[&quot;k\\u00fcrtler&quot;,&quot;k\\u00fcrdistan&quot;,&quot;k\\u00fcrt halk\\u0131&quot;,&quot;gazete duvar&quot;,&quot;duvar&quot;]\">\n<div class=\"v-image mb-3 max-width\">\n<figure><picture data-iesrc=\"https:\/\/i.gazeteduvar.com.tr\/storage\/files\/images\/2023\/10\/14\/44-xjd4.jpg\" data-alt=\"Yapay zeka: K\u00fcrtler 2 bin 500 y\u0131ld\u0131r ya\u015f\u0131yor - Sayfa 4\" data-loaded=\"true\"><source srcset=\"https:\/\/i.gazeteduvar.com.tr\/storage\/files\/images\/2023\/10\/14\/44-xjd4.jpg.webp\" type=\"image\/webp\" \/><source srcset=\"https:\/\/i.gazeteduvar.com.tr\/storage\/files\/images\/2023\/10\/14\/44-xjd4.jpg\" \/><\/picture><\/figure>\n<\/div>\n<div class=\"content-text max-width\">\n<p><strong>K\u00dcRTLER\u0130N K\u00d6KEN\u0130<\/strong><\/p>\n<p>K\u00fcrtlerin k\u00f6keni hakk\u0131nda bir\u00e7ok farkl\u0131 g\u00f6r\u00fc\u015f vard\u0131r. Baz\u0131 bilim adamlar\u0131, K\u00fcrtlerin \u0130ran k\u00f6kenli oldu\u011funa inan\u0131rken, di\u011ferleri K\u00fcrtlerin Hint-Avrupa k\u00f6kenli oldu\u011funa inanmaktad\u0131r. K\u00fcrtlerin k\u00f6kenini kesin olarak belirlemek zordur. Ancak, K\u00fcrtlerin Orta Do\u011fu&#8217;da ya\u015fayan en eski etnik gruplardan biri oldu\u011fu konusunda genel bir fikir birli\u011fi vard\u0131r.<\/p>\n<\/div>\n<div class=\"bar\"><\/div>\n<\/div>\n<div class=\"infinity-item item\" data-id=\"652a5001ae2c7954554370f6\" data-url=\"https:\/\/www.gazeteduvar.com.tr\/yapay-zeka-kurtler-2-bin-500-yildir-yasiyor-galeri-1642278?p=5\" data-next=\"\" data-title=\"Yapay zeka: K\u00fcrtler 2 bin 500 y\u0131ld\u0131r ya\u015f\u0131yor - Gazete Duvar - Sayfa 5\" data-category_names=\"[&quot;TEKNOLOJ\\u0130&quot;]\" data-category_ids=\"[&quot;5f6f684508038f769747149a&quot;]\" data-tags=\"[&quot;k\\u00fcrtler&quot;,&quot;k\\u00fcrdistan&quot;,&quot;k\\u00fcrt halk\\u0131&quot;,&quot;gazete duvar&quot;,&quot;duvar&quot;]\">\n<div class=\"v-image mb-3 max-width\">\n<figure><picture data-iesrc=\"https:\/\/i.gazeteduvar.com.tr\/storage\/files\/images\/2023\/10\/14\/55-geyg.jpg\" data-alt=\"Yapay zeka: K\u00fcrtler 2 bin 500 y\u0131ld\u0131r ya\u015f\u0131yor - Sayfa 5\" data-loaded=\"true\"><source srcset=\"https:\/\/i.gazeteduvar.com.tr\/storage\/files\/images\/2023\/10\/14\/55-geyg.jpg.webp\" type=\"image\/webp\" \/><source srcset=\"https:\/\/i.gazeteduvar.com.tr\/storage\/files\/images\/2023\/10\/14\/55-geyg.jpg\" \/><img alt=\"Yapay zeka: K\u00fcrtler 2 bin 500 y\u0131ld\u0131r ya\u015f\u0131yor - Sayfa 5\" \/><\/picture><\/figure>\n<\/div>\n<div class=\"content-text max-width\">\n<p><strong>K\u00dcRTLER\u0130N K\u00dcLT\u00dcR\u00dc<\/strong><\/p>\n<p>K\u00fcrt k\u00fclt\u00fcr\u00fc, Orta Do\u011fu&#8217;daki di\u011fer k\u00fclt\u00fcrlerden etkilenmi\u015ftir. Ancak, K\u00fcrt k\u00fclt\u00fcr\u00fc kendine \u00f6zg\u00fc bir kimli\u011fe sahiptir. K\u00fcrt k\u00fclt\u00fcr\u00fcnde, dil, m\u00fczik, edebiyat, sanat ve yemek \u00f6nemli bir rol oynar.<\/p>\n<\/div>\n<div class=\"bar\"><\/div>\n<\/div>\n<div class=\"infinity-item item\" data-id=\"652a5001ae2c7954554370f6\" data-url=\"https:\/\/www.gazeteduvar.com.tr\/yapay-zeka-kurtler-2-bin-500-yildir-yasiyor-galeri-1642278?p=6\" data-next=\"\" data-title=\"Yapay zeka: K\u00fcrtler 2 bin 500 y\u0131ld\u0131r ya\u015f\u0131yor - Gazete Duvar - Sayfa 6\" data-category_names=\"[&quot;TEKNOLOJ\\u0130&quot;]\" data-category_ids=\"[&quot;5f6f684508038f769747149a&quot;]\" data-tags=\"[&quot;k\\u00fcrtler&quot;,&quot;k\\u00fcrdistan&quot;,&quot;k\\u00fcrt halk\\u0131&quot;,&quot;gazete duvar&quot;,&quot;duvar&quot;]\">\n<div class=\"v-image mb-3 max-width\">\n<figure><picture data-iesrc=\"https:\/\/i.gazeteduvar.com.tr\/storage\/files\/images\/2023\/10\/14\/66-sj5e.jpg\" data-alt=\"Yapay zeka: K\u00fcrtler 2 bin 500 y\u0131ld\u0131r ya\u015f\u0131yor - Sayfa 6\" data-loaded=\"true\"><source srcset=\"https:\/\/i.gazeteduvar.com.tr\/storage\/files\/images\/2023\/10\/14\/66-sj5e.jpg.webp\" type=\"image\/webp\" \/><source srcset=\"https:\/\/i.gazeteduvar.com.tr\/storage\/files\/images\/2023\/10\/14\/66-sj5e.jpg\" \/><\/picture><\/figure>\n<\/div>\n<div class=\"content-text max-width\">\n<p><strong>K\u00dcRT\u00c7E<\/strong><\/p>\n<p>K\u00fcrt\u00e7e, Hint-Avrupa dil ailesinin bir kolu olan bir dildir. K\u00fcrt\u00e7enin d\u00f6rt ana leh\u00e7esi vard\u0131r: Kurmanci, Sorani, K\u0131rmancki (K\u0131rdki) ve Gorani.<\/p>\n<p>Kurmanci: T\u00fcrkiye&#8217;nin g\u00fcneydo\u011fusunda, Suriye&#8217;de ve Irak&#8217;\u0131n kuzeyinde konu\u015fulmaktad\u0131r.<\/p>\n<p>Sorani: Irak&#8217;\u0131n kuzeyinde ve \u0130ran&#8217;\u0131n bat\u0131s\u0131nda konu\u015fulmaktad\u0131r.<\/p>\n<p>K\u0131rmancki (K\u0131rdki): T\u00fcrkiye&#8217;nin g\u00fcneydo\u011fusunda, \u0130ran&#8217;\u0131n bat\u0131s\u0131nda ve Irak&#8217;\u0131n kuzeyinde konu\u015fulmaktad\u0131r. Ayr\u0131ca T\u00fcrkiye&#8217;nin Do\u011fu Anadolu B\u00f6lgesinde de konu\u015fulmaktad\u0131r.<\/p>\n<p>Gorani: Irak&#8217;\u0131n kuzeyinde ve \u0130ran&#8217;\u0131n bat\u0131s\u0131nda konu\u015fulmaktad\u0131r.<\/p>\n<\/div>\n<\/div>\n<div class=\"infinity-item item\" data-id=\"652a5001ae2c7954554370f6\" data-url=\"https:\/\/www.gazeteduvar.com.tr\/yapay-zeka-kurtler-2-bin-500-yildir-yasiyor-galeri-1642278?p=7\" data-next=\"\" data-title=\"Yapay zeka: K\u00fcrtler 2 bin 500 y\u0131ld\u0131r ya\u015f\u0131yor - Gazete Duvar - Sayfa 7\" data-category_names=\"[&quot;TEKNOLOJ\\u0130&quot;]\" data-category_ids=\"[&quot;5f6f684508038f769747149a&quot;]\" data-tags=\"[&quot;k\\u00fcrtler&quot;,&quot;k\\u00fcrdistan&quot;,&quot;k\\u00fcrt halk\\u0131&quot;,&quot;gazete duvar&quot;,&quot;duvar&quot;]\">\n<div class=\"v-image mb-3 max-width\">\n<figure><picture data-iesrc=\"https:\/\/i.gazeteduvar.com.tr\/storage\/files\/images\/2023\/10\/14\/77-8fdm.jpg\" data-alt=\"Yapay zeka: K\u00fcrtler 2 bin 500 y\u0131ld\u0131r ya\u015f\u0131yor - Sayfa 7\" data-loaded=\"true\"><source srcset=\"https:\/\/i.gazeteduvar.com.tr\/storage\/files\/images\/2023\/10\/14\/77-8fdm.jpg.webp\" type=\"image\/webp\" \/><source srcset=\"https:\/\/i.gazeteduvar.com.tr\/storage\/files\/images\/2023\/10\/14\/77-8fdm.jpg\" \/><img alt=\"Yapay zeka: K\u00fcrtler 2 bin 500 y\u0131ld\u0131r ya\u015f\u0131yor - Sayfa 7\" \/><\/picture><\/figure>\n<\/div>\n<div class=\"content-text max-width\">\n<p><strong>K\u00dcRTLER\u0130N SOSYO-EKONOM\u0130K DURUMU<\/strong><\/p>\n<p>K\u00fcrtler, Orta Do\u011fu&#8217;da ya\u015fayan en b\u00fcy\u00fck etnik gruplardan biridir. Ancak, K\u00fcrtler, genellikle Orta Do\u011fu&#8217;daki di\u011fer etnik gruplara g\u00f6re daha dezavantajl\u0131 bir durumdad\u0131r. K\u00fcrtlerin ya\u015fad\u0131\u011f\u0131 b\u00f6lgelerde, genellikle yoksulluk, i\u015fsizlik ve e\u011fitim eksikli\u011fi gibi sorunlar ya\u015fanmaktad\u0131r.<\/p>\n<\/div>\n<div class=\"bar\"><\/div>\n<\/div>\n<div class=\"infinity-item item\" data-id=\"652a5001ae2c7954554370f6\" data-url=\"https:\/\/www.gazeteduvar.com.tr\/yapay-zeka-kurtler-2-bin-500-yildir-yasiyor-galeri-1642278?p=8\" data-next=\"https:\/\/www.gazeteduvar.com.tr\/yapay-zeka-kurtler-2-bin-500-yildir-yasiyor-galeri-1642278?p=9\" data-title=\"Yapay zeka: K\u00fcrtler 2 bin 500 y\u0131ld\u0131r ya\u015f\u0131yor - Gazete Duvar - Sayfa 8\" data-category_names=\"[&quot;TEKNOLOJ\\u0130&quot;]\" data-category_ids=\"[&quot;5f6f684508038f769747149a&quot;]\" data-tags=\"[&quot;k\\u00fcrtler&quot;,&quot;k\\u00fcrdistan&quot;,&quot;k\\u00fcrt halk\\u0131&quot;,&quot;gazete duvar&quot;,&quot;duvar&quot;]\">\n<div class=\"v-image mb-3 max-width\">\n<figure><picture data-iesrc=\"https:\/\/i.gazeteduvar.com.tr\/storage\/files\/images\/2023\/10\/14\/88-vgy5.jpg\" data-alt=\"Yapay zeka: K\u00fcrtler 2 bin 500 y\u0131ld\u0131r ya\u015f\u0131yor - Sayfa 8\" data-loaded=\"true\"><source srcset=\"https:\/\/i.gazeteduvar.com.tr\/storage\/files\/images\/2023\/10\/14\/88-vgy5.jpg.webp\" type=\"image\/webp\" \/><source srcset=\"https:\/\/i.gazeteduvar.com.tr\/storage\/files\/images\/2023\/10\/14\/88-vgy5.jpg\" \/><img alt=\"Yapay zeka: K\u00fcrtler 2 bin 500 y\u0131ld\u0131r ya\u015f\u0131yor - Sayfa 8\" \/><\/picture><\/figure>\n<\/div>\n<div class=\"content-text max-width\">\n<p><strong>K\u00dcRTLER\u0130N S\u0130YAS\u0130 DURUMU<\/strong><\/p>\n<p>K\u00fcrtler, Orta Do\u011fu&#8217;da tarihte kendi devletlerini kurmak i\u00e7in uzun s\u00fcredir m\u00fccadele etmektedir. K\u00fcrtler, Irak&#8217;ta resmi olarak \u00f6zerk bir y\u00f6netime sahiptir. Suriye&#8217;de de yeni bir \u00f6zerk stat\u00fc kazanma ad\u0131mlar\u0131 ba\u015flam\u0131\u015ft\u0131r. T\u00fcrkiye ve \u0130ran&#8217;da ise K\u00fcrtlerin \u00f6zerk y\u00f6netim talepleri, devletler taraf\u0131ndan kabul edilmemi\u015ftir.<\/p>\n<\/div>\n<div class=\"bar\"><\/div>\n<\/div>\n<div class=\"infinity-item item\" data-id=\"652a5001ae2c7954554370f6\" data-url=\"https:\/\/www.gazeteduvar.com.tr\/yapay-zeka-kurtler-2-bin-500-yildir-yasiyor-galeri-1642278?p=9\" data-next=\"\" data-title=\"Yapay zeka: K\u00fcrtler 2 bin 500 y\u0131ld\u0131r ya\u015f\u0131yor - Gazete Duvar - Sayfa 9\" data-category_names=\"[&quot;TEKNOLOJ\\u0130&quot;]\" data-category_ids=\"[&quot;5f6f684508038f769747149a&quot;]\" data-tags=\"[&quot;k\\u00fcrtler&quot;,&quot;k\\u00fcrdistan&quot;,&quot;k\\u00fcrt halk\\u0131&quot;,&quot;gazete duvar&quot;,&quot;duvar&quot;]\">\n<div class=\"v-image mb-3 max-width\">\n<figure><picture data-iesrc=\"https:\/\/i.gazeteduvar.com.tr\/storage\/files\/images\/2023\/10\/14\/121212-onox.jpg\" data-alt=\"Yapay zeka: K\u00fcrtler 2 bin 500 y\u0131ld\u0131r ya\u015f\u0131yor - Sayfa 9\" data-loaded=\"true\"><source srcset=\"https:\/\/i.gazeteduvar.com.tr\/storage\/files\/images\/2023\/10\/14\/121212-onox.jpg.webp\" type=\"image\/webp\" \/><source srcset=\"https:\/\/i.gazeteduvar.com.tr\/storage\/files\/images\/2023\/10\/14\/121212-onox.jpg\" \/><img alt=\"Yapay zeka: K\u00fcrtler 2 bin 500 y\u0131ld\u0131r ya\u015f\u0131yor - Sayfa 9\" \/><\/picture><\/figure>\n<\/div>\n<div class=\"content-text max-width\">\n<p><strong>K\u00dcRTLER\u0130N K\u00dcLT\u00dcREL VE TAR\u0130H\u0130 ZENG\u0130NL\u0130\u011e\u0130\u00a0<\/strong><\/p>\n<p>K\u00fcrt k\u00fclt\u00fcr\u00fc, Orta Do\u011fu&#8217;nun en zengin k\u00fclt\u00fcrlerinden biridir. K\u00fcrt k\u00fclt\u00fcr\u00fc, dil, m\u00fczik, edebiyat, sanat ve yemek gibi bir\u00e7ok farkl\u0131 alanda kendini g\u00f6stermektedir.<\/p>\n<\/div>\n<\/div>\n<div class=\"infinity-item item\" data-id=\"652a5001ae2c7954554370f6\" data-url=\"https:\/\/www.gazeteduvar.com.tr\/yapay-zeka-kurtler-2-bin-500-yildir-yasiyor-galeri-1642278?p=10\" data-next=\"\" data-title=\"Yapay zeka: K\u00fcrtler 2 bin 500 y\u0131ld\u0131r ya\u015f\u0131yor - Gazete Duvar - Sayfa 10\" data-category_names=\"[&quot;TEKNOLOJ\\u0130&quot;]\" data-category_ids=\"[&quot;5f6f684508038f769747149a&quot;]\" data-tags=\"[&quot;k\\u00fcrtler&quot;,&quot;k\\u00fcrdistan&quot;,&quot;k\\u00fcrt halk\\u0131&quot;,&quot;gazete duvar&quot;,&quot;duvar&quot;]\">\n<div class=\"v-image mb-3 max-width\">\n<figure><picture data-iesrc=\"https:\/\/i.gazeteduvar.com.tr\/storage\/files\/images\/2023\/10\/14\/131313-qxak.jpg\" data-alt=\"Yapay zeka: K\u00fcrtler 2 bin 500 y\u0131ld\u0131r ya\u015f\u0131yor - Sayfa 10\" data-loaded=\"true\"><source srcset=\"https:\/\/i.gazeteduvar.com.tr\/storage\/files\/images\/2023\/10\/14\/131313-qxak.jpg.webp\" type=\"image\/webp\" \/><source srcset=\"https:\/\/i.gazeteduvar.com.tr\/storage\/files\/images\/2023\/10\/14\/131313-qxak.jpg\" \/><img alt=\"Yapay zeka: K\u00fcrtler 2 bin 500 y\u0131ld\u0131r ya\u015f\u0131yor - Sayfa 10\" \/><\/picture><\/figure>\n<\/div>\n<div class=\"content-text max-width\">\n<p><strong>K\u00dcRTLER\u0130N YA\u015eADI\u011eI SORUNLAR<\/strong><\/p>\n<p>K\u00fcrtler, Orta Do\u011fu&#8217;da ya\u015fayan en b\u00fcy\u00fck etnik gruplardan biridir. Ancak, K\u00fcrtler, genellikle Orta Do\u011fu&#8217;daki di\u011fer etnik gruplara g\u00f6re daha dezavantajl\u0131 bir durumdad\u0131r. K\u00fcrtlerin ya\u015fad\u0131\u011f\u0131 sorunlar \u015funlard\u0131r:<\/p>\n<p>Yoksulluk: K\u00fcrtlerin ya\u015fad\u0131\u011f\u0131 b\u00f6lgelerde, genellikle yoksulluk yayg\u0131nd\u0131r.<\/p>\n<p>\u0130\u015fsizlik: K\u00fcrtlerin ya\u015fad\u0131\u011f\u0131 b\u00f6lgelerde, genellikle i\u015fsizlik oran\u0131 y\u00fcksektir.<\/p>\n<p>E\u011fitim eksikli\u011fi: K\u00fcrtlerin ya\u015fad\u0131\u011f\u0131 b\u00f6lgelerde, genellikle e\u011fitime eri\u015fim zordur.<\/p>\n<p>Ayr\u0131mc\u0131l\u0131k: K\u00fcrtlere kar\u015f\u0131 ayr\u0131mc\u0131l\u0131k yayg\u0131nd\u0131r.<\/p>\n<\/div>\n<div class=\"bar\"><\/div>\n<\/div>\n<div class=\"infinity-item item\" data-id=\"652a5001ae2c7954554370f6\" data-url=\"https:\/\/www.gazeteduvar.com.tr\/yapay-zeka-kurtler-2-bin-500-yildir-yasiyor-galeri-1642278?p=11\" data-next=\"https:\/\/www.gazeteduvar.com.tr\/gigaset-batti-galeri-1641993\" data-title=\"Yapay zeka: K\u00fcrtler 2 bin 500 y\u0131ld\u0131r ya\u015f\u0131yor - Gazete Duvar - Sayfa 11\" data-category_names=\"[&quot;TEKNOLOJ\\u0130&quot;]\" data-category_ids=\"[&quot;5f6f684508038f769747149a&quot;]\" data-tags=\"[&quot;k\\u00fcrtler&quot;,&quot;k\\u00fcrdistan&quot;,&quot;k\\u00fcrt halk\\u0131&quot;,&quot;gazete duvar&quot;,&quot;duvar&quot;]\">\n<div class=\"v-image mb-3 max-width\">\n<figure><picture data-iesrc=\"https:\/\/i.gazeteduvar.com.tr\/storage\/files\/images\/2023\/10\/14\/141414-uhhg.jpg\" data-alt=\"Yapay zeka: K\u00fcrtler 2 bin 500 y\u0131ld\u0131r ya\u015f\u0131yor - Sayfa 11\" data-loaded=\"true\"><source srcset=\"https:\/\/i.gazeteduvar.com.tr\/storage\/files\/images\/2023\/10\/14\/141414-uhhg.jpg.webp\" type=\"image\/webp\" \/><source srcset=\"https:\/\/i.gazeteduvar.com.tr\/storage\/files\/images\/2023\/10\/14\/141414-uhhg.jpg\" \/><\/picture><\/figure>\n<\/div>\n<div class=\"content-text max-width\">\n<p><strong><em>NOT: Google Yapay Zeka Bard&#8217;\u0131n K\u00fcrtler hakk\u0131nda haz\u0131rlad\u0131\u011f\u0131 bir makaledir. \u0130\u00e7erisinde hatalar veya benzeri durumlar olabilir.<\/em><\/strong><\/p>\n<\/div>\n<\/div>\n<\/div>\n<div class=\"bar\"><\/div>\n<\/div>\n<\/div>\n","protected":false},"excerpt":{"rendered":"<p>Yapay Zeka&#8217;ya g\u00f6re K\u00fcrtler, Ortado\u011fu\u2019da yakla\u015f\u0131k 2 bin 500 y\u0131ld\u0131r ya\u015f\u0131yor ve Hint-Avrupa dil ailesinin bir kolu olan K\u00fcrt\u00e7e\u2019yi konu\u015fuyor. Google&#8217;\u0131n \u00dcretken Yapay Zeka Chat Arac\u0131\u2019na g\u00f6re K\u00fcrtler, Ortado\u011fu\u2019da yakla\u015f\u0131k 2500 y\u0131ld\u0131r ya\u015f\u0131yor ve Hint-Avrupa dil ailesinin bir kolu olan K\u00fcrt\u00e7e\u2019yi konu\u015fuyor. Amida Haber&#8217;in aktard\u0131\u011f\u0131na g\u00f6re,\u00a0ayr\u0131ca K\u00fcrt\u00e7e\u2019nin 4 ana leh\u00e7esine vurgu yap\u0131yor. YAPAY ZEKAYA G\u00d6RE &hellip;<\/p>\n","protected":false},"author":32,"featured_media":23055,"comment_status":"open","ping_status":"open","sticky":false,"template":"","format":"standard","meta":{"footnotes":""},"categories":[65],"tags":[141,117,1616,6258],"class_list":["post-23054","post","type-post","status-publish","format-standard","has-post-thumbnail","","category-forum","tag-kurtce","tag-kurtler","tag-manset","tag-yapay-zeka"],"_links":{"self":[{"href":"https:\/\/candname.com\/tr\/index.php?rest_route=\/wp\/v2\/posts\/23054","targetHints":{"allow":["GET"]}}],"collection":[{"href":"https:\/\/candname.com\/tr\/index.php?rest_route=\/wp\/v2\/posts"}],"about":[{"href":"https:\/\/candname.com\/tr\/index.php?rest_route=\/wp\/v2\/types\/post"}],"author":[{"embeddable":true,"href":"https:\/\/candname.com\/tr\/index.php?rest_route=\/wp\/v2\/users\/32"}],"replies":[{"embeddable":true,"href":"https:\/\/candname.com\/tr\/index.php?rest_route=%2Fwp%2Fv2%2Fcomments&post=23054"}],"version-history":[{"count":0,"href":"https:\/\/candname.com\/tr\/index.php?rest_route=\/wp\/v2\/posts\/23054\/revisions"}],"wp:featuredmedia":[{"embeddable":true,"href":"https:\/\/candname.com\/tr\/index.php?rest_route=\/wp\/v2\/media\/23055"}],"wp:attachment":[{"href":"https:\/\/candname.com\/tr\/index.php?rest_route=%2Fwp%2Fv2%2Fmedia&parent=23054"}],"wp:term":[{"taxonomy":"category","embeddable":true,"href":"https:\/\/candname.com\/tr\/index.php?rest_route=%2Fwp%2Fv2%2Fcategories&post=23054"},{"taxonomy":"post_tag","embeddable":true,"href":"https:\/\/candname.com\/tr\/index.php?rest_route=%2Fwp%2Fv2%2Ftags&post=23054"}],"curies":[{"name":"wp","href":"https:\/\/api.w.org\/{rel}","templated":true}]}}