{"id":23023,"date":"2023-09-27T12:29:59","date_gmt":"2023-09-27T09:29:59","guid":{"rendered":"https:\/\/candname.com\/tr\/?p=23023"},"modified":"2023-09-27T12:29:59","modified_gmt":"2023-09-27T09:29:59","slug":"yapay-zekayla-kurt-komutanin-portresi-cizildi","status":"publish","type":"post","link":"https:\/\/candname.com\/tr\/?p=23023","title":{"rendered":"Yapay zekayla K\u00fcrt komutan\u0131n portresi \u00e7izildi"},"content":{"rendered":"<div class=\"content-description\">Junaro Kameran isimli kullan\u0131c\u0131, d\u00f6nemin sikkelerinden yola \u00e7\u0131karak K\u00fcrt Komutan Selahattin-i Eyy\u00fcbi\u2019nin ger\u00e7e\u011fe en yak\u0131n portresini \u00e7izdi.<\/div>\n<div class=\"article-content\">\n<section class=\"banner banner-wide\"><\/section>\n<div class=\"text-content\">\n<p>Junaro Kameran, d\u00f6nemin sikkeleri \u00fczerindeki resimlerden yola \u00e7\u0131karak yapay zeka ile K\u00fcrt komutan Selahaddin Eyy\u00fbbi\u2019nin portresini \u00e7izdi. Portreyi sosyal medya hesab\u0131ndan payla\u015fan tarih\u00e7i Mahmut Aky\u00fcrekli, \u201cSelahaddin Eyy\u00fbb\u00ee. Tarihi kaynaklardaki tasvirleri ve paralardaki fig\u00fcrleri ile yapay zekayla Junaro Kameran(KaMuran) taraf\u0131ndan haz\u0131rlanm\u0131\u015f ger\u00e7e\u011fe en yak\u0131n portresi\u201d dedi.<\/p>\n<p><strong>Selahaddin Eyyubi kimdir?<\/strong><\/p>\n<p>Zengi Devleti&#8217;nin komutan\u0131 olan Selahaddin Eyy\u00fbb\u00ee&#8217;nin 1171 y\u0131l\u0131nda kurdu\u011fu Eyy\u00fbb\u00ee Devleti, M\u0131s\u0131r ve Suriye&#8217;de egemen oldu. En g\u00fc\u00e7l\u00fc oldu\u011fu d\u00f6nemde M\u0131s\u0131r, Suriye, Irak, Hicaz, Kud\u00fcs, Libya, Yemen ve Levant b\u00f6lgelerini egemenli\u011fi alt\u0131nda tutmu\u015ftur. 1171&#8217;de Selahaddin Eyy\u00fbb\u00ee taraf\u0131ndan M\u0131s\u0131r&#8217;daki \u015eii F\u00e2t\u0131m\u00ee Halifeli\u011fi&#8217;nin ortadan kald\u0131r\u0131lmas\u0131n\u0131n ard\u0131ndan do\u011fan bir iktidar bo\u015flu\u011fuyla Selahaddin&#8217;in &#8221;M\u0131s\u0131r Sultan\u0131&#8221; ilan edilerek tarih sahnesine \u00e7\u0131kan devlet, 1187&#8217;de H\u0131ttin Muharebesi ile Kud\u00fcs&#8217;\u00fc Hristiyanlardan geri alm\u0131\u015f ve Orta Do\u011fu&#8217;da \u00f6nemli bir g\u00fc\u00e7 haline gelmi\u015ftir. Adaleti ve cesareti ile kar\u015f\u0131tlar\u0131n\u0131n dahi takdirini kazanan Selahaddin Eyy\u00fbb\u00ee 1193\u2019de \u015eam&#8217;da 55 veya 56 ya\u015f\u0131nda hastal\u0131ktan vefat etmi\u015ftir.<\/p>\n<p><strong>T\u0130GR\u0130S HABER <\/strong><\/p>\n<\/div>\n<\/div>\n","protected":false},"excerpt":{"rendered":"<p>Junaro Kameran isimli kullan\u0131c\u0131, d\u00f6nemin sikkelerinden yola \u00e7\u0131karak K\u00fcrt Komutan Selahattin-i Eyy\u00fcbi\u2019nin ger\u00e7e\u011fe en yak\u0131n portresini \u00e7izdi. Junaro Kameran, d\u00f6nemin sikkeleri \u00fczerindeki resimlerden yola \u00e7\u0131karak yapay zeka ile K\u00fcrt komutan Selahaddin Eyy\u00fbbi\u2019nin portresini \u00e7izdi. Portreyi sosyal medya hesab\u0131ndan payla\u015fan tarih\u00e7i Mahmut Aky\u00fcrekli, \u201cSelahaddin Eyy\u00fbb\u00ee. Tarihi kaynaklardaki tasvirleri ve paralardaki fig\u00fcrleri ile yapay zekayla Junaro Kameran(KaMuran) &hellip;<\/p>\n","protected":false},"author":32,"featured_media":23024,"comment_status":"open","ping_status":"open","sticky":false,"template":"","format":"standard","meta":{"footnotes":""},"categories":[3],"tags":[6241,6242,6243,1616,5595],"class_list":["post-23023","post","type-post","status-publish","format-standard","has-post-thumbnail","","category-haber","tag-kudus","tag-kurt-komtan","tag-kurt-sultani","tag-manset","tag-selahaddin-eyyubi"],"_links":{"self":[{"href":"https:\/\/candname.com\/tr\/index.php?rest_route=\/wp\/v2\/posts\/23023","targetHints":{"allow":["GET"]}}],"collection":[{"href":"https:\/\/candname.com\/tr\/index.php?rest_route=\/wp\/v2\/posts"}],"about":[{"href":"https:\/\/candname.com\/tr\/index.php?rest_route=\/wp\/v2\/types\/post"}],"author":[{"embeddable":true,"href":"https:\/\/candname.com\/tr\/index.php?rest_route=\/wp\/v2\/users\/32"}],"replies":[{"embeddable":true,"href":"https:\/\/candname.com\/tr\/index.php?rest_route=%2Fwp%2Fv2%2Fcomments&post=23023"}],"version-history":[{"count":0,"href":"https:\/\/candname.com\/tr\/index.php?rest_route=\/wp\/v2\/posts\/23023\/revisions"}],"wp:featuredmedia":[{"embeddable":true,"href":"https:\/\/candname.com\/tr\/index.php?rest_route=\/wp\/v2\/media\/23024"}],"wp:attachment":[{"href":"https:\/\/candname.com\/tr\/index.php?rest_route=%2Fwp%2Fv2%2Fmedia&parent=23023"}],"wp:term":[{"taxonomy":"category","embeddable":true,"href":"https:\/\/candname.com\/tr\/index.php?rest_route=%2Fwp%2Fv2%2Fcategories&post=23023"},{"taxonomy":"post_tag","embeddable":true,"href":"https:\/\/candname.com\/tr\/index.php?rest_route=%2Fwp%2Fv2%2Ftags&post=23023"}],"curies":[{"name":"wp","href":"https:\/\/api.w.org\/{rel}","templated":true}]}}