{"id":23020,"date":"2023-09-24T18:20:15","date_gmt":"2023-09-24T15:20:15","guid":{"rendered":"https:\/\/candname.com\/tr\/?p=23020"},"modified":"2023-09-24T18:20:15","modified_gmt":"2023-09-24T15:20:15","slug":"nubihardan-zirkan-asiretinden-hazro-beylerikitap","status":"publish","type":"post","link":"https:\/\/candname.com\/tr\/?p=23020","title":{"rendered":"N\u00fbbihar&#8217;dan Zirkan As\u0327iretinden Hazro Beyleri(Kitap)"},"content":{"rendered":"<p>Osmanl\u0131 \u0130mparatorlu\u011fu i\u00e7inde yer alan K\u00fcrt Beylikleri Hakk\u0131nda kamuoyu bug\u00fcn de yeterli bilgiye sahibi de\u011fildir.<\/p>\n<p>Bu \u00e7al\u0131\u015fmada Diyarbekir b\u00f6lgesinin kuzeydo\u011fusunda h\u00fck\u00fcm s\u00fcren ve birka\u00e7 kola ayr\u0131lan Zirkan Beylerinden Tercil (Hazro) Beyli\u011fi kolu anlat\u0131lm\u0131\u015ft\u0131r.<\/p>\n<p>Yazar ba\u015fta Ba\u015fbakanl\u0131k Osmanl\u0131 Ar\u015fivi olmak \u00fczere, Lice ve Hazro k\u0131rsal\u0131nda \u00e7al\u0131\u015fm\u0131\u015ft\u0131r. Ayr\u0131ca ailenin s\u00fcrg\u00fcn oldu\u011fu Edirne\u2019deki \u00dc\u00e7 \u015eerefeli Camii\u2019nin haziresinde bulunan yaz\u0131l\u0131 mezar ta\u015flar\u0131 ile \u0130stanbul Karacaahmet\u2019te bulunan mezarlar da bu \u00e7al\u0131\u015fma kapsam\u0131nda tek tek incelenmi\u015ftir.<\/p>\n<p>Kitab\u0131n ikinci b\u00f6l\u00fcm\u00fcnde ise yazar Hazro Beyleri olan ailesinin m\u00fclkiyetinde bulunan kendi k\u00f6y\u00fcn\u00fcn feodal ya\u015fam\u0131ndan \u00f6rnekler sunmu\u015ftur.<\/p>\n<p>YAYIN EV\u0130: N\u00fbbihar<\/p>\n<p>YAZAR:Murat Budak<\/p>\n<p>ISBN: 978-625-7383-85-1<\/p>\n<p>SAYFA SAYISI: 176<\/p>\n<p>EBAT: 13,50 x 21,00 (cm)<\/p>\n<p>D\u0130L: T\u00dcRK\u00c7E<\/p>\n<p>T\u00dcR: ARA\u015eTIRMA<\/p>\n<p><strong>\u00a0<\/strong><\/p>\n","protected":false},"excerpt":{"rendered":"<p>Osmanl\u0131 \u0130mparatorlu\u011fu i\u00e7inde yer alan K\u00fcrt Beylikleri Hakk\u0131nda kamuoyu bug\u00fcn de yeterli bilgiye sahibi de\u011fildir. Bu \u00e7al\u0131\u015fmada Diyarbekir b\u00f6lgesinin kuzeydo\u011fusunda h\u00fck\u00fcm s\u00fcren ve birka\u00e7 kola ayr\u0131lan Zirkan Beylerinden Tercil (Hazro) Beyli\u011fi kolu anlat\u0131lm\u0131\u015ft\u0131r. Yazar ba\u015fta Ba\u015fbakanl\u0131k Osmanl\u0131 Ar\u015fivi olmak \u00fczere, Lice ve Hazro k\u0131rsal\u0131nda \u00e7al\u0131\u015fm\u0131\u015ft\u0131r. Ayr\u0131ca ailenin s\u00fcrg\u00fcn oldu\u011fu Edirne\u2019deki \u00dc\u00e7 \u015eerefeli Camii\u2019nin haziresinde bulunan &hellip;<\/p>\n","protected":false},"author":32,"featured_media":23021,"comment_status":"open","ping_status":"open","sticky":false,"template":"","format":"standard","meta":{"footnotes":""},"categories":[1746,25],"tags":[6240,3939,6239,1616],"class_list":["post-23020","post","type-post","status-publish","format-standard","has-post-thumbnail","","category-kitapcilik","category-tarih","tag-diyarbakir-asiretleri","tag-diyarbekir","tag-hazro","tag-manset"],"_links":{"self":[{"href":"https:\/\/candname.com\/tr\/index.php?rest_route=\/wp\/v2\/posts\/23020","targetHints":{"allow":["GET"]}}],"collection":[{"href":"https:\/\/candname.com\/tr\/index.php?rest_route=\/wp\/v2\/posts"}],"about":[{"href":"https:\/\/candname.com\/tr\/index.php?rest_route=\/wp\/v2\/types\/post"}],"author":[{"embeddable":true,"href":"https:\/\/candname.com\/tr\/index.php?rest_route=\/wp\/v2\/users\/32"}],"replies":[{"embeddable":true,"href":"https:\/\/candname.com\/tr\/index.php?rest_route=%2Fwp%2Fv2%2Fcomments&post=23020"}],"version-history":[{"count":0,"href":"https:\/\/candname.com\/tr\/index.php?rest_route=\/wp\/v2\/posts\/23020\/revisions"}],"wp:featuredmedia":[{"embeddable":true,"href":"https:\/\/candname.com\/tr\/index.php?rest_route=\/wp\/v2\/media\/23021"}],"wp:attachment":[{"href":"https:\/\/candname.com\/tr\/index.php?rest_route=%2Fwp%2Fv2%2Fmedia&parent=23020"}],"wp:term":[{"taxonomy":"category","embeddable":true,"href":"https:\/\/candname.com\/tr\/index.php?rest_route=%2Fwp%2Fv2%2Fcategories&post=23020"},{"taxonomy":"post_tag","embeddable":true,"href":"https:\/\/candname.com\/tr\/index.php?rest_route=%2Fwp%2Fv2%2Ftags&post=23020"}],"curies":[{"name":"wp","href":"https:\/\/api.w.org\/{rel}","templated":true}]}}