{"id":23016,"date":"2023-08-27T09:19:40","date_gmt":"2023-08-27T06:19:40","guid":{"rendered":"https:\/\/candname.com\/tr\/?p=23016"},"modified":"2023-08-27T09:23:53","modified_gmt":"2023-08-27T06:23:53","slug":"ortaylinin-cecen-dedigi-urartu-dilini-bilen-kusman-ben-kurdum-urartularda-kurd","status":"publish","type":"post","link":"https:\/\/candname.com\/tr\/?p=23016","title":{"rendered":"Ortayl\u0131&#8217;n\u0131n &#8216;\u00c7e\u00e7en&#8217; dedi\u011fi Urartu Dilini bilen Ku\u015fman: &#8216;Ben K\u00fcrd&#8217;\u00fcm, Urartular&#8217;da K\u00fcrd&#8217;"},"content":{"rendered":"<div class=\"status-summary\"><span class=\"big-post-text text-default\"><strong>D\u00fcnyada Urartuca&#8217;y\u0131 bilen az say\u0131da insandan biri olan Mehmet Ku\u015fman Ortayl\u0131&#8217;n\u0131n iddialar\u0131na yan\u0131t verdi.<\/strong><\/span><\/div>\n<div><\/div>\n<div>\n<div class=\"status-message\">\n<p>D\u00fcnyada Urartuca&#8217;y\u0131 bilen az say\u0131da insandan biri olan Mehmet Ku\u015fman, T\u00fcrk tarih\u00e7i \u0130lber Ortayl\u0131\u2019n\u0131n \u201cUrartular \u00c7e\u00e7en&#8217;dir, \u00c7avu\u015ftepe\u2019deki bek\u00e7i Mehmet de\u201d \u015feklindeki iddialar\u0131na ili\u015fkin, \u201cUrartular K\u00fcrt&#8217;t\u00fcr, ben de\u201d yan\u0131t\u0131n\u0131 verdi.<\/p>\n<p>T\u00fcrk tarih\u00e7i Prof. Dr. \u0130lber Ortayl\u0131, 2020 y\u0131l\u0131nda YouTube y\u00fcklenen bir seminerde, Urartular\u0131n \u00c7e\u00e7en oldu\u011funu iddia etmi\u015fti.<\/p>\n<p>Ortayl\u0131, Fatih Altayl\u0131\u2019n\u0131n sundu\u011fu ve HeberT\u00fcrk\u2019te yay\u0131nlanan \u201cBilim Tarih Felsefe\u201d program\u0131nda da ayn\u0131 iddialar\u0131 yineledi.<\/p>\n<p>Sultan Abdulhamit\u2019in \u00c7e\u00e7enleri Van \u00e7evresine yerle\u015ftirdi\u011fini belirten Ortayl\u0131, \u201cBurada bir \u00c7avu\u015ftepe K\u00f6y\u00fc var, orada bir h\u00f6y\u00fc\u011fe bu ad\u0131 veriyorlar. Orada \u00e7\u0131kan yaz\u0131lar\u0131 hi\u00e7 bir Urartu uzman\u0131, hi\u00e7 bir astrolog, hi\u00e7 bir Hititolog \u00c7e\u00e7ence ve Kafkas\u00e7a bilmez. Bizim zavall\u0131 Bek\u00e7i Mehmet, \u2018bu bizim \u00c7e\u00e7ence\u2019 diyor. \u2018Hadi oradan\u2019 dediler. Bu inat etti ve \u00e7ivi yaz\u0131s\u0131n\u0131 \u00f6\u011frendi. \u00c7ivi yaz\u0131s\u0131 \u00e7ok zor bir dil de\u011fil, dikkat edersen \u00f6\u011frenirsin\u201d dedi.<\/p>\n<p>Gidip Mehmet Ku\u015fman ile tan\u0131\u015ft\u0131\u011f\u0131n\u0131 dile getiren Ortayl\u0131, kendisinin de \u00c7e\u00e7en oldu\u011funu iddia etti.<\/p>\n<p>Van-Hakkari karayolu \u00fczerindeki Urartulara ait \u00c7avu\u015ftepe Kalesi&#8217;nde 45 y\u0131l\u0131 kadrolu olmak \u00fczere toplam 60 y\u0131ld\u0131r bek\u00e7ilik yapan ve d\u00fcnyada Urartuca&#8217;y\u0131 bilen say\u0131l\u0131 ki\u015filerden biri olan Mehmet Ku\u015fman (83), Ortayl\u0131\u2019n\u0131n bu iddialar\u0131n\u0131 yalanlad\u0131.<\/p>\n<p>Kendisi ile g\u00f6r\u00fc\u015fen D\u00fbrzan C\u00eerano, Ku\u015fman\u2019\u0131n bu yan\u0131t\u0131n\u0131 YouTube ve di\u011fer sosyal medya hesaplar\u0131ndan payla\u015ft\u0131.<\/p>\n<p>Ku\u015fman, \u201cHuri devleti y\u0131k\u0131ld\u0131ktan sonra b\u00f6l\u00fcnd\u00fcler, bug\u00fcnk\u00fc a\u015firetler gibi, da\u011f\u0131ld\u0131lar. Baz\u0131lar\u0131 Asur\u2019a, baz\u0131lar\u0131 \u0130skit\u2019e, baz\u0131lar\u0131 Med\u2019e. K\u0131tl\u0131k ya\u015fand\u0131\u011f\u0131nda Trans Kafkas\u2019tan bir \u00e7ok millet de bu tarafa geldi. Urartular devlet in\u015fa ettiklerinde s\u0131n\u0131rlar\u0131 Van G\u00f6l\u00fc, Ermenistan G\u00f6l\u00fc ve \u0130ran G\u00f6l\u00fc (Urumiye) aras\u0131ndaki b\u00f6lgeye yerle\u015fti\u201d dedi.<\/p>\n<p>\u201cUrartular K\u00fcrt\u2019t\u00fcr, Huriler de K\u00fcrt\u2019t\u00fcr. Bu kale (\u00c7avu\u015ftepe), Van Kalesi de K\u00fcrtlerin, Urartular\u0131n ba\u015fkentidir. T\u00fcrkiye, \u0130ran, Irak, Suriye ve Ermenistan\u2019da K\u00fcrtlerin 60 kales var\u201d diyen Ku\u015fman, \u201cKesinlikle \u00c7erkeslerle bir alakalar\u0131 yok\u201d diye konu\u015ftu.<\/p>\n<p>Mehmet Ku\u015fman, \u201cSen \u00c7erkez misin?\u201d sorusuna, \u201cYok can\u0131m, ben de K\u00fcrd\u00fcm\u201d diye yan\u0131t verdi.<\/p>\n<p>&nbsp;<\/p>\n<p>&nbsp;<\/p>\n<\/div>\n<div class=\"status-owner text-secondary\">Nerina Azad<\/div>\n<\/div>\n","protected":false},"excerpt":{"rendered":"<p>D\u00fcnyada Urartuca&#8217;y\u0131 bilen az say\u0131da insandan biri olan Mehmet Ku\u015fman Ortayl\u0131&#8217;n\u0131n iddialar\u0131na yan\u0131t verdi. D\u00fcnyada Urartuca&#8217;y\u0131 bilen az say\u0131da insandan biri olan Mehmet Ku\u015fman, T\u00fcrk tarih\u00e7i \u0130lber Ortayl\u0131\u2019n\u0131n \u201cUrartular \u00c7e\u00e7en&#8217;dir, \u00c7avu\u015ftepe\u2019deki bek\u00e7i Mehmet de\u201d \u015feklindeki iddialar\u0131na ili\u015fkin, \u201cUrartular K\u00fcrt&#8217;t\u00fcr, ben de\u201d yan\u0131t\u0131n\u0131 verdi. T\u00fcrk tarih\u00e7i Prof. Dr. \u0130lber Ortayl\u0131, 2020 y\u0131l\u0131nda YouTube y\u00fcklenen bir seminerde, &hellip;<\/p>\n","protected":false},"author":32,"featured_media":23017,"comment_status":"open","ping_status":"open","sticky":false,"template":"","format":"standard","meta":{"footnotes":""},"categories":[5371],"tags":[6234,5586,6232,6237,5569,6238,117,1616,6236,5570,6233,6235],"class_list":["post-23016","post","type-post","status-publish","format-standard","has-post-thumbnail","","category-alinti-yazilar","tag-bekci-mehmet","tag-cecen","tag-cerkesler","tag-fatih-altayli","tag-huriler","tag-ilber-ortayli","tag-kurtler","tag-manset","tag-ortayli","tag-urartu","tag-urartu-dili","tag-urartu-dilini-bilen"],"_links":{"self":[{"href":"https:\/\/candname.com\/tr\/index.php?rest_route=\/wp\/v2\/posts\/23016","targetHints":{"allow":["GET"]}}],"collection":[{"href":"https:\/\/candname.com\/tr\/index.php?rest_route=\/wp\/v2\/posts"}],"about":[{"href":"https:\/\/candname.com\/tr\/index.php?rest_route=\/wp\/v2\/types\/post"}],"author":[{"embeddable":true,"href":"https:\/\/candname.com\/tr\/index.php?rest_route=\/wp\/v2\/users\/32"}],"replies":[{"embeddable":true,"href":"https:\/\/candname.com\/tr\/index.php?rest_route=%2Fwp%2Fv2%2Fcomments&post=23016"}],"version-history":[{"count":0,"href":"https:\/\/candname.com\/tr\/index.php?rest_route=\/wp\/v2\/posts\/23016\/revisions"}],"wp:featuredmedia":[{"embeddable":true,"href":"https:\/\/candname.com\/tr\/index.php?rest_route=\/wp\/v2\/media\/23017"}],"wp:attachment":[{"href":"https:\/\/candname.com\/tr\/index.php?rest_route=%2Fwp%2Fv2%2Fmedia&parent=23016"}],"wp:term":[{"taxonomy":"category","embeddable":true,"href":"https:\/\/candname.com\/tr\/index.php?rest_route=%2Fwp%2Fv2%2Fcategories&post=23016"},{"taxonomy":"post_tag","embeddable":true,"href":"https:\/\/candname.com\/tr\/index.php?rest_route=%2Fwp%2Fv2%2Ftags&post=23016"}],"curies":[{"name":"wp","href":"https:\/\/api.w.org\/{rel}","templated":true}]}}