{"id":23008,"date":"2023-08-06T15:30:22","date_gmt":"2023-08-06T12:30:22","guid":{"rendered":"https:\/\/candname.com\/tr\/?p=23008"},"modified":"2023-08-06T15:31:07","modified_gmt":"2023-08-06T12:31:07","slug":"seyh-saidin-kardesi-seyh-abdurrahimin-pirandaki-evinde-bulunan-beyanname","status":"publish","type":"post","link":"https:\/\/candname.com\/tr\/?p=23008","title":{"rendered":"\u015eeyh Said&#8217;in karde\u015fi \u015eeyh Abd\u00fcrrahim&#8217;in P\u00eeran&#8217;daki evinde bulunan beyanname"},"content":{"rendered":"<div class=\"xdj266r x11i5rnm xat24cr x1mh8g0r x1vvkbs x126k92a\">\n<div dir=\"auto\">1925&#8217;te \u015eeyh Said&#8217;in karde\u015fi \u015eeyh Abd\u00fcrrahim&#8217;in P\u00eeran&#8217;daki evinde bulunan beyannamenin \u015eark \u0130stiklal Mahkemesi zab\u0131tlar\u0131nda yer alan metni ve orijinal sayfas\u0131:\u00b9<\/div>\n<div dir=\"auto\"><\/div>\n<\/div>\n<div class=\"x11i5rnm xat24cr x1mh8g0r x1vvkbs xtlvy1s x126k92a\">\n<div dir=\"auto\">\u275d&#8230;ve yine di\u011fer tarihsiz ve z\u00eer\u00ee Abdurrah\u00eem, Fahr\u00ee, Mehmed A\u011fazade Bahr\u00ee ve Mustafa bin Z\u00fclf\u00fc o\u011flu Mehmed ve Melam\u00eeyanz\u00e2de Ahmed ve B\u00fcy\u00fck Hac\u0131 A\u011faz\u00e2de Hasan ve Hac\u0131 Bedir A\u011fazade Mehmed ve Diranl\u0131 Sof\u00ee \u00d6merz\u00e2de Mela Bekir ve saire imza ve m\u00fch\u00fcrlerini h\u00e2vi beyanname suret-i musaddakas\u0131 da:<\/div>\n<\/div>\n<div class=\"x11i5rnm xat24cr x1mh8g0r x1vvkbs xtlvy1s x126k92a\">\n<div dir=\"auto\">&#8220;T\u00fcrk Cumhuriyeti\u2019nin \u0130slamiyet\u2019e mu\u011fayir ahv\u00e2l ve harek\u00e2t\u0131 ve bilhassa muhibb-i \u0130slamiyet olan K\u00fcrd e\u015fraf ve hanedan\u0131na reva g\u00f6rmekte oldu\u011fu mezalim ve hakaret ve kin ve nefret birka\u00e7 seneden beri gazete ve evrak-\u0131 resmiyelerinde okunuyor. Bunlar Ermeniler\u2019e yapt\u0131\u011f\u0131 muamele gibi K\u00fcrd m\u00fcteneffiz\u00e2n\u0131na da bir muamele yapmak fikrinde olduklar\u0131 ve hatta ge\u00e7en sene i\u00e7tima eden Meclis-i Mebusan\u2019da bu hususun m\u00fczakere k\u0131l\u0131nd\u0131\u011f\u0131 ve karar verildi\u011fi de mevsuk men\u00e2b\u00eeden istihbar k\u0131l\u0131nm\u0131\u015f ve buna dair bir\u00e7ok al\u00e2im mesbuk ve mevcud bulunmu\u015ftur.<\/div>\n<\/div>\n<div class=\"x11i5rnm xat24cr x1mh8g0r x1vvkbs xtlvy1s x126k92a\">\n<div dir=\"auto\">Salabet-i \u0130slam\u00eeye ve asab\u00eeyet-i K\u00fcrd\u00eeyesi galeyana gelen bir\u00e7ok zevat bir Cemiyet-i \u0130slam\u00eeye te\u015fkil ederek m\u00fcsatakil bir \u0130slam h\u00fck\u00fbmeti v\u00fcc\u00fbda getirmek fikrindedirler. All\u00e2h muvaffakiyet versin. \u00c2min.<\/div>\n<\/div>\n<div class=\"x11i5rnm xat24cr x1mh8g0r x1vvkbs xtlvy1s x126k92a\">\n<div dir=\"auto\">\u0130\u015fte \u0130slamiyet\u2019ten fersah fersah \u0131rak olan, \u00e2ded-i kadim putperestlik d\u00eeni ihy\u00e2 ve ay\u00een-i metrukelerini icraya hatve atan bu T\u00fcrk Laik H\u00fck\u00fbmeti\u2019nin izmihlaline \u00e7al\u0131\u015fanlara an samimul-kalb muavenet-i madd\u00eeye ve beden\u00eeyede bulunaca\u011f\u0131m\u0131z\u0131 ve bu u\u011furda icab eden her t\u00fcrl\u00fc fed\u00e2k\u00e2rl\u0131\u011f\u0131 if\u00e2da teredd\u00fct ve rehavet g\u00f6stermeyece\u011fimizi ve emin oldu\u011fumuz her ferdi, her z\u00e2t\u0131 bu hususa tahrik ve te\u015fvik edece\u011fimizi taahh\u00fcd eyledi\u011fimizden i\u015f bu taahh\u00fcdnamenin zirini bitav&#8217; ve&#8217;r-r\u0131za imza ve temhir eyleriz.&#8221; \u275e \u00b2<\/div>\n<\/div>\n<div class=\"x11i5rnm xat24cr x1mh8g0r x1vvkbs xtlvy1s x126k92a\">\n<div dir=\"auto\">* * *<\/div>\n<div dir=\"auto\">Beyannamede \u00f6zetle; T\u00fcrk Cumhuriyeti\u2019nin \u0130slam&#8217;dan \u00e7\u0131kt\u0131\u011f\u0131 ve \u00f6zellikle K\u00fcrd ileri gelenlerine kar\u015f\u0131 kin ve nefretle hareket etti\u011fi, Ermeniler\u2019e yapt\u0131klar\u0131 muamelenin benzerini K\u00fcrtlerin ileri gelen etkili ki\u015filerine de yapmak istedi\u011fi y\u00f6n\u00fcnde h\u00fck\u00fcmetin karar ald\u0131\u011f\u0131, \u0130slami mukaddesat\u0131 ve K\u00fcrd milliyetini korumak hususunda (salabet-i \u0130slam\u00eeye ve asab\u00eeyet-i K\u00fcrd\u00eeye) biraraya gelen bir\u00e7ok ki\u015finin bu sebeple bir \u0130slami Cemiyet kurararak ba\u011f\u0131ms\u0131z bir h\u00fck\u00fbmet kurmak istediklerini, kendilerinin de onlara yard\u0131m edeceklerine dair taahh\u00fct verdikleri belirtilmektedir.<\/div>\n<\/div>\n<div class=\"x11i5rnm xat24cr x1mh8g0r x1vvkbs xtlvy1s x126k92a\">\n<div dir=\"auto\">Bu P\u00eeran beyannamesi ilkin \u015eark \u0130stiklal Mahkemesi savc\u0131s\u0131 Ahmet S\u00fcreyya \u00d6rgeevren taraf\u0131ndan yay\u0131mlanm\u0131\u015ft\u0131. Her iki metnin de i\u00e7eri\u011fi ayn\u0131d\u0131r; fakat zab\u0131tlarda beyannameyi imzalayanlardan sekiz ki\u015finin ad\u0131na yer verilip gerisine &#8220;vesaire&#8221; denilip k\u0131salt\u0131lm\u0131\u015fken; \u00d6zgeevren&#8217;in kitab\u0131nda on d\u00f6rt isim olarak tamam\u0131 yaz\u0131lm\u0131\u015ft\u0131r.<\/div>\n<\/div>\n<div class=\"x11i5rnm xat24cr x1mh8g0r x1vvkbs xtlvy1s x126k92a\">\n<div dir=\"auto\">Beyannameyi imzalayanlar\u0131n t\u00fcm\u00fcn\u00fcn Zaza K\u00fcrdleri oldu\u011fu ve yine \u00e7o\u011funun Piran b\u00f6lgesinden oldu\u011fu g\u00f6r\u00fclmektedir. \u0130mzalayanlar\u0131n tam listesi\u00b3, M. Malm\u00eesan\u0131j&#8217;\u0131n kitab\u0131nda verdi\u011fi [ek] d\u00fczeltilmi\u015f bilgilerle birlikte \u015f\u00f6yledir:\u2074<\/div>\n<div dir=\"auto\"><img loading=\"lazy\" decoding=\"async\" class=\"alignnone size-full wp-image-23010\" src=\"https:\/\/candname.com\/tr\/wp-content\/uploads\/2023\/08\/beyyanname.jpeg\" alt=\"\" width=\"526\" height=\"877\" \/><\/div>\n<div dir=\"auto\"><\/div>\n<\/div>\n<div class=\"x11i5rnm xat24cr x1mh8g0r x1vvkbs xtlvy1s x126k92a\">\n<div dir=\"auto\">1- Abdull\u00e2h A\u011fazade [Piranl\u0131 Evdal A\u011fa]<\/div>\n<div dir=\"auto\">2- Mustafa ibn-i Z\u00fclf\u00fc o\u011flu Muhammed [Piranl\u0131 Mehmed \u00c7avu\u015f]<\/div>\n<div dir=\"auto\">3- Muhammed A\u011fazade Bahr\u00ee [Piranl\u0131 Bahr\u00ee Mehmed\u00ea \u00cesma\u00eel\u00ee, 1925&#8217;de Xarp\u00eat&#8217;de idam edildi]<\/div>\n<div dir=\"auto\">4- Fahr\u00ee [Piranda ikamet eden Madenli Xoce (Muallim) Fexr\u00ee, 1925 k\u0131yam\u0131nda \u015fehid oldu]<\/div>\n<div dir=\"auto\">5- Abdurrah\u00eem [\u015eeyh Said&#8217;in karde\u015fi, 1937&#8217;de \u015fehid oldu]<\/div>\n<div dir=\"auto\">6- Z\u00fclf\u00fc Perz\u00eed A\u011fazade, [Piran-Bazbendli Z\u0131lf\u00ee P\u00eerzeyd Axay\u00ee]<\/div>\n<div dir=\"auto\">7- Molla \u0130mranz\u00e2de [Piranl\u0131 Molla \u00d6merzade (Melay &#8216;Emer\u00ee)]<\/div>\n<div dir=\"auto\">8- B\u00fcy\u00fck Hac\u0131a\u011faz\u00e2de Hasan [Piranl\u0131 Hesen\u00ea Hec\u00ee Axay\u00ea P\u00eel\u00ee]<\/div>\n<div dir=\"auto\">9- K\u00fcrd\u00eeyanz\u00e2de,<\/div>\n<div dir=\"auto\">10- Sofu \u00d6merzade D\u0131ran\u00ee Molla Bek\u00eer [Piran-D\u00earanl\u0131 Sofu \u00d6merzade Mela Bekir ]<\/div>\n<div dir=\"auto\">11- Mustafa Z\u00fclf\u00fc A\u011faz\u00e2de [Piranl\u0131 M\u0131st\u00ea Z\u0131lfoy Al\u00ee Axay]<\/div>\n<div dir=\"auto\">12- Melam\u00eeyanz\u00e2de Ahmed,<\/div>\n<div dir=\"auto\">13- Hac\u0131 Ali A\u011faz\u00e2de [Piranl\u0131]<\/div>\n<div dir=\"auto\">14- Hac\u0131 Bedir A\u011faz\u00e2de Muhammed [Piran-Bazbendli Hac\u0131 Bedir A\u011fazade Mehmed (Mehmed Hac Bedoy\u00ee)]\u2074<\/div>\n<\/div>\n<div class=\"x11i5rnm xat24cr x1mh8g0r x1vvkbs xtlvy1s x126k92a\">\n<div dir=\"auto\">Kaynaklar:<\/div>\n<div dir=\"auto\">\u00b9 \u015eark \u0130stiklal Mahkemesi (Kararlar ve Mahkeme Zab\u0131tlar\u0131), Cilt 6\/1, Haz. Abdulhekim Ko\u00e7in, TBMM yay\u0131nlar\u0131, Ankara 2016, s. 325<\/div>\n<div dir=\"auto\">\u00b2 Abdulhekim Ko\u00e7in-Ey\u00fcp Ert\u00fcren, \u015eark \u0130stiklal Mahkemesi \u015eeyh Said Davas\u0131 Mahkeme Tutanaklar\u0131, Nobel yay\u0131nlar\u0131, 2020, s. 86<\/div>\n<div dir=\"auto\">\u00b3 Ahmet S\u00fcreyya \u00d6rgeevren, \u015eeyh Sait \u0130syan\u0131 ve \u015eark \u0130stiklal Mahkemesi, Temel Yay, \u0130stanbul 2002, s. 31-32<\/div>\n<div dir=\"auto\">\u2074 Malm\u00eesan\u0131j, 1925&#8217;ten \u00d6nce Ayr\u0131lma Taraftar\u0131 K\u00fcrt \u00d6rg\u00fctleri, Vate yay, 2020, s.161-162.<\/div>\n<div dir=\"auto\"><\/div>\n<div dir=\"auto\"><strong>Bilal Zilan\u0131n Facebook sayfas\u0131ndan al\u0131nt\u0131d\u0131r.<\/strong><\/div>\n<\/div>\n","protected":false},"excerpt":{"rendered":"<p>1925&#8217;te \u015eeyh Said&#8217;in karde\u015fi \u015eeyh Abd\u00fcrrahim&#8217;in P\u00eeran&#8217;daki evinde bulunan beyannamenin \u015eark \u0130stiklal Mahkemesi zab\u0131tlar\u0131nda yer alan metni ve orijinal sayfas\u0131:\u00b9 \u275d&#8230;ve yine di\u011fer tarihsiz ve z\u00eer\u00ee Abdurrah\u00eem, Fahr\u00ee, Mehmed A\u011fazade Bahr\u00ee ve Mustafa bin Z\u00fclf\u00fc o\u011flu Mehmed ve Melam\u00eeyanz\u00e2de Ahmed ve B\u00fcy\u00fck Hac\u0131 A\u011faz\u00e2de Hasan ve Hac\u0131 Bedir A\u011fazade Mehmed ve Diranl\u0131 Sof\u00ee \u00d6merz\u00e2de Mela &hellip;<\/p>\n","protected":false},"author":32,"featured_media":23009,"comment_status":"open","ping_status":"open","sticky":false,"template":"","format":"standard","meta":{"footnotes":""},"categories":[5371],"tags":[6231,117,1616,5574,6230,140,6229,559],"class_list":["post-23008","post","type-post","status-publish","format-standard","has-post-thumbnail","","category-alinti-yazilar","tag-6231","tag-kurtler","tag-manset","tag-seyh-sait","tag-seyh-sait-isyani","tag-zaza","tag-zaza-kurtleri","tag-zazaca"],"_links":{"self":[{"href":"https:\/\/candname.com\/tr\/index.php?rest_route=\/wp\/v2\/posts\/23008","targetHints":{"allow":["GET"]}}],"collection":[{"href":"https:\/\/candname.com\/tr\/index.php?rest_route=\/wp\/v2\/posts"}],"about":[{"href":"https:\/\/candname.com\/tr\/index.php?rest_route=\/wp\/v2\/types\/post"}],"author":[{"embeddable":true,"href":"https:\/\/candname.com\/tr\/index.php?rest_route=\/wp\/v2\/users\/32"}],"replies":[{"embeddable":true,"href":"https:\/\/candname.com\/tr\/index.php?rest_route=%2Fwp%2Fv2%2Fcomments&post=23008"}],"version-history":[{"count":0,"href":"https:\/\/candname.com\/tr\/index.php?rest_route=\/wp\/v2\/posts\/23008\/revisions"}],"wp:featuredmedia":[{"embeddable":true,"href":"https:\/\/candname.com\/tr\/index.php?rest_route=\/wp\/v2\/media\/23009"}],"wp:attachment":[{"href":"https:\/\/candname.com\/tr\/index.php?rest_route=%2Fwp%2Fv2%2Fmedia&parent=23008"}],"wp:term":[{"taxonomy":"category","embeddable":true,"href":"https:\/\/candname.com\/tr\/index.php?rest_route=%2Fwp%2Fv2%2Fcategories&post=23008"},{"taxonomy":"post_tag","embeddable":true,"href":"https:\/\/candname.com\/tr\/index.php?rest_route=%2Fwp%2Fv2%2Ftags&post=23008"}],"curies":[{"name":"wp","href":"https:\/\/api.w.org\/{rel}","templated":true}]}}