{"id":22994,"date":"2023-07-30T11:29:16","date_gmt":"2023-07-30T08:29:16","guid":{"rendered":"https:\/\/candname.com\/tr\/?p=22994"},"modified":"2023-07-15T11:34:29","modified_gmt":"2023-07-15T08:34:29","slug":"22994","status":"publish","type":"post","link":"https:\/\/candname.com\/tr\/?p=22994","title":{"rendered":"Kadiriler ve Nak\u015f\u00eeler; yenilgiler ve aray\u0131\u015flar &#8211; 4"},"content":{"rendered":"<p dir=\"ltr\">K\u00fcrtlerin Osmanl\u0131\u2019n\u0131n basit bir hamlesiyle \u0130ngilizlerin Yeni D\u00fcnya haritas\u0131 yerine stat\u00fckodan yana tav\u0131r koymalar\u0131 onlara bir y\u00fczy\u0131l kaybettirdi. <b>K\u00fcrdistan\u2019a \u00f6zerklik tan\u0131nmas\u0131 ko\u015fuluyla<\/b> \u015eeyh\u00fclislam Haydarizade \u0130brahim Efendi ba\u015fkanl\u0131\u011f\u0131nda bir araya gelen Osmanl\u0131 ve K\u00fcrt heyetlerinin \u00fczerinde anla\u015ft\u0131klar\u0131 konular hi\u00e7bir zaman y\u00fcr\u00fcrl\u00fc\u011fe girmedi. Mondros M\u00fctarekesi\u2019nin imzalanmas\u0131yla Osmanl\u0131\u2019n\u0131n sonuna gelindi ve K\u00fcrtlerin, Paris Bar\u0131\u015f Konferans\u0131\u2019ndaki temsilcileri \u015eerif Pa\u015fa\u2019y\u0131 azletmeleri onlar\u0131n b\u00fcy\u00fck bir cepheyi kaybetmeleri anlam\u0131na geldi.<\/p>\n<p dir=\"ltr\">Osmanl\u0131 \u00f6zellikle Antep, Urfa, Mardin, Diyarbekir ve Musul hatt\u0131ndaki K\u00fcrtleri, \u0130ngilizlere kar\u015f\u0131 \u00e7ekilmek zorunda kalan 6. Kolordu Komutan\u0131 Ali \u0130hsan Pa\u015fa, Van mutasarr\u0131f\u0131 Haydar Bey ve daha sonra Ermeni katliam\u0131 sebebiyle idam edilen Urfa mutasarr\u0131f\u0131 Nusret Bey arac\u0131l\u0131\u011f\u0131yla kontrol alt\u0131na alm\u0131\u015ft\u0131. <b>Milliyet\u00e7i K\u00fcrt cephesi<\/b> bu politikalarla ba\u015f edemeyince Osmanl\u0131\u2019n\u0131n s\u0131n\u0131r\u0131n\u0131n di\u011fer taraf\u0131nda \u0130ran\u2019da \u00e7al\u0131\u015fmalara ba\u015flad\u0131lar.<\/p>\n<p dir=\"ltr\">Sir Arnold Wilson\u2019un aktard\u0131\u011f\u0131na g\u00f6re 1918 Temmuz\u2019unda K\u00fcrtler, Mukri a\u015firetinin lideri <b>Abd\u00fclkas\u0131m Xan \u00f6nc\u00fcl\u00fc\u011f\u00fcnde<\/b> \u0130ngilizlerle g\u00f6r\u00fc\u015fm\u00fc\u015f ve t\u0131pk\u0131 \u015eerif Pa\u015fa\u2019n\u0131n projeksiyonuna uygun \u015fekilde ba\u011f\u0131ms\u0131z K\u00fcrdistan\u2019a kar\u015f\u0131l\u0131k \u0130ngilizlerin arac\u0131l\u0131\u011f\u0131yla Ermenilerle anla\u015fabilecekleri ve kar\u015f\u0131l\u0131kl\u0131 olarak bu iki m\u00fcstakbel devletin birbirini tan\u0131yaca\u011f\u0131na dair g\u00fcvence vermek istemi\u015flerdi.<\/p>\n<p dir=\"ltr\"><b>Mondros M\u00fctarekesi<\/b>\u2019ni gerek\u00e7e g\u00f6steren \u0130ngilizler, 13 Kas\u0131m 1918\u2019de \u0130stanbul\u2019u, iki g\u00fcn sonra Musul\u2019u, Mart 1919\u2019da Urfa ve Cezire b\u00f6lgesini ald\u0131lar. Ekim 1919\u2019da \u0130ngilizler yeni Suriye ve \u00e7evresini Frans\u0131zlara terk ettiler. 1920\u2019de de Frans\u0131zlar T\u00fcrklerle anla\u015ft\u0131lar ve neticede Franklin-Bouillon anla\u015fmas\u0131yla bu teslimat\u0131 onaylad\u0131lar. Bu arada Milli \u0130brahim Pa\u015fa\u2019n\u0131n o\u011flu Mahmut, T\u00fcrk milislerine kar\u015f\u0131 Frans\u0131zlarla yard\u0131m etmi\u015fti. Nitekim Frans\u0131zlar; <b>Urfa, Rasulayn, Mardin, Nusaybin ve Cezire<\/b> eyaletinin t\u00fcm\u00fcn\u00fc kapsayacak bir alanda bir K\u00fcrt Beyli\u011fi kurmay\u0131 kabul etmi\u015f ve ba\u015f\u0131na Mahmut\u2019un ge\u00e7mesini onaylam\u0131\u015flard\u0131. Fakat bu plan da T\u00fcrk-Frans\u0131z ili\u015fkileri \u00e7er\u00e7evesinde rafa kald\u0131r\u0131lm\u0131\u015ft\u0131.<\/p>\n<p dir=\"ltr\">Nak\u015fibendi gelene\u011fin <b>\u0130ngilizlere<\/b> <b>kar\u015f\u0131<\/b> Osmanl\u0131 taraf\u0131ndan manip\u00fcle edilmi\u015f olmas\u0131na kar\u015f\u0131n G\u00fcney K\u00fcrdistan\u2019daki Kadiriler, \u0130ngilizlerle iyi ili\u015fkiler geli\u015ftirmi\u015fler ve \u00f6rne\u011fin Berzenciler ile Talabaniler Osmanl\u0131\u2019yla yeniden b\u00fct\u00fcnle\u015fmeyi ajandalar\u0131ndan \u00e7\u0131karm\u0131\u015f ve teredd\u00fcts\u00fcz bir \u015fekilde \u0130ngiltere yanl\u0131s\u0131 bir politika izlemi\u015flerdir.<\/p>\n<p dir=\"ltr\">\u0130ngilizler, Ba\u011fdat\u2019a girdikleri Mart 1917\u2019den itibaren do\u011fal olarak kuzeye do\u011fru ilerlemi\u015flerdi. K\u00fcrdistan\u2019\u0131n g\u00fcneyinin g\u00fcneyi o s\u0131ralarda Rus i\u015fgaline u\u011fram\u0131\u015f ve sonra tekrar <b>T\u00fcrklerin<\/b> kontrol\u00fcne ge\u00e7mi\u015fti ve \u0130ngilizler Bacelan ve Dilo a\u015firetleriyle zay\u0131f ili\u015fkiler geli\u015ftirmi\u015fler, Ruslar\u0131n b\u00f6lgeden \u00e7ekilmeleri \u00fczerine de Talabaniler ile ittifak kurmu\u015flard\u0131. \u0130ngiliz destekli K\u00fcrt a\u015firetleri Nisan 1918\u2019de T\u00fcrk birlikleriyle Diyala\u2019da sert bir \u00e7at\u0131\u015fmaya girdi ve K\u00fcrtler, T\u00fcrk birliklerine galebe \u00e7ald\u0131. K\u00fcrtlerin ba\u015far\u0131s\u0131 sonras\u0131 Sirwan Nehri dolaylar\u0131nda bir tefti\u015f gezisine \u00e7\u0131kan Binba\u015f\u0131 Goldsmith, burada g\u00fc\u00e7l\u00fc <b>Kadiri \u015feyhi Mahmut Berzenci<\/b>\u2019den \u0130ngiliz himayesinde bir K\u00fcrt devleti kurulmas\u0131n\u0131 teklif eden bir mektup alm\u0131\u015ft\u0131. \u015eeyh, T\u00fcrklerin K\u00fcrdistan\u2019a bir daha girmesine izin verilmemesinin garanti edilmesi kar\u015f\u0131l\u0131\u011f\u0131nda s\u0131n\u0131r\u0131n iki taraf\u0131ndaki b\u00fct\u00fcn K\u00fcrtleri \u0130ngilizler ad\u0131na y\u00f6netebilece\u011fini belirtiyor, kendilerine T\u00fcrk despotlu\u011funa kar\u015f\u0131 K\u00fcrtleri koruduklar\u0131 i\u00e7in te\u015fekk\u00fcr ediyordu.<\/p>\n<p dir=\"ltr\">Bu geli\u015fmenin hemen ertesinde \u015eeyh Mahmud, \u0130ngilizlerin temsilcisi olarak atand\u0131 ve ge\u00e7ici bir h\u00fck\u00fcmet kurmakla g\u00f6revlendirildi. Ne var ki \u015feyhin korktu\u011fu oldu ve \u0130ngilizler, \u0130ran\u2019daki baz\u0131 sorunlar sebebiyle 7 May\u0131s 1918\u2019de ald\u0131klar\u0131 Kerk\u00fck\u2019ten 24 May\u0131s 1918\u2019de \u00e7ekilmek zorunda kald\u0131lar. Bu \u00e7ekilmeden 3 g\u00fcn sonra 27 May\u0131s\u2019ta T\u00fcrkler tekrar Kerk\u00fck\u2019\u00fc i\u015fgal etti ve S\u00fcleymaniye\u2019yi ele ge\u00e7irdiler. \u0130ngilizlerle i\u015fbirli\u011fi yapm\u0131\u015f olan \u015eeyh Mahmut tutukland\u0131 ve <b>Kerk\u00fck\u2019te<\/b> hapse konuldu, dahas\u0131 itibar kayb\u0131 ya\u015fayarak g\u00fcl\u00fcn\u00e7 duruma d\u00fc\u015ft\u00fc. T\u00fcrkler yeniden b\u00f6lgede ter\u00f6r estirdiler ama \u015eeyhe dokunmak yerine onu bir s\u00fcre sonra serbest b\u0131rak\u0131p uzla\u015fma yoluna gittiler. Neticede b\u00f6lgede tekrar T\u00fcrklere sempati geli\u015fti ve \u00fcmmet\u00e7ilik propagandas\u0131 yap\u0131lmaya ba\u015fland\u0131. \u0130ngilizler ise itibar kaybetmekle kalmay\u0131p y\u00fcz\u00fcst\u00fc b\u0131rakt\u0131klar\u0131 <b>Hemawend<\/b> a\u015fireti gibi kal\u0131c\u0131 d\u00fc\u015fmanlar edinmi\u015f oldular.<\/p>\n<p dir=\"ltr\">\u0130ngilizler Mondros M\u00fctarekesi\u2019nin 7. Maddesi gere\u011fi 15 Kas\u0131m 1918\u2019de Musul\u2019a girdi\u011finde, Kerk\u00fck\u2019\u00fcn de k\u0131sa bir s\u00fcre sonra d\u00fc\u015fece\u011fi kesinle\u015fti. <b>S\u00fcleymaniye\u2019deki<\/b> Osmanl\u0131 valisi iki g\u00fcn sonra \u015fehri \u015eeyh Mahmut Berzenci\u2019ye teslim ederek memurlar\u0131n\u0131 Hakkari\u2019ye \u00e7ekti. \u015eeyh, Ba\u011fdat\u2019taki \u0130ngiliz misyonuna mektuplar g\u00f6ndererek kald\u0131klar\u0131 yerden devam edebileceklerini, K\u00fcrtlerin ba\u011f\u0131ms\u0131zl\u0131\u011f\u0131na ula\u015ft\u0131r\u0131lm\u0131\u015f halklar listesine tekrar eklenmesi gerekti\u011fini belirtti.<\/p>\n<p dir=\"ltr\">Neticede 2 Aral\u0131k 1918\u2019de \u0130ngilizler, S\u00fcleymaniye\u2019de altm\u0131\u015f dolay\u0131nda K\u00fcrt a\u015firet liderinin kat\u0131ld\u0131\u011f\u0131 bir toplant\u0131 yapt\u0131 ve Mahmut Berzenci\u2019yi <b>Erbil\u2019in<\/b> kuzeybat\u0131s\u0131ndan ge\u00e7en B\u00fcy\u00fck Zap ile Diyala nehirleri aras\u0131ndaki topraklar\u0131n h\u00fck\u00fcmdar\u0131 olarak tan\u0131d\u0131klar\u0131 bir belgeyi imzalad\u0131lar. Fakat \u00e7ok k\u0131sa bir s\u00fcre sonra \u015eeyh Mahmut ile \u0130ngilizler aras\u0131nda yetkiler sebebiyle anla\u015fmazl\u0131k ba\u015f g\u00f6sterdi.<\/p>\n<p dir=\"ltr\"><b>D\u00f6nemin \u0130ngiliz belgeleri<\/b> \u015eeyhin kendisine tevdi edilen g\u00f6revi bir t\u00fcr kadrola\u015fmak olarak alg\u0131lad\u0131\u011f\u0131n\u0131, liyakat yerine akraba ve m\u00fcritlerini memur olarak atad\u0131\u011f\u0131n\u0131, \u0130ngiliz idaresi taraf\u0131ndan olu\u015fturulan K\u00fcrt askeri birliklerini \u015fahs\u0131na ba\u011fl\u0131l\u0131k yemini etmeleri konusunda zorlad\u0131\u011f\u0131n\u0131, \u015eeyhin \u0130ngilizlerin yetki belgesinde belirledi\u011fi Zap ile Diyala aras\u0131ndaki s\u0131n\u0131rlar\u0131 tan\u0131mad\u0131\u011f\u0131n\u0131, s\u0131n\u0131r\u0131n di\u011fer taraf\u0131nda \u0130ran\u2019da bulunan baz\u0131 a\u015firetleri de kendisine kat\u0131lmak i\u00e7in ikna etti\u011fini ve b\u00f6ylece uluslararas\u0131 bir soruna d\u00f6n\u00fc\u015fmesinden bahsediyor. Y\u0131llarca Berzencilerle sorunlu bir ge\u00e7mi\u015fe sahip Caf a\u015firetinin hanesinde hizmetli olarak bulunan ve daha sonra <b>Binba\u015f\u0131 Noel<\/b> yerine S\u00fcleymaniye Siyasi Komiserli\u011fi\u2019ne atanan Soane, \u015eeyhi deli olmakla su\u00e7lay\u0131p ondan \u00e7ok\u00e7a hakaret ile bahseder. <b>Sir Arnold Wilson<\/b> ise \u015feyhin s\u00fcrekli olarak Wilson \u0130lkeleri\u2019ni tekrar edip durdu\u011funu, ba\u011f\u0131ms\u0131zl\u0131k ve \u00f6zerkli\u011fin K\u00fcrtlerin hakk\u0131 oldu\u011funu, kendisinin a\u015firet liderlerinin imzas\u0131yla bu yetkide oldu\u011funu belirtti\u011fini s\u00f6yl\u00fcyor.<\/p>\n<p dir=\"ltr\">Mart 1919\u2019da Ba\u011fdat\u2019ta siyasi komiserler taraf\u0131ndan al\u0131nan bir kararla Kifri, Kerk\u00fck ve Caf b\u00f6lgesi S\u00fcleymaniye\u2019den al\u0131narak \u0130ngilizlerin do\u011frudan denetimine verildi ve \u015feyhin yetkileri de s\u0131n\u0131rland\u0131r\u0131ld\u0131. \u015eeyh buna 23 May\u0131s 1919\u2019da Merivan ve Hewreman a\u015firetlerinden olu\u015fturdu\u011fu bir kuvvetle S\u00fcleymaniye\u2019deki birliklere sald\u0131r\u0131 d\u00fczenleyerek cevap verdi ve birka\u00e7 saat i\u00e7inde \u015fehri ele ge\u00e7irdi. \u015eehirdeki \u0130ngiliz g\u00f6revlilerin t\u00fcm\u00fcn\u00fc hapse att\u0131rd\u0131, Kerk\u00fck\u2019le telgraf ba\u011flant\u0131s\u0131n\u0131 kesti ve hazineye el koydu. \u0130ngiliz bayra\u011f\u0131n\u0131 indirerek Siyasi B\u00fcro\u2019nun g\u00f6nderine ye\u015fil zemin \u00fczerinde k\u0131rm\u0131z\u0131 bir hilalin yer ald\u0131\u011f\u0131 kendi bayra\u011f\u0131n\u0131 \u00e7ekti ve di\u011fer il\u00e7elere kendi kaymakamlar\u0131n\u0131 atad\u0131.<\/p>\n<p dir=\"ltr\">\u0130l\u00e7elerdeki \u0130ngiliz birlikleri bu ani sald\u0131r\u0131lar kar\u015f\u0131s\u0131nda Xaneq\u00een ve Kerk\u00fck\u2019e geri \u00e7ekilmek zorunda kald\u0131lar. \u015eeyhin le\u015fkerleri birka\u00e7 h\u00fck\u00fcmet konvoyunu ele ge\u00e7irdi ve Tasl\u00fbca\u2019da \u0130ngilizleri bozguna u\u011fratarak b\u00fcy\u00fck bir z\u0131rhl\u0131 ara\u00e7 filosuna, b\u00fcy\u00fck miktarda silaha sahip oldu. Haber h\u0131zla yay\u0131ld\u0131 ve s\u0131n\u0131r\u0131n di\u011fer taraf\u0131nda baz\u0131 <b>K\u00fcrt a\u015firetleri<\/b>, birle\u015fik bir ba\u011f\u0131ms\u0131z K\u00fcrdistan i\u00e7in ayakland\u0131. Ne var ki \u0130ngilizler iki tugayl\u0131k bir orduyla 17 Haziran 1919\u2019da \u015eeyh Mahmud\u2019a y\u00f6nelik bir kara harek\u00e2t\u0131 ba\u015flatt\u0131lar ve Derbend\u00ee Baziyan m\u0131nt\u0131kas\u0131nda \u015eeyhi yenilgiye u\u011fratt\u0131lar. \u015eeyh Mahmut, a\u011f\u0131r yaral\u0131 bir \u015fekilde esir al\u0131nd\u0131 ve birka\u00e7 saat sonra da S\u00fcleymaniye d\u00fc\u015ft\u00fc.<\/p>\n<p dir=\"ltr\">\u015eeyh Mahmut tedavi edildikten sonra askeri mahkemede yarg\u0131land\u0131 ve idama cezas\u0131na \u00e7arpt\u0131r\u0131ld\u0131. Daha sonra cezas\u0131 hafifletilerek 20 y\u0131l hapse mahkum edildi ve ard\u0131ndan bu ceza 10 y\u0131la d\u00fc\u015f\u00fcr\u00fcld\u00fc ve <b>Hindistan\u2019a<\/b> s\u00fcr\u00fcld\u00fc.<\/p>\n<p dir=\"ltr\">T\u00fcrkler S\u00fcleymaniye\u2019den \u00e7ekilmelerine ra\u011fmen b\u00f6lgeyi do\u011fal olarak takip ediyorlard\u0131. Sonradan ortaya \u00e7\u0131kan belgelere g\u00f6re \u0130ngilizlerin \u015eeyhle s\u00fcrt\u00fc\u015fmeye ba\u015flamas\u0131 \u00fczerine Van Mutasarr\u0131f\u0131 Haydar Bey, 6 May\u0131s 1919\u2019da Dahiliye Nezareti\u2019ne meseleyi bir telgrafla bildirmi\u015f, bu f\u0131rsattan yararlanmay\u0131 \u00f6nermi\u015fti. <b>Halil (Kut) Pa\u015fa<\/b> da \u015eeyh Mahmut\u2019a \u0130ngilizlere kar\u015f\u0131 ba\u015fkald\u0131rmas\u0131 bir mektup g\u00f6ndermi\u015fti ve bu propagandalar \u015eeyh Mahmut Berzenci\u2019yi \u0130ngilizlere kar\u015f\u0131 ba\u011f\u0131ms\u0131zl\u0131k ilan etmeye g\u00f6t\u00fcrm\u00fc\u015ft\u00fc. Asl\u0131nda K\u00fcrtlerin ba\u011f\u0131ms\u0131zl\u0131\u011fa ikna edilmeleri \u00f6nceki b\u00f6l\u00fcmlerde de ele ald\u0131\u011f\u0131m\u0131z gibi T\u00fcrk\u00e7\u00fclerin o d\u00f6neme ait politikas\u0131yd\u0131. T\u00fcrkler bununla hem \u0130ngilizlerin b\u00f6lgeye yerle\u015fmelerini engelliyor, hem ortaya \u00e7\u0131kabilecek bir K\u00fcrdistan\u2019\u0131n \u00f6n\u00fcne ge\u00e7mi\u015f oluyor, hem de K\u00fcrdistan\u2019\u0131n ortaya \u00e7\u0131kmas\u0131 durumunda bunu ilerde <b>T\u00fcrkiye<\/b> ile birle\u015ftirmek i\u00e7in kurguluyorlard\u0131.<\/p>\n<p dir=\"ltr\">\u015eeyh Mahmut\u2019un bu ba\u015fkald\u0131r\u0131s\u0131 her ne kadar K\u00fcrt milliyet\u00e7ili\u011fi ve K\u00fcrtlerin antiemperyalist m\u00fccadeleleri a\u00e7\u0131s\u0131ndan paha bi\u00e7ilmez bir olay olarak g\u00f6r\u00fclse de K\u00fcrtlerin kaderini belirleyecek d\u00f6nemlerde T\u00fcrklerin meseleyi nas\u0131l manip\u00fcle ettiklerine de iyi bir \u00f6rnektir. Nitekim bug\u00fcn bile \u015eeyh Mahmut\u2019un ye\u015fil zemin \u00fczerine k\u0131rm\u0131z\u0131 daire i\u00e7indeki beyaz hilalli bayra\u011f\u0131, K\u00fcrtlerin geleneksel <b>bayrak<\/b> alg\u0131lar\u0131 ve tarihte kulland\u0131klar\u0131 bayraklarla m\u00fcthi\u015f bir uyumsuzluk i\u00e7indedir. \u00d6yledir \u00e7\u00fcnk\u00fc bu bayrak K\u00fcrtlere ait de\u011fildir. \u015eeyh Mahmut bu bayra\u011f\u0131 S\u00fcleymaniye bask\u0131n\u0131nda kullanm\u0131\u015ft\u0131r ama bu bayrak Osmanl\u0131 devletinin 1876\u2019da <b>Abd\u00fclhamit\u2019in<\/b> tahta \u00e7\u0131kmas\u0131 s\u0131ras\u0131nda T\u00fcrk alay bayra\u011f\u0131 olarak tescilledi\u011fi bayrakt\u0131r. \u015eeyhin, T\u00fcrk devletinin telkiniyle \u0130ngilizlere kar\u015f\u0131 ba\u015fkald\u0131rd\u0131\u011f\u0131 d\u00f6nemde bu bayrak tekrar dola\u015f\u0131ma girmi\u015f ve sonra T\u00fcrk Meclisi\u2019nin g\u00f6revlendirmesiyle Rewanduz\u2019da ortaya \u00e7\u0131kacak \u00d6zdemir Pa\u015fa\u2019n\u0131n K\u00fcrdistan\u2019\u0131n g\u00fcneyindeki faaliyetlerinde \u00e7ok\u00e7a kullan\u0131lm\u0131\u015ft\u0131r. Bug\u00fcn bu bayrak bilin\u00e7sizce bir \u015fekilde K\u00fcrtler taraf\u0131ndan da sahiplenilmektedir oysa bu bayrak apa\u00e7\u0131k T\u00fcrklerin K\u00fcrdistan\u2019daki egemenlik iddias\u0131n\u0131n bir par\u00e7as\u0131d\u0131r.<\/p>\n<p dir=\"ltr\">*Resim1: \u015eeyh Mahmud Berzenci ve h\u00fck\u00fcmet \u00fcyeleri S\u00fcleymaniye&#8217;de.<\/p>\n<p dir=\"ltr\">*Resim 2: K\u00fcrt tarihi kaynaklar\u0131nda Berzenci\u2019nin askerleri olarak kabul g\u00f6ren foto\u011frafta asl\u0131nda T\u00fcrk devletinin Revanduz Harekat\u0131\u2019n\u0131n \u00fcyelerini g\u00f6stermektedir.<\/p>\n<p dir=\"ltr\">*Resim 3: 1876 tarihli bir kartpostalda T\u00fcrk devletinin alay bayra\u011f\u0131 g\u00f6r\u00fclmekte.<\/p>\n<p dir=\"ltr\"><strong>Ara\u015ft\u0131rmac\u0131: \u0130brahim Halil Baran\u00a0<\/strong><\/p>\n","protected":false},"excerpt":{"rendered":"<p>K\u00fcrtlerin Osmanl\u0131\u2019n\u0131n basit bir hamlesiyle \u0130ngilizlerin Yeni D\u00fcnya haritas\u0131 yerine stat\u00fckodan yana tav\u0131r koymalar\u0131 onlara bir y\u00fczy\u0131l kaybettirdi. K\u00fcrdistan\u2019a \u00f6zerklik tan\u0131nmas\u0131 ko\u015fuluyla \u015eeyh\u00fclislam Haydarizade \u0130brahim Efendi ba\u015fkanl\u0131\u011f\u0131nda bir araya gelen Osmanl\u0131 ve K\u00fcrt heyetlerinin \u00fczerinde anla\u015ft\u0131klar\u0131 konular hi\u00e7bir zaman y\u00fcr\u00fcrl\u00fc\u011fe girmedi. Mondros M\u00fctarekesi\u2019nin imzalanmas\u0131yla Osmanl\u0131\u2019n\u0131n sonuna gelindi ve K\u00fcrtlerin, Paris Bar\u0131\u015f Konferans\u0131\u2019ndaki temsilcileri \u015eerif Pa\u015fa\u2019y\u0131 &hellip;<\/p>\n","protected":false},"author":55,"featured_media":22995,"comment_status":"open","ping_status":"open","sticky":false,"template":"","format":"standard","meta":{"footnotes":""},"categories":[1084,25],"tags":[6226,117,1616,254,6227,5757,6228],"class_list":["post-22994","post","type-post","status-publish","format-standard","has-post-thumbnail","","category-arastirma","category-tarih","tag-kadiri","tag-kurtler","tag-manset","tag-mir","tag-naksibendi","tag-seyh","tag-tarikat"],"_links":{"self":[{"href":"https:\/\/candname.com\/tr\/index.php?rest_route=\/wp\/v2\/posts\/22994","targetHints":{"allow":["GET"]}}],"collection":[{"href":"https:\/\/candname.com\/tr\/index.php?rest_route=\/wp\/v2\/posts"}],"about":[{"href":"https:\/\/candname.com\/tr\/index.php?rest_route=\/wp\/v2\/types\/post"}],"author":[{"embeddable":true,"href":"https:\/\/candname.com\/tr\/index.php?rest_route=\/wp\/v2\/users\/55"}],"replies":[{"embeddable":true,"href":"https:\/\/candname.com\/tr\/index.php?rest_route=%2Fwp%2Fv2%2Fcomments&post=22994"}],"version-history":[{"count":0,"href":"https:\/\/candname.com\/tr\/index.php?rest_route=\/wp\/v2\/posts\/22994\/revisions"}],"wp:featuredmedia":[{"embeddable":true,"href":"https:\/\/candname.com\/tr\/index.php?rest_route=\/wp\/v2\/media\/22995"}],"wp:attachment":[{"href":"https:\/\/candname.com\/tr\/index.php?rest_route=%2Fwp%2Fv2%2Fmedia&parent=22994"}],"wp:term":[{"taxonomy":"category","embeddable":true,"href":"https:\/\/candname.com\/tr\/index.php?rest_route=%2Fwp%2Fv2%2Fcategories&post=22994"},{"taxonomy":"post_tag","embeddable":true,"href":"https:\/\/candname.com\/tr\/index.php?rest_route=%2Fwp%2Fv2%2Ftags&post=22994"}],"curies":[{"name":"wp","href":"https:\/\/api.w.org\/{rel}","templated":true}]}}