{"id":22981,"date":"2023-07-07T21:00:39","date_gmt":"2023-07-07T18:00:39","guid":{"rendered":"https:\/\/candname.com\/tr\/?p=22981"},"modified":"2023-07-07T21:00:39","modified_gmt":"2023-07-07T18:00:39","slug":"nubihar-akademinin-19-sayisi-cikti","status":"publish","type":"post","link":"https:\/\/candname.com\/tr\/?p=22981","title":{"rendered":"N\u00fbbihar Akadem\u00ee&#8217;nin 19. say\u0131s\u0131 \u00e7\u0131kt\u0131!"},"content":{"rendered":"<p>N\u00fbbihar Akadem\u00ee dergisi on dokuzuncu say\u0131s\u0131yla ara\u015ft\u0131rmac\u0131 ve akademisyenlerle bulu\u015fuyor. Bu say\u0131 ile K\u00fcrt\u00e7e akademik yay\u0131nc\u0131l\u0131kta onuncu y\u0131l\u0131na giren N\u00fbbihar Akadem\u00ee, bundan b\u00f6yle de yoluna tam bir istikrarla devam etmeyi hedeflemektedir.<\/p>\n<p>&nbsp;<\/p>\n<p>N\u00fbbihar Akadem\u00ee\u2019n\u00een bu say\u0131s\u0131, genel konulardaki makaleler d\u0131\u015f\u0131nda Dr. Nurettin Beltekin\u2019in edit\u00f6rl\u00fc\u011f\u00fcn\u00fc \u00fcstlendi\u011fi Zaza K\u00fcrtleri (Kird) konulu bir dosya da i\u00e7ermektedir. Be\u015fi dosya konusuna ait olmak \u00fczere toplamda sekiz makalenin yer ald\u0131\u011f\u0131 bu say\u0131n\u0131n i\u00e7eri\u011fi \u015f\u00f6yledir:<\/p>\n<p>&nbsp;<\/p>\n<p>Ercan \u00c7a\u011flayan,\u00a0 K\u00eetaban\u00ea Cografyay\u00ea Osman\u00eeyan da Zazay\u00ee \u00fb Cografyay\u00ea Zazayan<\/p>\n<p>Harun Bozkurt &amp; \u0130lyas Akman, Het\u00ea Awan\u00ee ra Roman\u00ea Kilama Pep\u00fbg\u00ee<\/p>\n<p>Okan Alay, Anal\u00eez\u00ea Arket\u00eepk\u00ee y\u00ea Sanika Xer\u00eeb \u00fb Nasib<\/p>\n<p>Metin \u00c7ift\u00e7i, \u00c7ar\u00e7ewaya \u00c7ar Fonks\u00eeyon\u00ea Folklor\u00ee da Edet\u00ea D\u00eewan y\u00ea Zazayan<\/p>\n<p>Veysel Hany\u0131ld\u0131z, Kitab\u00ea Mehmed Ar\u00eef\u00ee y\u00ea Binbir Hadis\u00ee da Derheq\u00ea Dersim \u00fb Dersimijan da V\u00eerardi\u015f\u00ea Ey<\/p>\n<p>Nuh Bozkir, Teoriyeke Der\u00fbnasiya Civak\u00ee: Teoriya Helwest\u00ean Bi Bingeh\u00ean Reftar\u00ee<\/p>\n<p>Heval Batu, Fer\u00ee\u015ftenas\u00ee di \u00cazid\u00eet\u00ee \u00fb Yarsan\u00eet\u00eey\u00ea da<\/p>\n<p>Huda Salih, \u00c7areser\u00eeya \u00c7end T\u00eep\u00ean K\u00ea\u015fe li ser di R\u00eaniv\u00eesa Ziman\u00ea Kurd\u00ee da<\/p>\n<p>&nbsp;<\/p>\n<p>Y\u0131lda iki kez yay\u0131nlanan N\u00fbbihar Akadem\u00ee hem bas\u0131l\u0131 hem de dijital ortamda okuyucular\u0131n istifadesine sunulmaktad\u0131r.<\/p>\n<p>&nbsp;<\/p>\n<p>N\u00fbbihar Akadem\u00ee\u2019nin bir sonraki say\u0131s\u0131nda (2023 y\u0131l\u0131n\u0131n ikinci say\u0131s\u0131) Dr. Z\u00fclk\u00fcf Erg\u00fcn\u2019\u00fcn edit\u00f6rl\u00fc\u011f\u00fcnde &#8220;K\u00fcrt\u00e7e yaz\u0131m&#8221; konulu bir dosya haz\u0131rlanacakt\u0131r.<\/p>\n<p>&nbsp;<\/p>\n<p>Say\u0131 tam dosyas\u0131 ve makale metinlerine ula\u015fmak i\u00e7in a\u015fa\u011f\u0131daki linki t\u0131klay\u0131n\u0131z:<\/p>\n<p>&nbsp;<\/p>\n<p><a href=\"https:\/\/dergipark.org.tr\/tr\/pub\/nubihar\">https:\/\/dergipark.org.tr\/tr\/pub\/nubihar<\/a><\/p>\n<p>&nbsp;<\/p>\n<p>N\u00dbBIHAR AKADEM\u00ce H\u00dbMARA 19INE<\/p>\n<p>&nbsp;<\/p>\n<p>H\u00fbmara 19ine ya N\u00fbbihar Akadem\u00ee vej\u00eeyaye!<\/p>\n<p>&nbsp;<\/p>\n<p>Kovara N\u00fbbihar Akadem\u00ee bi h\u00fbmara xo ya new\u00easine (h\u00fbmara yewine ya serra desine) vera cig\u00earayox \u00fb akadem\u00eesyenan de ya. N\u00fbbihar Akadem\u00ee bi na h\u00fbmara xo, we\u015fanger\u00eeya akadem\u00eek a bi kurdk\u00ee de kewena des serr\u00eeya xo \u00fb wazena ke nika ra pey z\u00ee raywan\u00eeya xo bi \u00eest\u00eeqrar\u00eako tam bidomno.<\/p>\n<p>&nbsp;<\/p>\n<p>Na h\u00fbmare de nu\u015fteyan\u00ea babetan\u00ea p\u00earoy\u00eeyan reyde dosyay\u00eaka taybete ya Kurdan\u00ea Zazayan (Kirdan) ser o esta ke bin\u00ea ed\u00eetor\u00eeya Dr. Nurettin Beltek\u00een\u00ee de amade b\u00eeya. H\u00fbmare de panc heb\u00ee y\u00ea dosyaya Kurdan\u00ea Zazayan ra p\u00earo p\u00eeya he\u015ft meqaley\u00ee est\u00ea.<\/p>\n<p>&nbsp;<\/p>\n<p>Tedey\u00eeya h\u00fbmara new\u00easine ya N\u00fbbihar Akadem\u00ee wina yo:<\/p>\n<p>&nbsp;<\/p>\n<p>Ercan \u00c7a\u011flayan,\u00a0 K\u00eetaban\u00ea Cografyay\u00ea Osman\u00eeyan de Zazay\u00ee \u00fb Cografyay\u00ea Zazayan<\/p>\n<p>Harun Bozkurt &amp; \u0130lyas Akman, Het\u00ea Awan\u00ee ra Roman\u00ea Kilama Pep\u00fbg\u00ee<\/p>\n<p>Okan Alay, Anal\u00eez\u00ea Arket\u00eepk\u00ee y\u00ea Sanika Xer\u00eeb \u00fb Nasib<\/p>\n<p>Metin \u00c7ift\u00e7i, \u00c7ar\u00e7ewaya \u00c7ar Fonks\u00eeyon\u00ea Folklor\u00ee da Edet\u00ea D\u00eewan y\u00ea Zazayan<\/p>\n<p>Veysel Hany\u0131ld\u0131z, Kitab\u00ea Mehmed Ar\u00eef\u00ee y\u00ea Binbir Hadis\u00ee da Derheq\u00ea Dersim \u00fb Dersimijan da V\u00eerardi\u015f\u00ea Ey<\/p>\n<p>Nuh Bozkir, Teoriyeke Der\u00fbnasiya Civak\u00ee: Teoriya Helwest\u00ean Bi Bingeh\u00ean Reftar\u00ee<\/p>\n<p>Heval Batu, Fer\u00ee\u015ftenas\u00ee di \u00cazid\u00eet\u00ee \u00fb Yarsan\u00eet\u00eey\u00ea da<\/p>\n<p>Huda Salih \u00c7areser\u00eeya \u00c7end T\u00eep\u00ean K\u00ea\u015fe li ser di R\u00eaniv\u00eesa Ziman\u00ea Kurd\u00ee da<\/p>\n<p>&nbsp;<\/p>\n<p>N\u00fbbihar Akadem\u00eeya ke serr de di rey we\u015fan\u00eeyena, hem bi ray\u00eer\u00ea \u00e7ap\u00ee hem z\u00ee bi haway\u00eako d\u00eej\u00eetal resena dest\u00ea wendoxan.<\/p>\n<p>&nbsp;<\/p>\n<p>Dosyaya h\u00fbmara ke yena (h\u00fbmara d\u00eeyine ya serra 2023\u00ee) do bin\u00ea ed\u00eetor\u00eeya Dr. Z\u00fclk\u00fcf Erg\u00fcn\u00ee de babeta \u201cRastnu\u015fti\u015f\u00ea Kurd\u00ee\u201d b\u00earo amade kerdene.<\/p>\n<p>&nbsp;<\/p>\n<p>https:\/\/dergipark.org.tr\/tr\/pub\/nubihar<\/p>\n<p>&nbsp;<\/p>\n","protected":false},"excerpt":{"rendered":"<p>N\u00fbbihar Akadem\u00ee dergisi on dokuzuncu say\u0131s\u0131yla ara\u015ft\u0131rmac\u0131 ve akademisyenlerle bulu\u015fuyor. Bu say\u0131 ile K\u00fcrt\u00e7e akademik yay\u0131nc\u0131l\u0131kta onuncu y\u0131l\u0131na giren N\u00fbbihar Akadem\u00ee, bundan b\u00f6yle de yoluna tam bir istikrarla devam etmeyi hedeflemektedir. &nbsp; N\u00fbbihar Akadem\u00ee\u2019n\u00een bu say\u0131s\u0131, genel konulardaki makaleler d\u0131\u015f\u0131nda Dr. Nurettin Beltekin\u2019in edit\u00f6rl\u00fc\u011f\u00fcn\u00fc \u00fcstlendi\u011fi Zaza K\u00fcrtleri (Kird) konulu bir dosya da i\u00e7ermektedir. Be\u015fi dosya &hellip;<\/p>\n","protected":false},"author":32,"featured_media":22982,"comment_status":"open","ping_status":"open","sticky":false,"template":"","format":"standard","meta":{"footnotes":""},"categories":[5357],"tags":[1616,180,1271],"class_list":["post-22981","post","type-post","status-publish","format-standard","has-post-thumbnail","","category-yayincilik","tag-manset","tag-nubihar","tag-nubihar-akademi"],"_links":{"self":[{"href":"https:\/\/candname.com\/tr\/index.php?rest_route=\/wp\/v2\/posts\/22981","targetHints":{"allow":["GET"]}}],"collection":[{"href":"https:\/\/candname.com\/tr\/index.php?rest_route=\/wp\/v2\/posts"}],"about":[{"href":"https:\/\/candname.com\/tr\/index.php?rest_route=\/wp\/v2\/types\/post"}],"author":[{"embeddable":true,"href":"https:\/\/candname.com\/tr\/index.php?rest_route=\/wp\/v2\/users\/32"}],"replies":[{"embeddable":true,"href":"https:\/\/candname.com\/tr\/index.php?rest_route=%2Fwp%2Fv2%2Fcomments&post=22981"}],"version-history":[{"count":0,"href":"https:\/\/candname.com\/tr\/index.php?rest_route=\/wp\/v2\/posts\/22981\/revisions"}],"wp:featuredmedia":[{"embeddable":true,"href":"https:\/\/candname.com\/tr\/index.php?rest_route=\/wp\/v2\/media\/22982"}],"wp:attachment":[{"href":"https:\/\/candname.com\/tr\/index.php?rest_route=%2Fwp%2Fv2%2Fmedia&parent=22981"}],"wp:term":[{"taxonomy":"category","embeddable":true,"href":"https:\/\/candname.com\/tr\/index.php?rest_route=%2Fwp%2Fv2%2Fcategories&post=22981"},{"taxonomy":"post_tag","embeddable":true,"href":"https:\/\/candname.com\/tr\/index.php?rest_route=%2Fwp%2Fv2%2Ftags&post=22981"}],"curies":[{"name":"wp","href":"https:\/\/api.w.org\/{rel}","templated":true}]}}