{"id":22969,"date":"2023-06-30T07:13:37","date_gmt":"2023-06-30T04:13:37","guid":{"rendered":"https:\/\/candname.com\/tr\/?p=22969"},"modified":"2023-06-26T21:17:58","modified_gmt":"2023-06-26T18:17:58","slug":"3-bin-yillik-zerzevan-kalesinin-altinda-devasa-yapilar-tespit-edildi","status":"publish","type":"post","link":"https:\/\/candname.com\/tr\/?p=22969","title":{"rendered":"3 bin y\u0131ll\u0131k Zerzevan Kalesi\u2019nin alt\u0131nda devasa yap\u0131lar tespit edildi"},"content":{"rendered":"<p><strong>Diyarbak\u0131r&#8217;da bulunan Roma\u2019n\u0131n 3 bin y\u0131ll\u0131k garnizonu Zerzevan Kalesi\u2019nin alt\u0131nda jeoradar ile devasa yap\u0131lar bulundu.<\/strong><\/p>\n<div class=\"status-message\">\n<div>\u00c7\u0131nar il\u00e7esi Diyarbak\u0131r-Mardin Karayolu \u00fczerinde yer alalan Zerzevan Kalesi&#8217;nin, Roma\u2019n\u0131n s\u0131n\u0131r garnizonu olan 3 bin y\u0131ll\u0131k tarihi Asur D\u00f6nemi\u2019ne (M\u00d6 882-611) kadar var\u0131yor. Roma D\u00f6nemi\u2019ne M.S. 3. y\u00fczy\u0131lda Severuslar D\u00f6nemi\u2019nde (MS 198-235) as\u0131l askeri yerle\u015fim in\u015fa edilen kale, 639 y\u0131l\u0131na \u0130slam ordular\u0131n\u0131n fethine kadar kesintisiz kullan\u0131ld\u0131.<\/div>\n<div><\/div>\n<div>Bin 200 metre uzunlu\u011funda, 12-15 metre y\u00fcksekli\u011finde surlarla \u00e7evrelenmi\u015f askeri yerle\u015fimde, kamu yap\u0131lar\u0131n\u0131n bulundu\u011fu g\u00fcney alanda, 21 metre y\u00fcksekli\u011finde g\u00f6zetleme ve savunma kulesi (g\u00fcney kule), kilise, y\u00f6netim binas\u0131, arsenal, kaya suna\u011f\u0131 gibi mimari kal\u0131nt\u0131lar yer al\u0131yor. Kuzeyinde ise cadde-sokaklar ve konutlar takip ediyor. Konutlar\u0131n bulundu\u011fu alanda ayn\u0131 zamanda su sarn\u0131\u00e7lar\u0131, yeralt\u0131 kilisesi, yer alt\u0131 s\u0131\u011f\u0131na\u011f\u0131, d\u00fcnyada bulunmu\u015f, Roma\u2019n\u0131n do\u011fu s\u0131n\u0131r\u0131ndaki Mithras Tap\u0131na\u011f\u0131 tespit edildi. Surlar\u0131n d\u0131\u015f\u0131nda ise yerle\u015fime su sa\u011flayan kanallar, sunu \u00e7anaklar\u0131 ve ta\u015f ocaklar\u0131, nekropol alan\u0131nda ise kaya mezarlar\u0131 ve tonozlu mezarlar dikkat \u00e7ekiyor.<\/div>\n<div><\/div>\n<div>\n<div><strong>Devasa yap\u0131lar ke\u015ffedildi<\/strong><\/div>\n<div><\/div>\n<div><strong><img decoding=\"async\" src=\"https:\/\/www.weneland.com\/news\/tr\/2023\/06\/05\/1685952790zerzevan.jpg\" alt=\"\" \/><\/strong><\/div>\n<div><\/div>\n<div>Kalede 2014 y\u0131l\u0131nda ba\u015flayan kaz\u0131larla onlarca eser g\u00fcn y\u00fcz\u00fcne \u00e7\u0131kart\u0131ld\u0131. Kaz\u0131 ekibi, jeoradar ile yapt\u0131\u011f\u0131 taramalarla yeralt\u0131nda devasa yapt\u0131lar tespit etti. Mithras Tap\u0131na\u011f\u0131&#8217;n\u0131n gizemine ula\u015fmak i\u00e7in kaz\u0131lar tekrar ba\u015flayacak.<\/div>\n<div><\/div>\n<div>Zerzevan Kalesi Kaz\u0131 Heyeti Ba\u015fkan\u0131 Do\u00e7. Dr. Ayta\u00e7 Co\u015fkun, mevcut yap\u0131larda restorasyon projelerinin tamamland\u0131\u011f\u0131n\u0131, k\u0131sa zaman i\u00e7inde Zerzevan Kalesi\u2019nde g\u00fcney kulede ve b\u00fcy\u00fck kilisede restorasyon \u00e7al\u0131\u015fmalar\u0131 ba\u015flayaca\u011f\u0131n\u0131 s\u00f6yledi.<\/div>\n<div><\/div>\n<div>Bununla birlikte yine kaz\u0131 \u00e7al\u0131\u015fmalar\u0131 devam edece\u011fini belirten Co\u015fkun, \u201c\u00d6nemli alanlar\u0131m\u0131zdan birisi Mithras kutsal alan\u0131nda kaz\u0131 yapaca\u011f\u0131z. Mithras Roma\u2019n\u0131n gizem k\u00fcltt\u00fc. Yaz\u0131l\u0131 bir belgenin olmad\u0131\u011f\u0131 inan\u00e7 sistemi. Mithras ilgili bilinmeyen bir\u00e7ok soruya cevap bulundu\u011funu biliyoruz. Yeni sorular ve merak edilen konular var. Bu y\u0131lsonuna kadar Mithras\u2019\u0131n gizemlerinden bir k\u0131sm\u0131na da yap\u0131lan kaz\u0131larla cevap bulabilece\u011fiz\u201d dedi.<\/div>\n<div><\/div>\n<div>Zerzevan Kalesi\u2019nde b\u00fcy\u00fck bir yer\u00fcst\u00fc \u015fehri oldu\u011funu, \u00e7al\u0131\u015fmayla b\u00fcy\u00fck bir yeralt\u0131 \u015fehri tespit ettiklerini ifade eden Co\u015fkun, \u00f6zelikle yapt\u0131\u011f\u0131m\u0131z jeoradar \u00e7al\u0131\u015fmalarda yeralt\u0131nda devasa yap\u0131lar tespit ettiklerini kaydetti.<\/div>\n<div><\/div>\n<div>4-5 kat yap\u0131lar oldu\u011funa dikkat \u00e7eken Co\u015fkun, \u201c\u0130\u00e7ine binlerce ki\u015finin girebilece\u011fi devasa yap\u0131lar. Yer\u00fcst\u00fc \u015fehrinin daha b\u00fcy\u00fc\u011f\u00fc yeralt\u0131nda alt\u0131nda da kaz\u0131 \u00e7al\u0131\u015fmas\u0131 ba\u015flataca\u011f\u0131z. Zerzevan Kalesi\u2019nde binlerce eser ortaya \u00e7\u0131kart\u0131ld\u0131. \u015eu an 120 tanesi \u0130\u00e7 Kale Arkeoloji M\u00fczesi\u2019nde sergilenmekte. Yak\u0131n zamanda bir m\u00fcze projesi planlan\u0131yor\u201d diye konu\u015ftu.<\/div>\n<\/div>\n<p>&nbsp;<\/p>\n<\/div>\n<div class=\"status-owner text-secondary\"><strong>Nerina Azad<\/strong><\/div>\n","protected":false},"excerpt":{"rendered":"<p>Diyarbak\u0131r&#8217;da bulunan Roma\u2019n\u0131n 3 bin y\u0131ll\u0131k garnizonu Zerzevan Kalesi\u2019nin alt\u0131nda jeoradar ile devasa yap\u0131lar bulundu. \u00c7\u0131nar il\u00e7esi Diyarbak\u0131r-Mardin Karayolu \u00fczerinde yer alalan Zerzevan Kalesi&#8217;nin, Roma\u2019n\u0131n s\u0131n\u0131r garnizonu olan 3 bin y\u0131ll\u0131k tarihi Asur D\u00f6nemi\u2019ne (M\u00d6 882-611) kadar var\u0131yor. Roma D\u00f6nemi\u2019ne M.S. 3. y\u00fczy\u0131lda Severuslar D\u00f6nemi\u2019nde (MS 198-235) as\u0131l askeri yerle\u015fim in\u015fa edilen kale, 639 y\u0131l\u0131na &hellip;<\/p>\n","protected":false},"author":32,"featured_media":22970,"comment_status":"open","ping_status":"open","sticky":false,"template":"","format":"standard","meta":{"footnotes":""},"categories":[25],"tags":[117,1616,6208,6223],"class_list":["post-22969","post","type-post","status-publish","format-standard","has-post-thumbnail","","category-tarih","tag-kurtler","tag-manset","tag-roma","tag-zerzevan"],"_links":{"self":[{"href":"https:\/\/candname.com\/tr\/index.php?rest_route=\/wp\/v2\/posts\/22969","targetHints":{"allow":["GET"]}}],"collection":[{"href":"https:\/\/candname.com\/tr\/index.php?rest_route=\/wp\/v2\/posts"}],"about":[{"href":"https:\/\/candname.com\/tr\/index.php?rest_route=\/wp\/v2\/types\/post"}],"author":[{"embeddable":true,"href":"https:\/\/candname.com\/tr\/index.php?rest_route=\/wp\/v2\/users\/32"}],"replies":[{"embeddable":true,"href":"https:\/\/candname.com\/tr\/index.php?rest_route=%2Fwp%2Fv2%2Fcomments&post=22969"}],"version-history":[{"count":0,"href":"https:\/\/candname.com\/tr\/index.php?rest_route=\/wp\/v2\/posts\/22969\/revisions"}],"wp:featuredmedia":[{"embeddable":true,"href":"https:\/\/candname.com\/tr\/index.php?rest_route=\/wp\/v2\/media\/22970"}],"wp:attachment":[{"href":"https:\/\/candname.com\/tr\/index.php?rest_route=%2Fwp%2Fv2%2Fmedia&parent=22969"}],"wp:term":[{"taxonomy":"category","embeddable":true,"href":"https:\/\/candname.com\/tr\/index.php?rest_route=%2Fwp%2Fv2%2Fcategories&post=22969"},{"taxonomy":"post_tag","embeddable":true,"href":"https:\/\/candname.com\/tr\/index.php?rest_route=%2Fwp%2Fv2%2Ftags&post=22969"}],"curies":[{"name":"wp","href":"https:\/\/api.w.org\/{rel}","templated":true}]}}