{"id":22962,"date":"2023-06-28T07:12:38","date_gmt":"2023-06-28T04:12:38","guid":{"rendered":"https:\/\/candname.com\/tr\/?p=22962"},"modified":"2023-06-24T16:17:04","modified_gmt":"2023-06-24T13:17:04","slug":"dogu-soyleminden-kurd-gercegine","status":"publish","type":"post","link":"https:\/\/candname.com\/tr\/?p=22962","title":{"rendered":"&#8216;Do\u011fu&#8217; S\u00f6yleminden K\u00fcrd Ger\u00e7e\u011fine"},"content":{"rendered":"<div class=\"status-summary\"><span class=\"big-post-text text-default\"><strong>1969\u2019dan itibaren, art\u0131k m\u0131zrak \u00e7uvala s\u0131\u011fmad\u0131; \u201cDo\u011fu\u201d yerine \u201cK\u00fcrd\u201d s\u00f6zc\u00fc\u011f\u00fc kullan\u0131lmaya ba\u015fland\u0131. B\u00fcy\u00fck bir sorun vard\u0131; ad\u0131 da art\u0131k \u201cDo\u011fu Meselesi\u201d, \u201cDo\u011fu Sorunu\u201d de\u011fil, \u201cK\u00fcrd Meselesi\u201d, \u201cK\u00fcrd Sorunu\u201d idi. K\u00fcrdler sorun de\u011fildi ama onlar\u0131n ink\u00e2r\u0131, b\u00fcy\u00fck bir sorun yaratm\u0131\u015ft\u0131&#8230;<\/strong><\/span><\/div>\n<div><\/div>\n<div>\n<div class=\"status-message\">\n<p>T\u00fcrkiye\u2019de K\u00fcrd varl\u0131\u011f\u0131, T\u00fcrkiye Cumhuriyeti Devleti\u2019nin kurulu\u015fundan itibaren tamam\u0131yla ink\u00e2r edildi. Bu ink\u00e2r\u0131n sonucu olarak, 1924-1938 y\u0131llar\u0131 aras\u0131nda, K\u00fcrdlerin sonu\u00e7 al\u0131nmayan \u00e7e\u015fitli direnmeleri oldu. 1938-1958 y\u0131llar\u0131 aras\u0131nda ise Kuzey K\u00fcrdlerinin tamamen suskun kald\u0131\u011f\u0131 bir s\u00fcre\u00e7 ya\u015fand\u0131. Bu s\u00fcre\u00e7te, K\u00fcrdler, kendilerine \u201cK\u00fcrd\u00fcm\u201d bile diyemedi, ba\u015fkalar\u0131 da onlar\u0131 \u201cK\u00fcrd\u201d diye anmad\u0131.<\/p>\n<p>\u0130kinci D\u00fcnya Sava\u015f\u0131 sonras\u0131nda T\u00fcrkiye\u2019de \u00e7ok partili ya\u015fam\u0131n ba\u015flamas\u0131yla, K\u00fcrdler kendilerini k\u0131smen ifade etmeye \u00e7al\u0131\u015f\u0131rken veya ba\u015fkalar\u0131 onlar\u0131 anarken yine do\u011frudan \u201cK\u00fcrd\u201d denmedi\/denemedi; k\u0131y\u0131s\u0131ndan, k\u00f6\u015fesinden ifadeler kullan\u0131ld\u0131. En \u00e7ok kullan\u0131lan\u0131 da K\u00fcrdlerin ya\u015fad\u0131\u011f\u0131 co\u011frafyan\u0131n Anadolu\u2019nun do\u011fusundan olmas\u0131ndan dolay\u0131, \u201c\u015eark\u201d veya \u201cDo\u011fu\u201d kavram\u0131yd\u0131. K\u00fcrd\u2019\u00fcn ad\u0131n\u0131 silmek ad\u0131na, K\u00fcrdlerin ya\u015fad\u0131\u011f\u0131 b\u00f6lge, Anadolu Yar\u0131madas\u0131\u2019n\u0131n devam\u0131 gibi alg\u0131lanmas\u0131 i\u00e7in, b\u00f6lgeye \u201cDo\u011fu Anadolu\u201d, \u201cG\u00fcneydo\u011fu Anadolu\u201d adlar\u0131 uyduruldu.<\/p>\n<p><strong>\u201cDo\u011fu\u201d, g\u00fcne\u015fin do\u011fdu\u011fu y\u00f6n\u00fc ifade eden bir kavramken T\u00fcrkiye\u2019de K\u00fcrd halk\u0131n\u0131n ad\u0131 gibi kullan\u0131ld\u0131! \u00c7\u00fcnk\u00fc K\u00fcrd\u2019\u00fcn ad\u0131 yasakt\u0131.<\/strong>\u00a0Gariptir, bir ulus i\u00e7in \u201cDo\u011fu Halk\u0131\u201d gibi uydurma ifadeler kullan\u0131l\u0131rken bilerek veya bilmeyerek herkes bunu kulland\u0131, kabullendi.<\/p>\n<p>Yirmili, otuzlu y\u0131llarda hi\u00e7 \u00fcniversite \u015fans\u0131 bulamayan T\u00fcrkiye\u2019deki K\u00fcrd gen\u00e7leri, k\u0131rkl\u0131 y\u0131llarda, az da olsa okuma \u015fans\u0131 bulunca, kendi kimliklerinin fark\u0131na varmaya ba\u015flad\u0131lar. 1940\u2019l\u0131 y\u0131llar\u0131n ba\u015f\u0131nda,\u00a0<em>Mustafa Remzi Bucak\u00a0<\/em>ve<em>\u00a0Musa Anter<\/em>\u00a0gibi K\u00fcrd ayd\u0131nlar\u0131n\u0131n y\u00f6netiminde \u0130stanbul\u2019da a\u00e7\u0131lan\u00a0<em>Dicle Talebe Yurdu<\/em>, o y\u0131llarda \u0130stanbul\u2019da okuyan K\u00fcrd \u00f6\u011frenciler i\u00e7in \u00f6nemli bir toplanma merkezi oldu. K\u00fcrd egemenlerinin sisteme daha fazla entegre olmaya ba\u015flad\u0131\u011f\u0131 bu s\u00fcre\u00e7te, bu yurdun \u00e7evresindeki birka\u00e7 ayd\u0131n ve gen\u00e7, \u201cK\u00fcrdl\u00fck\u201d ad\u0131na bir k\u0131v\u0131lc\u0131m \u00e7akmaya \u00e7al\u0131\u015ft\u0131. 1946 y\u0131l\u0131nda, \u0130ran\u2019da Mahabad merkezli kurulan K\u00fcrd Cumhuriyeti, bu k\u00fc\u00e7\u00fck grup taraf\u0131ndan gizli bir sevin\u00e7le kar\u015f\u0131land\u0131. Bunu takip eden y\u0131llarda, sol kulvarda \u00fcnlenen b\u00fcy\u00fck romanc\u0131\u00a0<em>Ya\u015far Kemal<\/em>, b\u00fcy\u00fck \u015fair\u00a0<em>Ahmed Arif<\/em>\u00a0ve \u00fcnl\u00fc Film Y\u00f6netmeni At\u0131f Y\u0131lmaz gibi baz\u0131 K\u00fcrd ayd\u0131nlar\u0131, K\u00fcrd ger\u00e7ekli\u011finden \u00e7ok uzaklardayd\u0131lar.<\/p>\n<p>Ellili y\u0131llarda, ilk siyasal s\u00f6ylem olarak, \u201cDo\u011fu\u2019nun geri kalm\u0131\u015fl\u0131\u011f\u0131\u201d gibi ifadeler kullan\u0131labildi. Bu y\u0131llarda, Demokrat Parti (DP) ve CHP\u2019de bulunan K\u00fcrd milletvekilleri, \u00f6nce \u201c\u015eark Mebuslar\u0131\u201d, sonralar\u0131 \u201cDo\u011fulu Mebuslar\u201d diye adland\u0131r\u0131ld\u0131. Bunlar\u0131n bir k\u0131sm\u0131, kimliklerini ink\u00e2r ederken Diyarbak\u0131r milletvekilleri\u00a0<em>Mustafa Remzi Bucak, Mustafa Ekinci\u00a0<\/em>ve<em>\u00a0Yusuf Azizo\u011flu\u00a0<\/em>ile A\u011fr\u0131 isyanlar\u0131 gazisi\u00a0<em>Halis \u00d6zt\u00fcrk<\/em>\u00a0gibi K\u00fcrd duyarl\u0131l\u0131\u011f\u0131yla bilinenler de vard\u0131. Bunlara \u201cDo\u011fulu\u201d dendi\u011fi gibi, garip bir ifadeyle \u201cDo\u011fucu\u201d de deniyordu.<\/p>\n<p>Ellili ve altm\u0131\u015fl\u0131 y\u0131llarda, K\u00fcrd ve K\u00fcrdistan kavramlar\u0131n\u0131 kullanmamak i\u00e7in; \u00e7ok\u00e7a, \u201cDo\u011fu\u201d, \u201c\u015eark\u201d, \u201cDo\u011fucu\u201d, \u201cDo\u011fuculuk\u201d, \u201cDo\u011fu Halk\u0131\u201d gibi ifadeler kullan\u0131ld\u0131. Bu d\u00f6nemde, Diyarbak\u0131r ve yay\u0131nc\u0131l\u0131\u011f\u0131n merkezi \u0130stanbul\u2019da yay\u0131n yapan gazete ve dergilerin adlar\u0131 da bu tutuma uygundu; \u201c\u015eark Postas\u0131\u201d, \u201c\u015eark Mecmuas\u0131\u201d, \u201cYeni \u015eark\u201d, \u201c\u015eark\u0131n Sesi\u201d, \u201cDo\u011funun Sesi\u201d, \u201cDo\u011fu\u201d \u2026 Altm\u0131\u015fl\u0131 y\u0131llardan itibaren, art\u0131k eski bir s\u00f6zc\u00fck olarak g\u00f6r\u00fclen \u201c\u015eark\u201d yerine, tamam\u0131yla yeni dildeki \u201cDo\u011fu\u201d s\u00f6zc\u00fc\u011f\u00fc kullan\u0131lmaya ba\u015fland\u0131.<\/p>\n<p>27 May\u0131s 1960 Darbesi sonras\u0131nda, olu\u015fan yeni siyasi yap\u0131lanmada, \u201cSolcu K\u00fcrdler\u201d T\u00fcrkiye \u0130\u015f\u00e7i Partisi\u2019nde (T\u0130P\u2019te), \u201dSa\u011fc\u0131 K\u00fcrdler\u201d Yeni T\u00fcrkiye Partisi\u2019nde (YTP\u2019de) yer al\u0131rken adlar\u0131 yine \u201cDo\u011fulu Milletvekilleri\u201d idi.<\/p>\n<p><strong>T\u0130P\u2019teki K\u00fcrd ayd\u0131nlar\u0131na \u201cDo\u011fu Grubu\u201d, K\u00fcrd y\u00fcksek \u00f6\u011frenim gen\u00e7li\u011finin d\u00fczenledi\u011fi gecelere \u201cDo\u011fu Geceleri\u201d, K\u00fcrdlerin d\u00fczenledi\u011fi mitinglere \u201cDo\u011fu Mitingleri\u201d deniyordu.\u00a0 D\u00f6nemin \u00f6nemli K\u00fcrd ayd\u0131nlar\u0131ndan<em>\u00a0Mehmet Emin Bozarslan<\/em>, bu s\u0131ralarda yazd\u0131\u011f\u0131 kitaba \u201cDo\u011funun Sorunlar\u0131\u201d<\/strong><a title=\"\" href=\"https:\/\/m.nerinaazad2.com\/#_ftn1\" name=\"_ftnref1\">[1]<\/a><strong>; Sosyolog<em>\u00a0\u0130smail Be\u015fik\u00e7i<\/em>, \u201cDo\u011fu Anadolu\u2019nun D\u00fczeni\u201d ad\u0131n\u0131 verdiler.<\/strong><a title=\"\" href=\"https:\/\/m.nerinaazad2.com\/#_ftn2\" name=\"_ftnref2\">[2]<\/a><strong>\u00a0K\u00fcrd Y\u00fcksek \u00d6\u011frenim Gen\u00e7li\u011fi \u00f6nc\u00fcl\u00fc\u011f\u00fcnde 1969 y\u0131l\u0131nda kurulan d\u00f6nemin \u00f6nemli K\u00fcrd \u00f6rg\u00fct\u00fcnde de \u201cDo\u011fu\u201d kullan\u0131ld\u0131; \u201c<em>Devrimci Do\u011fu K\u00fclt\u00fcr Ocaklar\u0131 (DDKO)\u201d<\/em><\/strong>\u00a0\u2026<\/p>\n<p>DDKO\u2019nun kuruldu\u011fu 1969 y\u0131l\u0131nda, h\u00e2len \u201cK\u00fcrd\u201d kavram\u0131n\u0131 kullanmak kolay de\u011fildi. DDKO, legal olarak kurulurken K\u00fcrd gen\u00e7leri, \u201cK\u00fcrd\u201d ad\u0131n\u0131 kullanmak istediler. \u0130stanbul DDKO\u2019nun kuruldu\u011fu s\u0131ralarda<a title=\"\" href=\"https:\/\/m.nerinaazad2.com\/#_ftn3\" name=\"_ftnref3\">[3]<\/a>\u00a0\u0130stanbul \u00dcniversitesi\u2019nde \u00f6\u011frenciydim. Arkada\u015flar konuyu uzun uzun tart\u0131\u015ft\u0131lar ancak kanuni zorluklar ve bask\u0131lardan dolay\u0131 \u201cK\u00fcrd\u201d ad\u0131 kullan\u0131lamad\u0131. Ama\u00a0<strong>dost, d\u00fc\u015fman, herkes biliyordu ki, \u00f6rg\u00fct\u00fcn ad\u0131nda kullan\u0131lan \u201cDo\u011fu\u201d s\u00f6zc\u00fc\u011f\u00fc \u201cK\u00fcrd\u201d anlam\u0131ndayd\u0131<\/strong>. O s\u0131ralarda, illegal olarak faaliyet g\u00f6steren T\u00fcrkiye K\u00fcrdistan Demokrat Partisi (TKDP) Antalya Davas\u0131\u2019nda yarg\u0131lanan\u00a0<em>Sait El\u00e7i\u00a0<\/em>ve<em>\u00a0\u015eakir Ep\u00f6zdemir<\/em>\u00a0gibi K\u00fcrd yurtseverleri, savunmalar\u0131nda \u201cDo\u011fu\u201d s\u00f6zc\u00fc\u011f\u00fcn\u00fc kullan\u0131rken K\u00fcrd olduklar\u0131n\u0131 da s\u00f6yl\u00fcyorlard\u0131.<\/p>\n<p>O s\u0131ralarda, maalesef ad\u0131n\u0131 hat\u0131rlayamad\u0131\u011f\u0131m bir arkada\u015f\u0131m\u0131z \u015f\u00f6yle demi\u015fti: \u201c<em>Bizim bir ad\u0131m\u0131z var: K\u00fcrd. Ama bunlar bize hep \u2018Do\u011fulu\u2019 diyorlar, biz de bunu kabul ediyoruz. E\u011fer bizim ad\u0131m\u0131z \u2018Do\u011fu\u2019 ise biz g\u00fcne\u015fiz demektir<\/em>.\u201d<\/p>\n<p><strong>Altm\u0131\u015fl\u0131 y\u0131llar, \u201c<em>Do\u011fu<\/em>\u201d dan \u201c<em>K\u00fcrd<\/em>\u201de, \u201c<em>Do\u011fculuktan<\/em>\u201d \u201c<em>K\u00fcrdl\u00fc\u011fe<\/em>\u201d ge\u00e7me, Musa Anter\u2019in deyimiyle \u201c<em>eksiden s\u0131f\u0131ra ge\u00e7me<\/em>\u201d m\u00fccadelesi \u015feklinde ge\u00e7ti.<\/strong>\u00a0Bu d\u00f6nemde, \u201cDr. \u015eivan\u201d olarak bildi\u011fimiz\u00a0<em>Sait K\u0131rm\u0131z\u0131toprak<\/em>\u00a0da \u201cDo\u011fu\u201d ve \u201cDo\u011fuculuk\u201dtan, \u201cK\u00fcrd\u201d ve \u201cK\u00fcrdistan\u201d ger\u00e7ekli\u011fine ula\u015farak, G\u00fcney\u2019e ge\u00e7ip yeni ve farkl\u0131 bir m\u00fccadele ba\u015flatt\u0131. Maalesef, bu m\u00fccadele b\u00fcy\u00fck talihsizliklerle sonu\u00e7land\u0131.<\/p>\n<p>Belirli bir m\u00fccadele sonucunda, yetmi\u015fli y\u0131llarda,<em>\u00a0Do\u011fu<\/em>\u00a0diye ifade edilen b\u00f6lgede, ad\u0131 yasak K\u00fcrd halk\u0131n\u0131n ya\u015fad\u0131\u011f\u0131n\u0131, dost-d\u00fc\u015fman, herkes kabul etmeye ba\u015flad\u0131. Bu yasa\u011f\u0131n, var olan bir sorunun \u00fcst\u00fcn\u00fc kapatmak i\u00e7in kullan\u0131ld\u0131\u011f\u0131 g\u00f6r\u00fcl\u00fcyordu<strong>.<\/strong>\u00a0Varl\u0131\u011f\u0131 ink\u00e2r edilen bir halk, mitinglerde,\u00a0<em>\u201cBat\u0131\u2019ya fabrika-okul-yol, Do\u011fu\u2019ya komando-jandarma-karakol\u201d, \u201cBat\u0131\u2019ya medeniyet, Do\u011fu\u2019ya cehalet, neden?\u201d, \u201cDo\u011fu s\u00fcrg\u00fcn yeri olmamal\u0131d\u0131r\u201d, \u201cS\u00f6m\u00fcr\u00fcye ve zulme hay\u0131r<\/em>.\u201d diye hayk\u0131r\u0131yordu.<\/p>\n<p><strong>\u00d6zellikle 1969\u2019dan itibaren, art\u0131k m\u0131zrak \u00e7uvala s\u0131\u011fmad\u0131; \u201cDo\u011fu\u201d yerine \u201cK\u00fcrd\u201d s\u00f6zc\u00fc\u011f\u00fc kullan\u0131lmaya ba\u015fland\u0131. B\u00fcy\u00fck bir sorun vard\u0131; ad\u0131 da art\u0131k \u201cDo\u011fu Meselesi\u201d, \u201cDo\u011fu Sorunu\u201d de\u011fil, \u201cK\u00fcrd Meselesi\u201d, \u201cK\u00fcrd Sorunu\u201d idi. K\u00fcrdler sorun de\u011fildi ama onlar\u0131n ink\u00e2r\u0131, b\u00fcy\u00fck bir sorun yaratm\u0131\u015ft\u0131.\u00a0\u00a0\u00a0\u00a0<\/strong><\/p>\n<p>DDKO\u2019lu gen\u00e7ler ve K\u00fcrd ayd\u0131nlar\u0131n\u0131n, 1971-1974 y\u0131llar\u0131nda Diyarbak\u0131r S\u0131k\u0131y\u00f6netim Mahkemesi\u2019nde yarg\u0131lanmalar\u0131 s\u0131ras\u0131nda, art\u0131k \u201cDo\u011fu\u201d gibi suni kavramlar tamamen a\u015f\u0131nd\u0131, \u201c<em>ezop dil<\/em>\u201d<a title=\"\" href=\"https:\/\/m.nerinaazad2.com\/#_ftn4\" name=\"_ftnref4\">[4]<\/a>\u00a0y\u0131k\u0131ld\u0131. B\u00fcy\u00fck sosyolog \u0130smail Be\u015fik\u00e7i\u2019nin verdi\u011fi dersle, \u201cK\u00fcrdistan, b\u00f6l\u00fcnm\u00fc\u015f, par\u00e7alanm\u0131\u015f s\u00f6m\u00fcrgedir\u201d ger\u00e7e\u011fine ula\u015f\u0131ld\u0131. Elbette bu d\u00f6nemde K\u00fcrdlerin d\u00fc\u015f\u00fcnce d\u00fczeyi daha yeni bir geli\u015fme i\u00e7indeydi. Gen\u00e7lik ve ayd\u0131nlar, sol r\u00fczgarlar\u0131n etkisindeydi; muhafazak\u00e2r K\u00fcrdler ise hen\u00fcz K\u00fcrd ger\u00e7e\u011finden uzakt\u0131lar.<\/p>\n<p>O g\u00fcnlerde, \u201cDo\u011fu\u201d s\u00f6zc\u00fc\u011f\u00fc ile de olsa \u00e7ekingen bir dille de olsa baz\u0131 y\u00f6nlerden bu g\u00fcne g\u00f6re daha tutarl\u0131 tutumlar ve talepler de vard\u0131. Sistemden bir kopu\u015f ya\u015fanmamas\u0131na kar\u015f\u0131n \u201cT\u00fcrkiyelile\u015fme\u201d, \u201cOrtak Vatan\u201d, \u201cOrtak \u00d6rg\u00fctlenme\u201d, \u201cBij\u00ee Felankes\u201d de\u011fil; \u201cBat\u0131ya fabrika yol, Do\u011fuya polis, karakol\u201d, \u201cHalklara \u00d6zg\u00fcrl\u00fck\u201d, \u201cKahrolsun S\u00f6m\u00fcrgecilik\u201d, \u201cAyr\u0131 \u00d6rg\u00fctlenme\u201d, \u201cBij\u00ee K\u00fcrdistan\u201d gibi belirleme ve istemler vard\u0131.<\/p>\n<p><strong>1974\u2019ten itibaren kurulan renk renk K\u00fcrd \u00d6rg\u00fctleri, \u201cDo\u011fu\u201dyu \u00e7\u00f6p sepetine at\u0131p, \u201cK\u00fcrd\u201d ve \u201cK\u00fcrdistan\u201d kavramlar\u0131n\u0131 y\u00fcceltmeye ba\u015flad\u0131lar. \u201cBiz ayr\u0131 bir halk\u0131z, ayr\u0131 \u00f6rg\u00fctlenece\u011fiz.\u201d dediler<\/strong>. Di\u011fer taraftan, d\u00fc\u015f\u00fcnce ayr\u0131l\u0131klar\u0131 ve \u00e7\u0131kar \u00e7at\u0131\u015fmalar\u0131 da ba\u015flad\u0131.<\/p>\n<p>Sonra, sonras\u0131, 12 Eyl\u00fcl Darbesi; T\u00fcrk derin akl\u0131 devrede, K\u00fcrd Memed n\u00f6bette. Ve altm\u0131\u015flarda, yetmi\u015flerde \u201cDo\u011fu\u201dyu \u00e7\u00f6p sepetine atan, \u201cBiz ayr\u0131 bir halk\u0131z.\u201d diyen on binleri Diyarbak\u0131r zindan\u0131na toplad\u0131lar\u2026<\/p>\n<p>Seksen sonras\u0131, doksanlar, iki binler, ayr\u0131 birer hik\u00e2ye. Haks\u0131z g\u00fc\u00e7l\u00fc, hakl\u0131 g\u00fc\u00e7s\u00fcz ve bu b\u00f6yle devam edip gidiyor. \u201cDo\u011fu\u201d \u00e7erezi gitti; K\u00fcrdlerin kendilerini bilmemeleri i\u00e7in yeni \u00e7erezler tedav\u00fcle girdi! Maalesef, mixabin\u2026<\/p>\n<p><strong>Celal TEMEL-Nerinaazad2.com dan al\u0131nt\u0131<\/strong><\/p>\n<p>&nbsp;<\/p>\n<p>&nbsp;<\/p>\n<div>\n<p>&nbsp;<\/p>\n<hr align=\"left\" size=\"1\" width=\"33%\" \/>\n<div id=\"ftn1\">\n<p><a title=\"\" href=\"https:\/\/m.nerinaazad2.com\/#_ftnref1\" name=\"_ftn1\">[1]<\/a>\u00a0 Mehmet Emin Bozarslan,\u00a0<em>Do\u011funun Sorunlar\u0131,<\/em>\u00a0Toplum Yay\u0131nlar\u0131, 1966<\/p>\n<\/div>\n<div id=\"ftn2\">\n<p><a title=\"\" href=\"https:\/\/m.nerinaazad2.com\/#_ftnref2\" name=\"_ftn2\">[2]<\/a>\u00a0 \u0130smail Be\u015fik\u00e7i,\u00a0<em>Do\u011fu Anadolu\u2019nun D\u00fczeni<\/em>, E Yay\u0131nlar\u0131, 1969<\/p>\n<\/div>\n<div id=\"ftn3\">\n<p><a title=\"\" href=\"https:\/\/m.nerinaazad2.com\/#_ftnref3\" name=\"_ftn3\">[3]<\/a>\u00a01969 y\u0131l\u0131 ilkbahar aylar\u0131. Ayn\u0131 s\u0131ralarda, paralel olarak Ankara\u2019da da DDKO kurulu\u015f \u00e7al\u0131\u015fmalar\u0131 vard\u0131.<\/p>\n<\/div>\n<div id=\"ftn4\">\n<p><a title=\"\" href=\"https:\/\/m.nerinaazad2.com\/#_ftnref4\" name=\"_ftn4\">[4]<\/a>\u00a0 Ezop dili: Bir ifadenin \u00fcst\u00fcn\u00fc \u00f6rt\u00fcl\u00fc, mecazi \u015fekilde s\u00f6ylemek,<\/p>\n<\/div>\n<\/div>\n<p>&nbsp;<\/p>\n<\/div>\n<div class=\"status-owner text-secondary\"><\/div>\n<\/div>\n","protected":false},"excerpt":{"rendered":"<p>1969\u2019dan itibaren, art\u0131k m\u0131zrak \u00e7uvala s\u0131\u011fmad\u0131; \u201cDo\u011fu\u201d yerine \u201cK\u00fcrd\u201d s\u00f6zc\u00fc\u011f\u00fc kullan\u0131lmaya ba\u015fland\u0131. B\u00fcy\u00fck bir sorun vard\u0131; ad\u0131 da art\u0131k \u201cDo\u011fu Meselesi\u201d, \u201cDo\u011fu Sorunu\u201d de\u011fil, \u201cK\u00fcrd Meselesi\u201d, \u201cK\u00fcrd Sorunu\u201d idi. K\u00fcrdler sorun de\u011fildi ama onlar\u0131n ink\u00e2r\u0131, b\u00fcy\u00fck bir sorun yaratm\u0131\u015ft\u0131&#8230; T\u00fcrkiye\u2019de K\u00fcrd varl\u0131\u011f\u0131, T\u00fcrkiye Cumhuriyeti Devleti\u2019nin kurulu\u015fundan itibaren tamam\u0131yla ink\u00e2r edildi. Bu ink\u00e2r\u0131n sonucu olarak, 1924-1938 &hellip;<\/p>\n","protected":false},"author":32,"featured_media":22963,"comment_status":"open","ping_status":"open","sticky":false,"template":"","format":"standard","meta":{"footnotes":""},"categories":[5371],"tags":[6207,2471,6220,6205,117,1616],"class_list":["post-22962","post","type-post","status-publish","format-standard","has-post-thumbnail","","category-alinti-yazilar","tag-anatolia","tag-dogu-anadolu","tag-dogu-gercegi","tag-guneydogu-anadolu","tag-kurtler","tag-manset"],"_links":{"self":[{"href":"https:\/\/candname.com\/tr\/index.php?rest_route=\/wp\/v2\/posts\/22962","targetHints":{"allow":["GET"]}}],"collection":[{"href":"https:\/\/candname.com\/tr\/index.php?rest_route=\/wp\/v2\/posts"}],"about":[{"href":"https:\/\/candname.com\/tr\/index.php?rest_route=\/wp\/v2\/types\/post"}],"author":[{"embeddable":true,"href":"https:\/\/candname.com\/tr\/index.php?rest_route=\/wp\/v2\/users\/32"}],"replies":[{"embeddable":true,"href":"https:\/\/candname.com\/tr\/index.php?rest_route=%2Fwp%2Fv2%2Fcomments&post=22962"}],"version-history":[{"count":0,"href":"https:\/\/candname.com\/tr\/index.php?rest_route=\/wp\/v2\/posts\/22962\/revisions"}],"wp:featuredmedia":[{"embeddable":true,"href":"https:\/\/candname.com\/tr\/index.php?rest_route=\/wp\/v2\/media\/22963"}],"wp:attachment":[{"href":"https:\/\/candname.com\/tr\/index.php?rest_route=%2Fwp%2Fv2%2Fmedia&parent=22962"}],"wp:term":[{"taxonomy":"category","embeddable":true,"href":"https:\/\/candname.com\/tr\/index.php?rest_route=%2Fwp%2Fv2%2Fcategories&post=22962"},{"taxonomy":"post_tag","embeddable":true,"href":"https:\/\/candname.com\/tr\/index.php?rest_route=%2Fwp%2Fv2%2Ftags&post=22962"}],"curies":[{"name":"wp","href":"https:\/\/api.w.org\/{rel}","templated":true}]}}