{"id":22950,"date":"2023-06-21T21:47:17","date_gmt":"2023-06-21T18:47:17","guid":{"rendered":"https:\/\/candname.com\/tr\/?p=22950"},"modified":"2023-06-21T21:47:40","modified_gmt":"2023-06-21T18:47:40","slug":"yazar-ibrahim-bingolun-zazaki-u-kurmanci-ji-aliye-felsefeya-zimani-ve-kitabi-cikti","status":"publish","type":"post","link":"https:\/\/candname.com\/tr\/?p=22950","title":{"rendered":"Yazar \u0130brahim Bing\u00f6l\u2019\u00fcn \u2018Zazak\u00ee \u00fb Kurmanc\u00ee ji aliy\u00ea felsefeya ziman\u00ee ve\u2019 kitab\u0131 \u00e7\u0131kt\u0131"},"content":{"rendered":"<p>Yazar-akademisyen \u0130brahim Bing\u00f6l\u2019\u00fcn \u201cZazak\u00ee \u00fb Kurmanc\u00ee\u00a0 ji aliy\u00ea felsefeya ziman\u00ee ve\u201d (Dil felsefesi a\u00e7\u0131s\u0131ndan Zazaki ve Kurmanci) kitab\u0131 Avesta Yay\u0131nlar\u0131ndan \u00e7\u0131kt\u0131.<\/p>\n<p>Avesta Yay\u0131nlar\u0131ndan \u00e7\u0131kan yazar \u0130brahim Bing\u00f6l taraf\u0131ndan kaleme al\u0131nan \u201cZazak\u00ee \u00fb Kurmanc\u00ee\u00a0 ji aliy\u00ea felsefeya ziman\u00ee ve\u201d (Dil felsefesi a\u00e7\u0131s\u0131ndan Zazaki ve Kurmanci) kitab\u0131 kitap\u00e7\u0131lardaki yerini ald\u0131.<\/p>\n<p>Kitap 104 sayfadan olu\u015fuyor ve Zazaca ve Kurmanci leh\u00e7elerini kar\u015f\u0131la\u015ft\u0131rmal\u0131 olarak inceliyor.<\/p>\n<p>Kitab\u0131 yazmas\u0131ndaki amac\u0131n\u0131n Zazaca\u2019n\u0131n \u00f6l\u00fcm\u00fcn e\u015fi\u011finde olmas\u0131ndan kaynakl\u0131 oldu\u011funu dile getiren \u0130brahim Bing\u00f6l, bir mucize olmamas\u0131 halinde Zazaca\u2019n\u0131n kurtar\u0131lmayaca\u011f\u0131n\u0131 belirtiyor.<\/p>\n<p>Bing\u00f6l, \u201cBir dili kurtarman\u0131n sadece ayd\u0131nlar\u0131n, bilim adamlar\u0131n\u0131n ve ara\u015ft\u0131rmac\u0131lar\u0131n \u00e7aba ve faaliyetleriyle olmayaca\u011f\u0131n\u0131 biliyoruz. Dil d\u0131\u015f\u0131nda \u00a0di\u011fer bir\u00e7ok fakt\u00f6re de ihtiya\u00e7 vard\u0131r. G\u00f6r\u00fcn\u00fc\u015fe g\u00f6re Zazaca bu fakt\u00f6rlere sahip de\u011fil ve gelecekte de bu fakt\u00f6rlere sahip olmayacak gibi g\u00f6r\u00fcn\u00fcyor\u201d ifadelerine yer veriyor.<\/p>\n<p>Yazar Bing\u00f6 s\u00f6zlerini \u015f\u00f6yle s\u00fcrd\u00fcr\u00fcyor:<\/p>\n<p>\u201cElinizdeki bu \u00e7al\u0131\u015fma yine de elimizden ne geliyorsa yapmal\u0131y\u0131z yakla\u015f\u0131m\u0131n\u0131n bir \u00fcr\u00fcn\u00fcd\u00fcr. Bu \u00e7al\u0131\u015fmada Kurmanci ve Zazacay\u0131 d\u00fcnya g\u00f6r\u00fc\u015f\u00fc ba\u011flam\u0131nda, dilbilim felsefesi ba\u011flam\u0131nda kar\u015f\u0131la\u015ft\u0131rmak ve iki leh\u00e7enin dilbilimsel mant\u0131k a\u00e7\u0131s\u0131ndan ne gibi farkl\u0131l\u0131klar\u0131 ve benzerlikleri oldu\u011funu g\u00f6stermek istedim.\u201d<\/p>\n<p>Yazar ve akademisyen \u0130brahim Bing\u00f6l Artuklu \u00dcniversitesi T\u00fcrkiye&#8217;de Ya\u015fayan Diller Enstit\u00fcs\u00fc K\u00fcrt Dili Ve K\u00fclt\u00fcr\u00fc Anabilim Dal\u0131 \u00f6\u011fretim \u00fcyesi olarak g\u00f6rev y\u00fcr\u00fct\u00fcyor.<\/p>\n<p>Rudaw<\/p>\n","protected":false},"excerpt":{"rendered":"<p>Yazar-akademisyen \u0130brahim Bing\u00f6l\u2019\u00fcn \u201cZazak\u00ee \u00fb Kurmanc\u00ee\u00a0 ji aliy\u00ea felsefeya ziman\u00ee ve\u201d (Dil felsefesi a\u00e7\u0131s\u0131ndan Zazaki ve Kurmanci) kitab\u0131 Avesta Yay\u0131nlar\u0131ndan \u00e7\u0131kt\u0131. Avesta Yay\u0131nlar\u0131ndan \u00e7\u0131kan yazar \u0130brahim Bing\u00f6l taraf\u0131ndan kaleme al\u0131nan \u201cZazak\u00ee \u00fb Kurmanc\u00ee\u00a0 ji aliy\u00ea felsefeya ziman\u00ee ve\u201d (Dil felsefesi a\u00e7\u0131s\u0131ndan Zazaki ve Kurmanci) kitab\u0131 kitap\u00e7\u0131lardaki yerini ald\u0131. Kitap 104 sayfadan olu\u015fuyor ve Zazaca ve &hellip;<\/p>\n","protected":false},"author":32,"featured_media":22951,"comment_status":"open","ping_status":"open","sticky":false,"template":"","format":"standard","meta":{"footnotes":""},"categories":[1746],"tags":[3000,161,1616,559,244],"class_list":["post-22950","post","type-post","status-publish","format-standard","has-post-thumbnail","","category-kitapcilik","tag-avesta","tag-kurmanci","tag-manset","tag-zazaca","tag-zazaki"],"_links":{"self":[{"href":"https:\/\/candname.com\/tr\/index.php?rest_route=\/wp\/v2\/posts\/22950","targetHints":{"allow":["GET"]}}],"collection":[{"href":"https:\/\/candname.com\/tr\/index.php?rest_route=\/wp\/v2\/posts"}],"about":[{"href":"https:\/\/candname.com\/tr\/index.php?rest_route=\/wp\/v2\/types\/post"}],"author":[{"embeddable":true,"href":"https:\/\/candname.com\/tr\/index.php?rest_route=\/wp\/v2\/users\/32"}],"replies":[{"embeddable":true,"href":"https:\/\/candname.com\/tr\/index.php?rest_route=%2Fwp%2Fv2%2Fcomments&post=22950"}],"version-history":[{"count":0,"href":"https:\/\/candname.com\/tr\/index.php?rest_route=\/wp\/v2\/posts\/22950\/revisions"}],"wp:featuredmedia":[{"embeddable":true,"href":"https:\/\/candname.com\/tr\/index.php?rest_route=\/wp\/v2\/media\/22951"}],"wp:attachment":[{"href":"https:\/\/candname.com\/tr\/index.php?rest_route=%2Fwp%2Fv2%2Fmedia&parent=22950"}],"wp:term":[{"taxonomy":"category","embeddable":true,"href":"https:\/\/candname.com\/tr\/index.php?rest_route=%2Fwp%2Fv2%2Fcategories&post=22950"},{"taxonomy":"post_tag","embeddable":true,"href":"https:\/\/candname.com\/tr\/index.php?rest_route=%2Fwp%2Fv2%2Ftags&post=22950"}],"curies":[{"name":"wp","href":"https:\/\/api.w.org\/{rel}","templated":true}]}}