{"id":22926,"date":"2023-06-17T08:11:44","date_gmt":"2023-06-17T05:11:44","guid":{"rendered":"https:\/\/candname.com\/tr\/?p=22926"},"modified":"2023-06-17T08:11:44","modified_gmt":"2023-06-17T05:11:44","slug":"ey-kurtler-2","status":"publish","type":"post","link":"https:\/\/candname.com\/tr\/?p=22926","title":{"rendered":"Ey K\u00fcrtler!"},"content":{"rendered":"<div class=\"xdj266r x11i5rnm xat24cr x1mh8g0r x1vvkbs x126k92a\">\n<div dir=\"auto\">\u00dcstad Said Nursi&#8217;nin K\u00fcrt Teav\u00fcn ve Terakki Gazetesi&#8217;nin 5-12-1908 tarihli yay\u0131nda K\u00fcrt\u00e7e olarak yazd\u0131\u011f\u0131 yaz\u0131n\u0131n T\u00fcrk\u00e7esi:<\/div>\n<\/div>\n<div class=\"x11i5rnm xat24cr x1mh8g0r x1vvkbs xtlvy1s x126k92a\">\n<div dir=\"auto\">Ey K\u00fcrtler!<\/div>\n<\/div>\n<div class=\"x11i5rnm xat24cr x1mh8g0r x1vvkbs xtlvy1s x126k92a\">\n<div dir=\"auto\">Birlikte kuvvet, beraberlikte hayat, karde\u015flikte saadet, h\u00fck\u00fcmette (d\u00fczen\/hukukta) selamet vard\u0131r.<\/div>\n<\/div>\n<div class=\"x11i5rnm xat24cr x1mh8g0r x1vvkbs xtlvy1s x126k92a\">\n<div dir=\"auto\">Birlik ba\u011f\u0131n\u0131 ve sevgi ipini sa\u011flam tutunuz. Ta ki sizi belalardan kurtars\u0131n. \u0130yice dinleyiniz, size bir \u015fey s\u00f6yleyece\u011fim:<\/div>\n<\/div>\n<div class=\"x11i5rnm xat24cr x1mh8g0r x1vvkbs xtlvy1s x126k92a\">\n<div dir=\"auto\">Biliniz ki, \u00fc\u00e7 temel de\u011ferimiz vard\u0131r; kendilerini korumam\u0131z\u0131, bizlerden istemektedirler.<\/div>\n<\/div>\n<div class=\"x11i5rnm xat24cr x1mh8g0r x1vvkbs xtlvy1s x126k92a\">\n<div dir=\"auto\">Birincisi: \u0130slamiyet&#8217;tir ki binlerce \u015fehidin kan\u0131 bedel verilmi\u015ftir.<\/div>\n<\/div>\n<div class=\"x11i5rnm xat24cr x1mh8g0r x1vvkbs xtlvy1s x126k92a\">\n<div dir=\"auto\">\u0130kincisi: \u0130nsaniyettir ki d\u00fcnya\/alem nazar\u0131nda ilmi\/fikri \u00e7al\u0131\u015fmalarla, fazilet ve insaniyetimizle kendimizi d\u00fcnyaya g\u00f6stermeliyiz\/kabul ettirmeliyiz.<\/div>\n<\/div>\n<div class=\"x11i5rnm xat24cr x1mh8g0r x1vvkbs xtlvy1s x126k92a\">\n<div dir=\"auto\">\u00dc\u00e7\u00fcnc\u00fcs\u00fc: Milli kimli\u011fimizdir ki bizim onurumuzdur. Bizler, (bu alandaki) \u00e7al\u0131\u015fmalar\u0131m\u0131zla ve milli kimli\u011fimizi\/k\u00fclt\u00fcr\u00fcm\u00fcz\u00fc koruyarak, iyilikleri ile var olan\/ya\u015fayan ecdad\u0131m\u0131z\u0131n ruhlar\u0131n\u0131 kabirlerinde \u015fad etmeliyiz\/bizimle gurur duymalar\u0131n\u0131 sa\u011flamal\u0131y\u0131z.<\/div>\n<\/div>\n<div class=\"x11i5rnm xat24cr x1mh8g0r x1vvkbs xtlvy1s x126k92a\">\n<div dir=\"auto\">\u00dc\u00e7 d\u00fc\u015fman\u0131m\u0131z da vard\u0131r ki bizi mahvediyorlar:<\/div>\n<div dir=\"auto\"><\/div>\n<\/div>\n<div class=\"x11i5rnm xat24cr x1mh8g0r x1vvkbs xtlvy1s x126k92a\">\n<div dir=\"auto\">Biri, fakirliktir: \u0130stanbul&#8217;daki k\u0131rk bin hamal(K\u00fcrt) bunun delilidir.<\/div>\n<\/div>\n<div class=\"x11i5rnm xat24cr x1mh8g0r x1vvkbs xtlvy1s x126k92a\">\n<div dir=\"auto\">\u0130kincisi, cehalet ve e\u011fitimsizliktir: Bizde binde bir ki\u015finin bile gazete okuyamamas\u0131, bunun g\u00f6stergesidir.<\/div>\n<\/div>\n<div class=\"x11i5rnm xat24cr x1mh8g0r x1vvkbs xtlvy1s x126k92a\">\n<div dir=\"auto\">\u00dc\u00e7\u00fcnc\u00fcs\u00fc: Kendi aram\u0131zdaki d\u00fc\u015fmanl\u0131klar ve ihtilaflar\/ayr\u0131l\u0131klard\u0131r. Bu d\u00fc\u015fmanl\u0131k g\u00fcc\u00fcm\u00fcz\u00fc k\u0131rmakta\/enerjimizi t\u00fcketmektedir. Bizi &#8216;terbiye edilmeyi&#8217; hak eden durumuna d\u00fc\u015f\u00fcr\u00fcyor. H\u00fck\u00fcmet \/Devlet de insafs\u0131zl\u0131\u011f\u0131ndan bize zulmediyor.<\/div>\n<div dir=\"auto\"><\/div>\n<\/div>\n<div class=\"x11i5rnm xat24cr x1mh8g0r x1vvkbs xtlvy1s x126k92a\">\n<div dir=\"auto\">Bunlar\u0131 anlad\u0131ysan\u0131z e\u011fer, biliniz ki \u00e7aremiz \u015fudur: Bizler bu \u00fc\u00e7 de\u011ferimizi yitirmemek ve bu \u00fc\u00e7 d\u00fc\u015fman\u0131 ba\u015f\u0131m\u0131zdan defetmek i\u00e7in, \u015fu \u00fc\u00e7 k\u0131l\u0131c\u0131 ku\u015fanmal\u0131y\u0131z.<\/div>\n<\/div>\n<div class=\"x11i5rnm xat24cr x1mh8g0r x1vvkbs xtlvy1s x126k92a\">\n<div dir=\"auto\">Birinci K\u0131l\u0131\u00e7: E\u011fitim ve okumak.<\/div>\n<\/div>\n<div class=\"x11i5rnm xat24cr x1mh8g0r x1vvkbs xtlvy1s x126k92a\">\n<div dir=\"auto\">\u0130kincisi: Birlik olmak ve milli kimlik bilincine\/sevgisine sahip olmak.<\/div>\n<\/div>\n<div class=\"x11i5rnm xat24cr x1mh8g0r x1vvkbs xtlvy1s x126k92a\">\n<div dir=\"auto\">\u00dc\u00e7\u00fcnc\u00fcs\u00fc: \u00d6zg\u00fcven sahibi bir ki\u015filikle\/\u00f6z g\u00fcc\u00fcne dayanarak giri\u015fimci bir anlay\u0131\u015fla hareket etmek, sefiller\/asalaklar gibi ba\u015fkalara dayanmamak ve umudunu ba\u011flamamak.<\/div>\n<div dir=\"auto\"><\/div>\n<\/div>\n<div class=\"x11i5rnm xat24cr x1mh8g0r x1vvkbs xtlvy1s x126k92a\">\n<div dir=\"auto\">Ve son vasiyet:<\/div>\n<\/div>\n<div class=\"x11i5rnm xat24cr x1mh8g0r x1vvkbs xtlvy1s x126k92a\">\n<div dir=\"auto\">Okumak, okumak, okumak!..<\/div>\n<\/div>\n<div class=\"x11i5rnm xat24cr x1mh8g0r x1vvkbs xtlvy1s x126k92a\">\n<div dir=\"auto\">El ele vermek, el ele vermek, el ele vermek!..<\/div>\n<div dir=\"auto\"><\/div>\n<div dir=\"auto\"><strong>Haz\u0131rlayan: Adnan F\u0131rat<\/strong><\/div>\n<\/div>\n","protected":false},"excerpt":{"rendered":"<p>\u00dcstad Said Nursi&#8217;nin K\u00fcrt Teav\u00fcn ve Terakki Gazetesi&#8217;nin 5-12-1908 tarihli yay\u0131nda K\u00fcrt\u00e7e olarak yazd\u0131\u011f\u0131 yaz\u0131n\u0131n T\u00fcrk\u00e7esi: Ey K\u00fcrtler! Birlikte kuvvet, beraberlikte hayat, karde\u015flikte saadet, h\u00fck\u00fcmette (d\u00fczen\/hukukta) selamet vard\u0131r. Birlik ba\u011f\u0131n\u0131 ve sevgi ipini sa\u011flam tutunuz. Ta ki sizi belalardan kurtars\u0131n. \u0130yice dinleyiniz, size bir \u015fey s\u00f6yleyece\u011fim: Biliniz ki, \u00fc\u00e7 temel de\u011ferimiz vard\u0131r; kendilerini korumam\u0131z\u0131, bizlerden &hellip;<\/p>\n","protected":false},"author":32,"featured_media":22927,"comment_status":"open","ping_status":"open","sticky":false,"template":"","format":"standard","meta":{"footnotes":""},"categories":[65],"tags":[664,1616,903,6202],"class_list":["post-22926","post","type-post","status-publish","format-standard","has-post-thumbnail","","category-forum","tag-bediuzzaman","tag-manset","tag-said-nursi","tag-said-nursi-vasiyeti"],"_links":{"self":[{"href":"https:\/\/candname.com\/tr\/index.php?rest_route=\/wp\/v2\/posts\/22926","targetHints":{"allow":["GET"]}}],"collection":[{"href":"https:\/\/candname.com\/tr\/index.php?rest_route=\/wp\/v2\/posts"}],"about":[{"href":"https:\/\/candname.com\/tr\/index.php?rest_route=\/wp\/v2\/types\/post"}],"author":[{"embeddable":true,"href":"https:\/\/candname.com\/tr\/index.php?rest_route=\/wp\/v2\/users\/32"}],"replies":[{"embeddable":true,"href":"https:\/\/candname.com\/tr\/index.php?rest_route=%2Fwp%2Fv2%2Fcomments&post=22926"}],"version-history":[{"count":0,"href":"https:\/\/candname.com\/tr\/index.php?rest_route=\/wp\/v2\/posts\/22926\/revisions"}],"wp:featuredmedia":[{"embeddable":true,"href":"https:\/\/candname.com\/tr\/index.php?rest_route=\/wp\/v2\/media\/22927"}],"wp:attachment":[{"href":"https:\/\/candname.com\/tr\/index.php?rest_route=%2Fwp%2Fv2%2Fmedia&parent=22926"}],"wp:term":[{"taxonomy":"category","embeddable":true,"href":"https:\/\/candname.com\/tr\/index.php?rest_route=%2Fwp%2Fv2%2Fcategories&post=22926"},{"taxonomy":"post_tag","embeddable":true,"href":"https:\/\/candname.com\/tr\/index.php?rest_route=%2Fwp%2Fv2%2Ftags&post=22926"}],"curies":[{"name":"wp","href":"https:\/\/api.w.org\/{rel}","templated":true}]}}