{"id":22908,"date":"2023-06-09T21:17:38","date_gmt":"2023-06-09T18:17:38","guid":{"rendered":"https:\/\/candname.com\/tr\/?p=22908"},"modified":"2023-06-09T22:13:50","modified_gmt":"2023-06-09T19:13:50","slug":"muslum-uzulmez-dengbej-gulonun-ardindan-kilamlar-yetim-kaldi","status":"publish","type":"post","link":"https:\/\/candname.com\/tr\/?p=22908","title":{"rendered":"M\u00fcsl\u00fcm \u00dcz\u00fclmez: Dengb\u00eaj Gulo\u2019nun Ard\u0131ndan K\u0131lamlar Yetim Kald\u0131!"},"content":{"rendered":"<p>TU TUNEBIYA<br \/>\n<em>Zifqar bira law ma tu tunebya!<\/em><br \/>\n<em>Te ji v\u00ea dinyay\u00ea \u00e7i x\u00ear d\u00eet?..<\/em><br \/>\n<em>Alem di k\u00eaf \u00fb zewq\u00ea da<\/em><br \/>\n<em>Gid\u00eeno te hew derd \u00fb elem t\u00ear d\u00eet!<\/em><br \/>\n<em>Alem di k\u00eaf \u00fb zewq\u00ea da<\/em><br \/>\n<em>Te hew derd\u00ea din\u00ea t\u00ear d\u00eet! (*)<\/em><\/p>\n<p>Dengb\u00eaj Zifqar\u00ea Gulo\u2019nun 30 May\u0131s 2023 g\u00fcn\u00fc vefat edi\u015finin ard\u0131ndan yazd\u0131\u011f\u0131m \u201cDengb\u00eaj Zifqar\u00ea<br \/>\nGulo\u2019nun Ard\u0131ndan&#8230;\u201d ba\u015fl\u0131kl\u0131 makaleme ili\u015fkin \u00e7ok say\u0131da mesaj ald\u0131m. Gelen mesajlarda genellikle<br \/>\nkaybolmakta olan bir sanat\u0131n son temsilcileri olan dengb\u00eaj kay\u0131plar\u0131n\u0131n b\u00fcy\u00fck kay\u0131plar oldu\u011fu;<br \/>\nya\u015fanm\u0131\u015fl\u0131klar\u0131n yaz\u0131ya d\u00f6k\u00fclmeden sesle aktar\u0131m\u0131n\u0131n K\u00fcrtler a\u00e7\u0131s\u0131ndan e\u015fsiz bir de\u011fer ta\u015f\u0131d\u0131\u011f\u0131;<br \/>\ndengb\u00eajlerin s\u00f6zl\u00fc k\u00fclt\u00fcr\u00fcn ta\u015f\u0131y\u0131c\u0131lar\u0131 olduklar\u0131; ya\u015farken kendi ba\u011f\u0131rlar\u0131ndan \u00e7\u0131km\u0131\u015f Gulo gibi<br \/>\ndengb\u00eajlere\/sanat\u00e7\u0131lara K\u00fcrtlerin yeterince sahip \u00e7\u0131kmad\u0131\u011f\u0131&#8230; belirtiliyordu. Gulo\u2019yu \u015fahsen tan\u0131yanlar<br \/>\nise Gulo\u2019nun ayn\u0131 zamanda iyi bir stranb\u00eaj oldu\u011funu; g\u00f6nl\u00fcn\u00fcn yaral\u0131, baht\u0131n\u0131n karal\u0131 oldu\u011funu<br \/>\nk\u0131lamlar\u0131na \u00e7ok g\u00fczel yans\u0131tt\u0131\u011f\u0131n\u0131; kimseye zarar\u0131 olmayan, kendine \u00f6zg\u00fc \u00fctopyas\u0131nda ya\u015fayan nadir<br \/>\ninsanlardan biri oldu\u011funu; farkl\u0131 biri oldu\u011funu; \u00f6l\u00fcm\u00fcyle k\u0131lam ve stranlar\u0131n\u0131n yetim kald\u0131\u011f\u0131n\u0131;<br \/>\neserleriyle K\u00fcrt halk\u0131n\u0131n g\u00f6nl\u00fcnde uzun s\u00fcre ya\u015famaya devam edece\u011fini&#8230; yaz\u0131yorlard\u0131.<\/p>\n<figure id=\"attachment_22909\" aria-describedby=\"caption-attachment-22909\" style=\"width: 666px\" class=\"wp-caption alignnone\"><img loading=\"lazy\" decoding=\"async\" class=\"wp-image-22909 size-full\" src=\"https:\/\/candname.com\/tr\/wp-content\/uploads\/2023\/06\/gulomuslum-ergani-ekim-2002.jpg\" alt=\"\" width=\"666\" height=\"333\" srcset=\"https:\/\/candname.com\/tr\/wp-content\/uploads\/2023\/06\/gulomuslum-ergani-ekim-2002.jpg 666w, https:\/\/candname.com\/tr\/wp-content\/uploads\/2023\/06\/gulomuslum-ergani-ekim-2002-660x330.jpg 660w\" sizes=\"auto, (max-width: 666px) 100vw, 666px\" \/><figcaption id=\"caption-attachment-22909\" class=\"wp-caption-text\">Zifqar\u00ea Gulo ve M\u00fcsl\u00fcm \u00dcz\u00fclmez-Ergani (Diyarbak\u0131r) -2022<\/figcaption><\/figure>\n<p>Salih \u015eim\u015fek arkada\u015f\u0131mda yaz\u0131ma ili\u015fkin bir mektup g\u00f6nderdi. Gelen bu mektup asl\u0131nda t\u00fcm<br \/>\nmesajlar\u0131n ortak \u00f6zelli\u011fini yans\u0131t\u0131yor ve bir\u00e7ok \u00f6nemli konuya da dikkat \u00e7ekiyordu. Bu nedenle<br \/>\n\u015fahs\u0131ma gelen bu mesaj\u0131n ar\u015fivimde sakl\u0131 kalmas\u0131na g\u00f6nl\u00fcm raz\u0131 olmad\u0131, i\u00e7imden payla\u015fma arzusu<br \/>\nuyand\u0131 ve payla\u015fman\u0131n yerinde ve g\u00fczel olaca\u011f\u0131n\u0131 d\u00fc\u015f\u00fcnd\u00fcm. Payla\u015f\u0131yorum:<br \/>\n\u201cSevgili dostum M\u00fcsl\u00fcm.<br \/>\nErganili Dengb\u00eaj Zifqar\u00ea Gulo\u2019nun aram\u0131zdan ayr\u0131l\u0131\u015f\u0131na dair \u201cDengb\u00eaj Zifqar\u00ea Gulo\u2019nun Ard\u0131ndan\u201d<br \/>\nba\u015fl\u0131kl\u0131 makalenizi okudum\u2026<\/p>\n<p>Dengb\u00eaj Xal\u00ea Zifqar\u2019\u0131, hem d\u00fcnyas\u0131n\u0131 de\u011fi\u015ftirmeden \u00f6nce, yani ya\u015farken; \u201c\u00c7ay\u00f6n\u00fc\u2019nden Ergani\u2019ye<br \/>\nUzun Bir Y\u00fcr\u00fcy\u00fc\u015f\u201d adl\u0131 kitab\u0131n\u0131zda ve hem de d\u00fcnyas\u0131n\u0131 de\u011fi\u015ftirdikten, yani aram\u0131zdan ayr\u0131l\u0131p<br \/>\ngitmesinden hemen sonra, 30 May\u0131s 2023\u2019de onunla ilgili yazm\u0131\u015f oldu\u011funuz bu makalenizden \u00f6t\u00fcr\u00fc<br \/>\nhem \u00e7ok sevindim, hem de t\u00fcm gelmi\u015f ge\u00e7mi\u015f K\u00fcrd k\u00fclt\u00fcr\u00fc ve de\u011ferleri i\u00e7in \u00e7aba sarf eden bu t\u00fcr<br \/>\nki\u015filiklerin yani dengb\u00eajlerin; sa\u011f iken ya\u015fad\u0131klar\u0131 yokluklar\u0131, yoksulluklar\u0131 ve hak etmeleri gereken<br \/>\nola\u011fan \u00fcst\u00fc de\u011ferleri; taraf\u0131m\u0131zdan neredeyse hi\u00e7 bilinmeden; d\u00fcnyalar\u0131n\u0131 de\u011fi\u015ftirirken ki o ortak<br \/>\nmak\u00fbs kaderlerine: (\u015eakiro\u2019dan Sey\u00eetxan\u00ea Boyax\u00e7\u00ee\u2019ye kadar,) ne yaz\u0131k ki bir daha tan\u0131kl\u0131k etmi\u015f<br \/>\nolmaktan, fevkalade ac\u0131 ve \u00fcz\u00fcnt\u00fc duydum\u2026<br \/>\nBu Makalenizde de dile getirdi\u011finiz gibi, dengb\u00eaj Zifqar\u00ea Gulo\u2019nun kitab\u0131n\u0131zda da yay\u0131nlad\u0131\u011f\u0131n\u0131z<br \/>\ndo\u011fa\u00e7lama s\u00f6yle\u015fisinde, T\u00fcrk\u00e7e olarak ifade etti\u011fi \u015fu iki c\u00fcmlenin derinli\u011fini, bence her K\u00fcrd; \u00e7ok iyi<br \/>\ng\u00f6rmelidir diye d\u00fc\u015f\u00fcn\u00fcyorum: Ya\u015fl\u0131 ve emektar dengb\u00eajimizin: \u201cK\u00fcrt\u00e7e s\u00f6yledi\u011fim zaman hislerimi<br \/>\ndaha iyi anlat\u0131yorum. Duygumu, a\u015fk\u0131m\u0131, nefretimi, ac\u0131m\u0131 daha rahat ve daha i\u00e7ten dile<br \/>\ngetirebiliyorum\u201d demi\u015f olmas\u0131na hayran kald\u0131m. Sonu\u00e7ta, en son kaybetti\u011fimiz Dengb\u00eaj Zifqar\u00ea<br \/>\nGulo\u2019nun bu sihirli s\u00f6zleri kar\u015f\u0131s\u0131nda kendi kendime \u015f\u00f6yle dedim: Aman tanr\u0131m bu ne \u00e7arp\u0131c\u0131, bu ne<br \/>\nsars\u0131c\u0131 bir tespittir.<br \/>\nAncak iliklerine kadar, sistemin yok sayd\u0131\u011f\u0131 anadilini ve k\u00fclt\u00fcr\u00fcn\u00fc koruma ve geli\u015ftirme ad\u0131na<br \/>\ns\u00f6yledi\u011fi bu s\u00f6zler, bence esas itibariyle sadece feylesofik s\u00f6zler olman\u0131n \u00f6tesinde, her K\u00fcrd\u00fcn<br \/>\nanadiline ve k\u00fclt\u00fcr\u00fcne sahip \u00e7\u0131kmas\u0131 gerekti\u011finin bir feryad\u0131n\u0131, bir \u00e7\u0131\u011fl\u0131\u011f\u0131n\u0131, bir manifestosunu ortaya<br \/>\nkoyma tutumudur\u2026<\/p>\n<p>Sevgili Dostum.<br \/>\nBu makalenizle, \u015fimdilerde parmakla say\u0131lacak kadar az say\u0131da kalan, K\u00fcrd Dili ve k\u00fclt\u00fcr\u00fcn\u00fcn en<br \/>\n\u00f6ndeki ta\u015f\u0131y\u0131c\u0131lar\u0131 ve ya\u015fat\u0131c\u0131lar\u0131 olan dengb\u00eajlerimizden biri olan Ergani Bag\u00fcrl\u00fc Dengb\u00eaj Zifqar\u00ea<br \/>\nGulo i\u00e7in tarihe not d\u00fc\u015fm\u00fc\u015f olman\u0131zdan \u00f6t\u00fcr\u00fc sizi ayr\u0131ca kutluyorum\u2026<br \/>\nUmuyorum bu makalenizi okuyan halk\u0131m\u0131z\u0131n t\u00fcm evlatlar\u0131 ba\u015fta olmak \u00fczere, var olan t\u00fcm dil ve<br \/>\nk\u00fclt\u00fcr kurumlar\u0131m\u0131z, yazarlar\u0131m\u0131z, \u00e7izerlerimiz ayd\u0131nlar\u0131m\u0131z ve elbette bizim ad\u0131m\u0131za politika<br \/>\nyapt\u0131klar\u0131n\u0131 s\u00f6yleyen t\u00fcm K\u00fcrd politikac\u0131lar\u0131m\u0131z, hi\u00e7 olmazsa bundan sonra giderek nesilleri<br \/>\nt\u00fckenmeye y\u00fcz tutmu\u015f; ba\u015fta K\u00fcrd s\u00f6zl\u00fc edebiyat\u0131 ve tarihi olmak \u00fczere, K\u00fcrd dili ve k\u00fclt\u00fcr\u00fcn\u00fcn bu<br \/>\nde\u011ferli, yarat\u0131c\u0131 ve ta\u015f\u0131y\u0131c\u0131lar\u0131 olan dengb\u00eajlerimize, hen\u00fcz ya\u015farken sahip \u00e7\u0131karlar\u2026<\/p>\n<p>Sevgili Dostum M\u00fcsl\u00fcm.<br \/>\nKaleminizin hep hak, hukuk ve de\u011ferlerimizi koruyup geli\u015ftirece\u011fine olan sonsuz inanc\u0131mla, sevgi ve<br \/>\ng\u00fczellikler i\u00e7inde ya\u015faman\u0131z\u0131 diliyorum\u2026<br \/>\n31 May\u0131s 2023<br \/>\nSalih \u015eim\u015fek\/Adana\u201d<\/p>\n<p><em>(*) SEN OLMAYAYDIN<\/em><br \/>\n<em>Z\u00fcf\u00fckar o\u011ful ke\u015fke sen olmayayd\u0131n!<\/em><br \/>\n<em>Sen ne hay\u0131r g\u00f6rd\u00fcn bu d\u00fcnyadan?<\/em><br \/>\n<em>El \u00e2lem keyif ve zevk i\u00e7inde<\/em><br \/>\n<em>Sen sadece doyas\u0131ya dert ve elem g\u00f6rd\u00fcn!<\/em><br \/>\n<em>El \u00e2lem keyif ve zevk i\u00e7inde<\/em><br \/>\n<em>Sen sadece d\u00fcnyan\u0131n derdini doyas\u0131ya g\u00f6rd\u00fcn!<\/em><br \/>\n<em>(\u00c7evri: Salih \u015eim\u015fek)<\/em><\/p>\n<p><strong>M\u00fcsl\u00fcm \u00dcz\u00fclmez<\/strong><\/p>\n","protected":false},"excerpt":{"rendered":"<p>TU TUNEBIYA Zifqar bira law ma tu tunebya! Te ji v\u00ea dinyay\u00ea \u00e7i x\u00ear d\u00eet?.. Alem di k\u00eaf \u00fb zewq\u00ea da Gid\u00eeno te hew derd \u00fb elem t\u00ear d\u00eet! Alem di k\u00eaf \u00fb zewq\u00ea da Te hew derd\u00ea din\u00ea t\u00ear d\u00eet! (*) Dengb\u00eaj Zifqar\u00ea Gulo\u2019nun 30 May\u0131s 2023 g\u00fcn\u00fc vefat edi\u015finin ard\u0131ndan yazd\u0131\u011f\u0131m \u201cDengb\u00eaj Zifqar\u00ea &hellip;<\/p>\n","protected":false},"author":53,"featured_media":22909,"comment_status":"open","ping_status":"open","sticky":false,"template":"","format":"standard","meta":{"footnotes":""},"categories":[65],"tags":[1616,6172],"class_list":["post-22908","post","type-post","status-publish","format-standard","has-post-thumbnail","","category-forum","tag-manset","tag-muslum-uzulmez"],"_links":{"self":[{"href":"https:\/\/candname.com\/tr\/index.php?rest_route=\/wp\/v2\/posts\/22908","targetHints":{"allow":["GET"]}}],"collection":[{"href":"https:\/\/candname.com\/tr\/index.php?rest_route=\/wp\/v2\/posts"}],"about":[{"href":"https:\/\/candname.com\/tr\/index.php?rest_route=\/wp\/v2\/types\/post"}],"author":[{"embeddable":true,"href":"https:\/\/candname.com\/tr\/index.php?rest_route=\/wp\/v2\/users\/53"}],"replies":[{"embeddable":true,"href":"https:\/\/candname.com\/tr\/index.php?rest_route=%2Fwp%2Fv2%2Fcomments&post=22908"}],"version-history":[{"count":0,"href":"https:\/\/candname.com\/tr\/index.php?rest_route=\/wp\/v2\/posts\/22908\/revisions"}],"wp:featuredmedia":[{"embeddable":true,"href":"https:\/\/candname.com\/tr\/index.php?rest_route=\/wp\/v2\/media\/22909"}],"wp:attachment":[{"href":"https:\/\/candname.com\/tr\/index.php?rest_route=%2Fwp%2Fv2%2Fmedia&parent=22908"}],"wp:term":[{"taxonomy":"category","embeddable":true,"href":"https:\/\/candname.com\/tr\/index.php?rest_route=%2Fwp%2Fv2%2Fcategories&post=22908"},{"taxonomy":"post_tag","embeddable":true,"href":"https:\/\/candname.com\/tr\/index.php?rest_route=%2Fwp%2Fv2%2Ftags&post=22908"}],"curies":[{"name":"wp","href":"https:\/\/api.w.org\/{rel}","templated":true}]}}