{"id":22883,"date":"2023-06-06T13:51:03","date_gmt":"2023-06-06T10:51:03","guid":{"rendered":"https:\/\/candname.com\/tr\/?p=22883"},"modified":"2023-06-06T13:51:03","modified_gmt":"2023-06-06T10:51:03","slug":"kurtce-psikoloji-dergisi-psychology-kurdinin-yeni-sayisi-cikti","status":"publish","type":"post","link":"https:\/\/candname.com\/tr\/?p=22883","title":{"rendered":"K\u00fcrt\u00e7e Psikoloji Dergisi Psychology Kurd\u00ee\u2019nin yeni say\u0131s\u0131 \u00e7\u0131kt\u0131!"},"content":{"rendered":"<p>&nbsp;<\/p>\n<p>4 ayda bir yay\u0131mlanan Psychology Kurd\u00ee dergisi 16. Say\u0131s\u0131yla okuyucular\u0131yla bulu\u015ftu. 7 y\u0131ld\u0131r yay\u0131m hayat\u0131na devam eden Psychology Kurd\u00ee dergisi bu say\u0131s\u0131nda da \u2018klinik psikoloji ve deprem\u2019 konulu yeni bir dosya ile raflarda yerini ald\u0131.<\/p>\n<p>&nbsp;<\/p>\n<p>Derginin yeni say\u0131s\u0131nda \u015fu yaz\u0131lara yer verilmi\u015ftir:<\/p>\n<p>&nbsp;<\/p>\n<p>Erdhej \u00fb Trawma: An Pol\u00eet\u00eeka an Ps\u00eekoloj\u00ee<\/p>\n<p><strong>Erdo\u011fan \u00d6zmen <\/strong><\/p>\n<p>T\u00fcrk\u00e7eden \u00e7eviren: Abdulsittar \u00d6zmen<\/p>\n<p>&nbsp;<\/p>\n<p>Al\u00eekariya P\u00ea\u015f\u00een a Der\u00fbn\u00ee<\/p>\n<p><strong>Azad Dildar<\/strong><\/p>\n<p>&nbsp;<\/p>\n<p>Trawma \u00fb Karesat<\/p>\n<p><strong>Jan \u0130lhan Kizilhan<\/strong><\/p>\n<p><strong>\u00a0<\/strong><\/p>\n<p><strong>Hevpeyv\u00een bi Okan Taycan re<\/strong><\/p>\n<p>T\u00fcrk\u00e7eden \u00e7eviren: Aydin Reng\u00een<\/p>\n<p>&nbsp;<\/p>\n<p>Trawmaya Erdhej\u00ea<\/p>\n<p><strong>Mesut Umar <\/strong><\/p>\n<p>&nbsp;<\/p>\n<p>Erdhej \u00fb Xebata Civak\u00ee<\/p>\n<p>G\u00fclperi G\u00fcnd\u00fcz<\/p>\n<p>&nbsp;<\/p>\n<p>Zarok \u00fb Trawma<\/p>\n<p><strong>Sehra Aksu<\/strong><\/p>\n<p>T\u00fcrk\u00e7eden \u00e7eviren: Samed Do\u011fan<\/p>\n<p>&nbsp;<\/p>\n<p>Qonaxa Ber\u00ee Zim\u00ean di Der\u00fbnnasiya Kl\u00een\u00eek\u00ee de:<\/p>\n<p>Qonaxa P\u00ea\u015f-Od\u00eepal<\/p>\n<p><strong>Yusuf Atabay<\/strong><\/p>\n<p>&nbsp;<\/p>\n<p>P\u00eala S\u00eayem\u00een di Ps\u00eekoterapiy\u00ea de: Terapiya Veg\u00earan\u00ee<\/p>\n<p><strong>Nuh Bozkur<\/strong><\/p>\n<p>&nbsp;<\/p>\n<p>B\u00eeyene ya K\u00ee Way\u00eer B\u00eeyene<\/p>\n<p><strong>Erdal G\u00fcl <\/strong><\/p>\n<p>&nbsp;<\/p>\n<p>Li Gor Michel Foucalt T\u00eakiliya Beden-Desthilat\u00ea di Ser Modela Panopt\u00eekon re<\/p>\n<p><strong>H\u00fcrriyet Parlak <\/strong><\/p>\n<p>T\u00fcrk\u00e7eden \u00e7eviren: R\u00eab\u00een \u00d6zmen<\/p>\n<p>&nbsp;<\/p>\n<p>Bandor\u00ean Der\u00fbncivak\u00ee y\u00ean Navnif\u015f\u00ee y\u00ean Trawmay\u00ean D\u00eerok\u00ee\/Civak\u00ee<\/p>\n<p><strong>G\u00fclnaz Karatay \u00fb Azad G\u00fcnderci <\/strong><\/p>\n<p>T\u00fcrk\u00e7eden \u00e7eviren: Bilal \u00d6ztun\u00e7<\/p>\n<p>&nbsp;<\/p>\n<p>&nbsp;<\/p>\n<p>\u00c7areser\u00ee bi R\u00eaya T\u00eakil\u00ee, Gotin \u00fb Ravekirin\u00ea<\/p>\n<p><strong>Hataw Ahmed Sharif<\/strong><\/p>\n<p>Soran\u00eeceden \u00e7eviren: <strong>\u0130rfan Alkan<\/strong><\/p>\n<p>&nbsp;<\/p>\n<p>Rol \u00fb Erka Malbat\u00ea di Perwerdehiya Taybet de<\/p>\n<p>\u00fb Hinek Xal\u00ean Gir\u00eeng ku Div\u00ea Malbat<\/p>\n<p>bi Baldar\u00ee L\u00ea Bin\u00earin<\/p>\n<p><strong>Wehab \u015eeh\u00een<\/strong><\/p>\n<p>&nbsp;<\/p>\n<p>\u015e\u00eeroveya F\u00eelm\u00ea Syk Pike (2022)<\/p>\n<p>bi \u00c7av\u00ea Nars\u00ees\u00eezm\u00ea<\/p>\n<p><strong>El\u00eexan Bozan<\/strong><\/p>\n<p>&nbsp;<\/p>\n<p>Pirs \u00fb Bersiv<\/p>\n<p><strong>Mueyed Teyib<\/strong><\/p>\n<p>&nbsp;<\/p>\n<p>Term\u00ean Der\u00fbnnasiy\u00ea<\/p>\n<p><strong>Psychology Kurd\u00ee<\/strong><\/p>\n<p>&nbsp;<\/p>\n<p>Psychology Kurd\u00ee dergisinin son say\u0131s\u0131n\u0131 ve daha \u00f6nce yay\u0131mlanan di\u011fer say\u0131lar\u0131n\u0131 www.avestakitap.com \u2013 www.pirtukakurdi.com ve di\u011fer internet \u00fczeri kitap satan sitelerden temin edebilirsiniz.<\/p>\n<p><img loading=\"lazy\" decoding=\"async\" class=\"alignnone size-full wp-image-22885\" src=\"https:\/\/candname.com\/tr\/wp-content\/uploads\/2023\/06\/berg-.jpg\" alt=\"\" width=\"1199\" height=\"1617\" srcset=\"https:\/\/candname.com\/tr\/wp-content\/uploads\/2023\/06\/berg-.jpg 1199w, https:\/\/candname.com\/tr\/wp-content\/uploads\/2023\/06\/berg--1139x1536.jpg 1139w\" sizes=\"auto, (max-width: 1199px) 100vw, 1199px\" \/><\/p>\n<p>&nbsp;<\/p>\n<p>&nbsp;<\/p>\n<p>&nbsp;<\/p>\n<p>&nbsp;<\/p>\n<p>&nbsp;<\/p>\n<p>&nbsp;<\/p>\n<p>&nbsp;<\/p>\n<p>&nbsp;<\/p>\n<p>&nbsp;<\/p>\n","protected":false},"excerpt":{"rendered":"<p>&nbsp; 4 ayda bir yay\u0131mlanan Psychology Kurd\u00ee dergisi 16. Say\u0131s\u0131yla okuyucular\u0131yla bulu\u015ftu. 7 y\u0131ld\u0131r yay\u0131m hayat\u0131na devam eden Psychology Kurd\u00ee dergisi bu say\u0131s\u0131nda da \u2018klinik psikoloji ve deprem\u2019 konulu yeni bir dosya ile raflarda yerini ald\u0131. &nbsp; Derginin yeni say\u0131s\u0131nda \u015fu yaz\u0131lara yer verilmi\u015ftir: &nbsp; Erdhej \u00fb Trawma: An Pol\u00eet\u00eeka an Ps\u00eekoloj\u00ee Erdo\u011fan \u00d6zmen T\u00fcrk\u00e7eden &hellip;<\/p>\n","protected":false},"author":32,"featured_media":22884,"comment_status":"open","ping_status":"open","sticky":false,"template":"","format":"standard","meta":{"footnotes":""},"categories":[158],"tags":[5735,6188,1616,3712],"class_list":["post-22883","post","type-post","status-publish","format-standard","has-post-thumbnail","","category-dergicilik","tag-kurtce-dergi","tag-kurtce-psikoloji-dergisi","tag-manset","tag-psychology-kurdi"],"_links":{"self":[{"href":"https:\/\/candname.com\/tr\/index.php?rest_route=\/wp\/v2\/posts\/22883","targetHints":{"allow":["GET"]}}],"collection":[{"href":"https:\/\/candname.com\/tr\/index.php?rest_route=\/wp\/v2\/posts"}],"about":[{"href":"https:\/\/candname.com\/tr\/index.php?rest_route=\/wp\/v2\/types\/post"}],"author":[{"embeddable":true,"href":"https:\/\/candname.com\/tr\/index.php?rest_route=\/wp\/v2\/users\/32"}],"replies":[{"embeddable":true,"href":"https:\/\/candname.com\/tr\/index.php?rest_route=%2Fwp%2Fv2%2Fcomments&post=22883"}],"version-history":[{"count":0,"href":"https:\/\/candname.com\/tr\/index.php?rest_route=\/wp\/v2\/posts\/22883\/revisions"}],"wp:featuredmedia":[{"embeddable":true,"href":"https:\/\/candname.com\/tr\/index.php?rest_route=\/wp\/v2\/media\/22884"}],"wp:attachment":[{"href":"https:\/\/candname.com\/tr\/index.php?rest_route=%2Fwp%2Fv2%2Fmedia&parent=22883"}],"wp:term":[{"taxonomy":"category","embeddable":true,"href":"https:\/\/candname.com\/tr\/index.php?rest_route=%2Fwp%2Fv2%2Fcategories&post=22883"},{"taxonomy":"post_tag","embeddable":true,"href":"https:\/\/candname.com\/tr\/index.php?rest_route=%2Fwp%2Fv2%2Ftags&post=22883"}],"curies":[{"name":"wp","href":"https:\/\/api.w.org\/{rel}","templated":true}]}}