{"id":22866,"date":"2023-06-08T07:07:55","date_gmt":"2023-06-08T04:07:55","guid":{"rendered":"https:\/\/candname.com\/tr\/?p=22866"},"modified":"2023-06-01T22:18:03","modified_gmt":"2023-06-01T19:18:03","slug":"ahlat-eyyubileri-tarihi","status":"publish","type":"post","link":"https:\/\/candname.com\/tr\/?p=22866","title":{"rendered":"Ahl\u00e2t Eyy\u00fbb\u00eeleri Tarihi"},"content":{"rendered":"<div class=\"container\">\n<div class=\"row\">\n<div class=\"col-sm-12\">\n<div class=\"page book bunit\">\n<div class=\"row\">\n<div class=\"col-lg-9 col-md-8 col-sm-12\">\n<div class=\"content\">\n<div class=\"desc mt-4\">\n<div class=\"book-tabs\">\n<div class=\"tab-content\">\n<div id=\"Tab1\" class=\"tab-pane active\">\n<p>Yakla\u015f\u0131k y\u00fcz sene boyunca \u0130sl\u00e2m \u00e2leminde etkin bir rol \u00fcstlenen Eyy\u00fbb\u00ee hanedan\u0131n\u0131 sadece Sultan Sel\u00e2haddin Yusuf\u2019tan ibaret g\u00f6rmek, devleti onunla \u00f6zde\u015fle\u015ftirmek do\u011fru de\u011fildir. XIII. y\u00fczy\u0131l\u0131n ba\u015f\u0131nda S\u00f6kmenlilerden Ahl\u00e2t \u00fclkesini alan Eyy\u00fbb\u00eeler, orada Ahl\u00e2t Eyy\u00fbb\u00eeleri olarak bilinen \u015fubeyi kurarak, h\u00e2kimiyetlerini bu \u015fube eliyle k\u0131sa s\u00fcrede geni\u015f b\u00f6lgelere yaym\u0131\u015flard\u0131r.<\/p>\n<p>Bu \u00e7al\u0131\u015fmada \u0130slam\u0131 ve M\u00fcsl\u00fcmanlar\u0131 savunma yolunda binlerce kahraman yeti\u015ftiren Eyy\u00fbb\u00ee Devletinin kuzey kanad\u0131n\u0131 te\u015fkil eden Ahl\u00e2t Eyy\u00fbb\u00eelerinin egemenlik alanlar\u0131 incelenmi\u015ftir. M\u0131s\u0131r, Suriye, Yemen, Libya, \u00dcrd\u00fcn ve el-Cezire\u2019de \u0130sl\u00e2m birli\u011fini sa\u011flayan B\u00fcy\u00fck Eyy\u00fbb\u00ee Devletinin Ahl\u00e2t ve \u00e7evresindeki hakimiyeti, Anadolu Sel\u00e7uklular\u0131, H\u00e2rezm\u00eeler, Eyy\u00fbb\u00eelerin G\u00fcrcistan gibi kom\u015fu devletlerle ili\u015fkileri, Eyy\u00fbb\u00eelerin Ahl\u00e2t ve \u00e7evresindeki mimar\u00ee eserleri ve b\u00f6lgenin k\u00fclt\u00fcr ve uygarl\u0131k tarihine yapt\u0131klar\u0131 katk\u0131lar elinizdeki \u00e7al\u0131\u015fman\u0131n as\u0131l konular\u0131n\u0131 te\u015fkil etmektedir.<\/p>\n<p>Kitap yazar\u0131 Ahmet Demir olup, N\u00fbbihar Yay\u0131nlar\u0131ndan yay\u0131nlanm\u0131\u015ft\u0131r.<\/p>\n<div class=\"container\">\n<div class=\"row\">\n<div class=\"col-sm-12\">\n<div class=\"page book bunit\">\n<div class=\"row\">\n<div class=\"col-lg-9 col-md-8 col-sm-12\">\n<div class=\"content\">\n<div class=\"desc mt-4\">\n<div class=\"book-tabs\">\n<div class=\"tab-content\">\n<div id=\"Tab3\" class=\"tab-pane kunye active\">\n<table class=\"table table-striped table-sm table-hover\">\n<tbody>\n<tr>\n<td>Nav\u00ea Kit\u00eab\u00ea<\/td>\n<td>Ahl\u00e2t Eyy\u00fbb\u00eeleri Tarihi<\/td>\n<\/tr>\n<tr>\n<td>Nav\u00ea Or\u00eej\u00eenal<\/td>\n<td>Ahl\u00e2t Eyy\u00fbb\u00eeleri Tarihi<\/td>\n<\/tr>\n<tr>\n<td>Niv\u00eeskar<\/td>\n<td>Ahmet Demir<\/td>\n<\/tr>\n<tr>\n<td>Werg\u00ear \/ L\u00eakol\u00eener<\/td>\n<td>Ahmet Demir<\/td>\n<\/tr>\n<tr>\n<td>ISBN<\/td>\n<td>9786059413572<\/td>\n<\/tr>\n<tr>\n<td>C\u00fbre<\/td>\n<td>L\u00eakol\u00een<\/td>\n<\/tr>\n<tr>\n<td>R\u00fbpel<\/td>\n<td>336<\/td>\n<\/tr>\n<tr>\n<td>Ebat<\/td>\n<td>13.50 x 21.00 (cm)<\/td>\n<\/tr>\n<tr>\n<td>Ziman<\/td>\n<td>T\u00fcrk\u00e7e<\/td>\n<\/tr>\n<tr>\n<td>Alfabe<\/td>\n<td>Lat\u00een\u00ee<\/td>\n<\/tr>\n<tr>\n<td>Sala We\u015fan\u00ea<\/td>\n<td>2019<\/td>\n<\/tr>\n<tr>\n<td>\u00c7apa \u00c7endan<\/td>\n<td>1<\/td>\n<\/tr>\n<tr>\n<td>Berg<\/td>\n<td>ihb<\/td>\n<\/tr>\n<\/tbody>\n<\/table>\n<\/div>\n<\/div>\n<\/div>\n<\/div>\n<\/div>\n<\/div>\n<\/div>\n<\/div>\n<\/div>\n<\/div>\n<\/div>\n<div class=\"container\">\n<div class=\"row\">\n<div class=\"col-sm-12 rlist\">\n<p>&nbsp;<\/p>\n<\/div>\n<\/div>\n<\/div>\n<\/div>\n<\/div>\n<\/div>\n<\/div>\n<\/div>\n<\/div>\n<\/div>\n<\/div>\n<\/div>\n<\/div>\n<\/div>\n<div class=\"container\">\n<div class=\"row\">\n<div class=\"col-sm-12 rlist\"><\/div>\n<\/div>\n<\/div>\n","protected":false},"excerpt":{"rendered":"<p>Yakla\u015f\u0131k y\u00fcz sene boyunca \u0130sl\u00e2m \u00e2leminde etkin bir rol \u00fcstlenen Eyy\u00fbb\u00ee hanedan\u0131n\u0131 sadece Sultan Sel\u00e2haddin Yusuf\u2019tan ibaret g\u00f6rmek, devleti onunla \u00f6zde\u015fle\u015ftirmek do\u011fru de\u011fildir. XIII. y\u00fczy\u0131l\u0131n ba\u015f\u0131nda S\u00f6kmenlilerden Ahl\u00e2t \u00fclkesini alan Eyy\u00fbb\u00eeler, orada Ahl\u00e2t Eyy\u00fbb\u00eeleri olarak bilinen \u015fubeyi kurarak, h\u00e2kimiyetlerini bu \u015fube eliyle k\u0131sa s\u00fcrede geni\u015f b\u00f6lgelere yaym\u0131\u015flard\u0131r. Bu \u00e7al\u0131\u015fmada \u0130slam\u0131 ve M\u00fcsl\u00fcmanlar\u0131 savunma yolunda binlerce &hellip;<\/p>\n","protected":false},"author":32,"featured_media":22867,"comment_status":"open","ping_status":"open","sticky":false,"template":"","format":"standard","meta":{"footnotes":""},"categories":[1746],"tags":[6178,1616,6179],"class_list":["post-22866","post","type-post","status-publish","format-standard","has-post-thumbnail","","category-kitapcilik","tag-eyyubiler","tag-manset","tag-salahaddin-i-eyyubi"],"_links":{"self":[{"href":"https:\/\/candname.com\/tr\/index.php?rest_route=\/wp\/v2\/posts\/22866","targetHints":{"allow":["GET"]}}],"collection":[{"href":"https:\/\/candname.com\/tr\/index.php?rest_route=\/wp\/v2\/posts"}],"about":[{"href":"https:\/\/candname.com\/tr\/index.php?rest_route=\/wp\/v2\/types\/post"}],"author":[{"embeddable":true,"href":"https:\/\/candname.com\/tr\/index.php?rest_route=\/wp\/v2\/users\/32"}],"replies":[{"embeddable":true,"href":"https:\/\/candname.com\/tr\/index.php?rest_route=%2Fwp%2Fv2%2Fcomments&post=22866"}],"version-history":[{"count":0,"href":"https:\/\/candname.com\/tr\/index.php?rest_route=\/wp\/v2\/posts\/22866\/revisions"}],"wp:featuredmedia":[{"embeddable":true,"href":"https:\/\/candname.com\/tr\/index.php?rest_route=\/wp\/v2\/media\/22867"}],"wp:attachment":[{"href":"https:\/\/candname.com\/tr\/index.php?rest_route=%2Fwp%2Fv2%2Fmedia&parent=22866"}],"wp:term":[{"taxonomy":"category","embeddable":true,"href":"https:\/\/candname.com\/tr\/index.php?rest_route=%2Fwp%2Fv2%2Fcategories&post=22866"},{"taxonomy":"post_tag","embeddable":true,"href":"https:\/\/candname.com\/tr\/index.php?rest_route=%2Fwp%2Fv2%2Ftags&post=22866"}],"curies":[{"name":"wp","href":"https:\/\/api.w.org\/{rel}","templated":true}]}}