{"id":22863,"date":"2023-05-30T22:51:22","date_gmt":"2023-05-30T19:51:22","guid":{"rendered":"https:\/\/candname.com\/tr\/?p=22863"},"modified":"2023-05-30T22:51:22","modified_gmt":"2023-05-30T19:51:22","slug":"dengbej-zifqare-gulonun-ardindan","status":"publish","type":"post","link":"https:\/\/candname.com\/tr\/?p=22863","title":{"rendered":"Dengb\u00eaj Zifqar\u00ea Gulo\u2019nun Ard\u0131ndan\u2026"},"content":{"rendered":"<p>Ac\u0131 haber tez ula\u015f\u0131r. Ergani\u2019nin Gulo\u2019su, Bag\u00fcrl\u00fc Dengb\u00eaj Zifqar\u00ea Gulo (Z\u00fclfikar Yumruk) 30 May\u0131s 2023 g\u00fcn\u00fc aram\u0131zdan ayr\u0131ld\u0131.<\/p>\n<p>Zifqar\u00ea Gulo, sesiyle, besteleriyle,\u00a0<em>k\u0131lam<\/em>\u2019lar\u0131yla ya\u015fama renk katman\u0131n \u00f6tesinde varl\u0131\u011f\u0131 kabul edilmeyen yasakl\u0131 halk\u0131n yasakl\u0131 diliyle s\u00f6yleyen bir dengb\u00eajdi. 2002\u2019de, Gulo ile bir g\u00f6r\u00fc\u015fmemizde bana: \u201c<em>K\u00fcrt\u00e7e s\u00f6yledi\u011fim zaman hislerimi daha iyi anlat\u0131yorum. Duygumu, a\u015fk\u0131m\u0131, nefretimi, ac\u0131m\u0131 daha rahat ve daha i\u00e7ten dile getirebiliyorum,<\/em>\u201d diye duygular\u0131n\u0131 ifade etmi\u015fti.<\/p>\n<figure class=\"wp-block-image size-full\"><img loading=\"lazy\" decoding=\"async\" class=\"wp-image-5287\" src=\"https:\/\/www.uzulmez.site\/wp-content\/uploads\/2023\/05\/Gulo-1-1.jpg\" sizes=\"auto, (max-width: 893px) 100vw, 893px\" srcset=\"https:\/\/www.uzulmez.site\/wp-content\/uploads\/2023\/05\/Gulo-1-1.jpg 893w, https:\/\/www.uzulmez.site\/wp-content\/uploads\/2023\/05\/Gulo-1-1-300x172.jpg 300w, https:\/\/www.uzulmez.site\/wp-content\/uploads\/2023\/05\/Gulo-1-1-768x441.jpg 768w, https:\/\/www.uzulmez.site\/wp-content\/uploads\/2023\/05\/Gulo-1-1-480x276.jpg 480w\" alt=\"\" width=\"893\" height=\"513\" \/><\/figure>\n<p>Zifqar\u00ea Gulo (Zulfikar Yumruk) K\u00fcrtlerin \u00f6nemli bir de\u011feridir. Bu nedenle, biraz tan\u0131tmak istiyorum (<em>Yaz\u0131da yer alan bilgiler 2002 y\u0131l\u0131nda kendisiyle yapt\u0131\u011f\u0131m bir g\u00f6r\u00fc\u015fmede verdi\u011fi bilgilerdir<\/em>):<\/p>\n<p>Zifqar\u00ea Gulo, 1938\u2019de Ergani\u2019nin Bag\u00fcr K\u00f6y\u00fc\u2019nde d\u00fcnyaya gelir. Kendisinin anlat\u0131m\u0131na g\u00f6re annesinin tek erkek \u00e7ocu\u011fu oldu\u011fu ve de kendisini \u00e7ok sevdi\u011fi i\u00e7in, \u2018g\u00fcl\u00fcm\u2019, \u2018g\u00fcl\u00fcm\u2019 diyerek sevgisini g\u00f6sterdi\u011finden, lakab\u0131 \u2018Gulo\u2019 kalm\u0131\u015f. Gulo, K\u00fcrt\u00e7ede g\u00fcl anlam\u0131na gelir. Gul\u00e9 kad\u0131nlara, Gulo erkeklere verilen isimler aras\u0131nda yer al\u0131r.<\/p>\n<p>Gulo, okula hi\u00e7 gitmemi\u015ftir. Sadece bir gece, \u2018<strong>Gece Okulu<\/strong>\u2019na gitmi\u015f. Sonralar\u0131 kendisi bir\u00a0<strong>Alfabe<\/strong>\u00a0sat\u0131n alarak, yine kendi ifadesine g\u00f6re \u2018ata\u2019, \u2018ota\u2019 bakarak okuma ve yazmay\u0131 \u00f6\u011frenmi\u015ftir. Ve daha sonralar\u0131, ge\u00e7imini temin etmek i\u00e7in kahvelerde esans, g\u00fczel kokulu parf\u00fcmler satmaya ba\u015flam\u0131\u015f. B\u00f6ylece ikinci bir lakaba sahip olmu\u015ftur: \u2018Esans\u00e7\u0131 Gulo\u2019\u2026 Ve ard\u0131ndan Xal\u00ea Z\u00fblfek\u00e2r. Sonradan da Hacca gitti\u011fi i\u00e7in, ismi Xal\u00ea Z\u00fblfek\u00e2r\u2019l\u0131ktan Hec\u00ee Zulf\u00eekar\u2019l\u0131\u011fa terfi etmi\u015ftir.<\/p>\n<p>Zifqar\u00ea Gulo 1971 y\u0131l\u0131nda t\u00fcrk\u00fc\/k\u0131lam s\u00f6ylemeye ba\u015flar; hem de K\u00fcrt\u00e7e.<\/p>\n<p>1971-1975 aras\u0131 13 plak doldurur. O, benim bildi\u011fim kadar\u0131yla Ergani\u2019de K\u00fcrt\u00e7e plak ve kaset dolduran ilk sanat\u00e7\u0131d\u0131r, dengb\u00eajdir. Elini bir kula\u011fa att\u0131\u011f\u0131nda, avaz\u0131 ta Karacada\u011f\u2019da duyulurdu. Doldurdu\u011fu K\u00fcrt\u00e7e plak ve kasetlerle, K\u00fcrt halk\u0131n\u0131n yasaklanan dili; evlerde, k\u00f6ylerde, da\u011flarda yank\u0131lan\u0131rd\u0131.<\/p>\n<p>Bir ara Ergani\u2019de saat, cep telefonu, radyo, teyp, kaset ve CD sat\u0131lan bir d\u00fckk\u00e2n i\u015fletse de g\u00f6nl\u00fcnde hep dengb\u00eajlik oldu\u011funu s\u00f6ylerdi. Eserlerinde yoksulluk, beklenmeyen \u00f6l\u00fcmler, t\u00f6re, a\u015fk en \u00e7ok i\u015fledi\u011fi temalard\u0131. O,\u00a0<em>k\u0131lam<\/em>\u2019lar\u0131n\u0131 hayat\u0131n i\u00e7inden al\u0131rd\u0131, ince eleyip s\u0131k\u0131 dokuyarak se\u00e7erdi. \u015eimdiye kadar 150\u2019ye yak\u0131n beste yapt\u0131. 13 plak ve 5 kaseti \u00e7\u0131kt\u0131. Zaman zaman\u00a0<strong>Diyarbak\u0131r S\u00f6z TV<\/strong>\u2019de canl\u0131 m\u00fczik programlar\u0131na kat\u0131ld\u0131, eserleri\u00a0<strong>MED TV<\/strong>\u2019de banttan yay\u0131nland\u0131.\u00a0<strong>Erivan Radyosu<\/strong>\u2019nda ise \u2018<strong>\u015eahino<\/strong>\u2019 t\u00fcrk\u00fcs\u00fc s\u0131k s\u0131k \u00e7al\u0131n\u0131rd\u0131.<\/p>\n<figure class=\"wp-block-image size-large\"><img loading=\"lazy\" decoding=\"async\" class=\"wp-image-5288\" src=\"https:\/\/www.uzulmez.site\/wp-content\/uploads\/2023\/05\/Gulo-2-1-1024x666.jpg\" sizes=\"auto, (max-width: 1024px) 100vw, 1024px\" srcset=\"https:\/\/www.uzulmez.site\/wp-content\/uploads\/2023\/05\/Gulo-2-1-1024x666.jpg 1024w, https:\/\/www.uzulmez.site\/wp-content\/uploads\/2023\/05\/Gulo-2-1-300x195.jpg 300w, https:\/\/www.uzulmez.site\/wp-content\/uploads\/2023\/05\/Gulo-2-1-768x499.jpg 768w, https:\/\/www.uzulmez.site\/wp-content\/uploads\/2023\/05\/Gulo-2-1-480x312.jpg 480w, https:\/\/www.uzulmez.site\/wp-content\/uploads\/2023\/05\/Gulo-2-1.jpg 1224w\" alt=\"\" width=\"1024\" height=\"666\" \/><\/figure>\n<p>Zifqar\u00ea Gulo (Zulfikar Yumruk),<strong>Eman Hawar&amp;Der\u00eey\u00ea M\u00eard\u00een<\/strong>\u00a0kasetindeki tan\u0131t\u0131c\u0131 bro\u015f\u00fcrde,\u00a0<strong>Hec\u00ee Zulf\u00eekar<\/strong>\u00a0olarak kendisini bak\u0131n nas\u0131l anlatmaktad\u0131r (<em>virg\u00fcl\u00fcne dokunmadan yaz\u0131yorum<\/em>): \u201cHeci Z\u00fclfikar hayat\u0131 sene 1938\u2019de Ergani Bagur mahlesinde bi iki g\u00f6zli kerpi\u00e7 evde d\u00fcnyaya gelmi\u015f. Anemin erkek \u00e7o\u00e7u\u011flari olmiyorlardi oni i\u00e7in baban\u0131n ismini bana takt\u0131lar. Hen\u00fcz ya\u015f\u0131m d\u00f6rt bu\u00e7uk ya\u015fta iken babam vefat etti. Benden k\u00fc\u00e7\u00fck iki erkek karde\u015fim, benden buyuk iki k\u0131z karde\u015fim ve bir de anem peri\u015fan halde 1943 k\u0131tl\u0131\u011f\u0131 ba\u015flad\u0131. Ekmeki karne ile Belediye veriyordu. Sefillik, peri\u015fanl\u0131k, \u00e7obanl\u0131k, \u00e7er\u00e7ilik, esans\u00e7ilik, \u00e7orap\u00e7\u0131l\u0131k ya\u015f\u0131m 11 o zaman sesimin guzel oldu\u011funu hisediliyordi. 17 ya\u015f\u0131mda tan\u0131mad\u0131\u011f\u0131m bir dul kad\u0131nla evlendim. Sevgi a\u015fk ne oldu\u011funu bilmiyordum. O da bana bir \u015fey vermedi.<\/p>\n<p>Askerden geldikten sonra a\u015fk sevgi belirtileri bende uyandi. A\u015fk\u0131, sevgiyi bulmaya t\u00fcm \u00e7abalar\u0131mla devam etim. Halen de bulamad\u0131m.<\/p>\n<p>Sene 1970 de bir dul kad\u0131na a\u015f\u0131k oldum. \u0130\u015fte a\u015fk kam\u00e7\u0131s\u0131n\u0131 orda yedim. Ayni senelerde 15 pilak yapt\u0131m. Ba\u015far\u0131l\u0131 oldu. Ama kad\u0131n\u0131 da alamay\u0131nca a\u015fk konusunda daha etkili oldum. 1980 esnaf olarak d\u00fckende \u00e7al\u0131\u015ft\u0131m. 91 de hace getim.<\/p>\n<p>96 tekrar ikinci hac 97 televizyona getim \u00e7ok buyuk ba\u015farila porg\u0131ramlar\u0131m devam etim. 3 sene devam etim. Tekrar a\u015fk hevesleri, insanlar\u0131n istekleri adeta beni televziyona itmeye mecbur eti.<\/p>\n<p>Ya\u015f ba\u015f hacil\u0131\u011fi he\u00e7 bir \u015fey beni engelliyemedi. \u0130\u00e7imdeki hisler ve ac\u0131lar insanlar\u0131m\u0131n i\u00e7indeki duygular\u0131n\u0131 bestelerimle i\u00e7imdeki olan hislerimle apa\u00e7\u0131\u011f onlarla payla\u015fma istiyordum ve ba\u015fard\u0131m. Hayat\u0131mdan memnun de\u011filim aylemden ve \u00e7ocuklar\u0131mdan t\u00fcm k\u00f6t\u00fc insanlardan darg\u0131n\u0131m.<\/p>\n<p>\u015eairim, a\u015f\u0131k\u0131m ozan\u0131m, bestekar\u0131m he\u00e7 kimseden ders almad\u0131m. Saz m\u00fcz\u00fcg\u00fcm\u00fc kendim \u00e7abalar\u0131mla buluyorum. He\u00e7 \u00e7al\u0131\u015fmad\u0131\u011f\u0131m bir m\u00fcz\u00fcksiyenle hemen uyum sa\u011fl\u0131yorum. S\u00f6yledi\u011fim her eserlerim kafadan atmiyorum. Ya\u015fad\u0131ktan sonra s\u00fcyliyorum. Etkili ve vurucu kelimelerim bunda yak\u0131c\u0131 oliyo. Ben saf\u0131m, a\u00e7\u0131k kalbl\u0131y\u0131m, insanlar\u0131 \u00e7ok \u00e7ok seviyorum. Hele benim gibi yetim \u00fcks\u00fcz, yoksul ve masum kimselerden, hele g\u00f6n\u00fcl hastalar\u0131 daha da beni duygulard\u0131ri. D\u00fcnyada y\u00fcz\u00fcm g\u00fclmedi, bir tatli g\u00fcn\u00fcm olmad\u0131\u011f\u0131 i\u00e7in herkesi kendim gibi biliyorum. Herkesi severim. K\u00f6t\u00fc insanlar\u0131 sevmedim, hele yalanc\u0131y\u0131 he\u00e7 sevmem.\u201d<\/p>\n<p>Vefat\u0131yla K\u00fcrt\u00e7e ve T\u00fcrk\u00e7e k\u0131lam\u2019lar\u0131\/t\u00fcrk\u00fcleri yetim kald\u0131. An\u0131s\u0131 mutlaka ya\u015fat\u0131lmal\u0131d\u0131r!<\/p>\n<p>Kederli ailesine ve sevenlerine ba\u015fsa\u011fl\u0131\u011f\u0131 diliyorum. Mek\u00e2n\u0131 g\u00fcl ve g\u00fclistanl\u0131k olsun!<\/p>\n<p><strong>M\u00fcsl\u00fcm \u00dcz\u00fclmez<\/strong><\/p>\n<p><strong><em>Not:<\/em><\/strong><em>\u00a0Daha fazla bilgi edinmek isteyenler\u00a0<strong>\u00c7ay\u00f6n\u00fc\u2019nden Ergani\u2019ye Uzun Bir Y\u00fcr\u00fcy\u00fc\u015f<\/strong>\u00a0kitab\u0131ma bakabilir. (M\u00fcsl\u00fcm \u00dcz\u00fclmez, \u00c7ay\u00f6n\u00fc\u2019nden Ergani\u2019ye Uzun Bir Y\u00fcr\u00fcy\u00fc\u015f, Ladin Matbaas\u0131, \u0130stanbul,\u00a0<\/em><em>2005, \u0130stanbul, s. 465-468.)<\/em><\/p>\n","protected":false},"excerpt":{"rendered":"<p>Ac\u0131 haber tez ula\u015f\u0131r. Ergani\u2019nin Gulo\u2019su, Bag\u00fcrl\u00fc Dengb\u00eaj Zifqar\u00ea Gulo (Z\u00fclfikar Yumruk) 30 May\u0131s 2023 g\u00fcn\u00fc aram\u0131zdan ayr\u0131ld\u0131. Zifqar\u00ea Gulo, sesiyle, besteleriyle,\u00a0k\u0131lam\u2019lar\u0131yla ya\u015fama renk katman\u0131n \u00f6tesinde varl\u0131\u011f\u0131 kabul edilmeyen yasakl\u0131 halk\u0131n yasakl\u0131 diliyle s\u00f6yleyen bir dengb\u00eajdi. 2002\u2019de, Gulo ile bir g\u00f6r\u00fc\u015fmemizde bana: \u201cK\u00fcrt\u00e7e s\u00f6yledi\u011fim zaman hislerimi daha iyi anlat\u0131yorum. Duygumu, a\u015fk\u0131m\u0131, nefretimi, ac\u0131m\u0131 daha rahat &hellip;<\/p>\n","protected":false},"author":32,"featured_media":22864,"comment_status":"open","ping_status":"open","sticky":false,"template":"","format":"standard","meta":{"footnotes":""},"categories":[5371],"tags":[6173,3443,6174,6175,2931,141,1616,6172,6176,6177],"class_list":["post-22863","post","type-post","status-publish","format-standard","has-post-thumbnail","","category-alinti-yazilar","tag-bagurlu-dengbej-zifqare-gulo","tag-dengbej","tag-eman-hawarderiye-merdin","tag-ergani","tag-kilam","tag-kurtce","tag-manset","tag-muslum-uzulmez","tag-sahino","tag-zulfikar-yumruk"],"_links":{"self":[{"href":"https:\/\/candname.com\/tr\/index.php?rest_route=\/wp\/v2\/posts\/22863","targetHints":{"allow":["GET"]}}],"collection":[{"href":"https:\/\/candname.com\/tr\/index.php?rest_route=\/wp\/v2\/posts"}],"about":[{"href":"https:\/\/candname.com\/tr\/index.php?rest_route=\/wp\/v2\/types\/post"}],"author":[{"embeddable":true,"href":"https:\/\/candname.com\/tr\/index.php?rest_route=\/wp\/v2\/users\/32"}],"replies":[{"embeddable":true,"href":"https:\/\/candname.com\/tr\/index.php?rest_route=%2Fwp%2Fv2%2Fcomments&post=22863"}],"version-history":[{"count":0,"href":"https:\/\/candname.com\/tr\/index.php?rest_route=\/wp\/v2\/posts\/22863\/revisions"}],"wp:featuredmedia":[{"embeddable":true,"href":"https:\/\/candname.com\/tr\/index.php?rest_route=\/wp\/v2\/media\/22864"}],"wp:attachment":[{"href":"https:\/\/candname.com\/tr\/index.php?rest_route=%2Fwp%2Fv2%2Fmedia&parent=22863"}],"wp:term":[{"taxonomy":"category","embeddable":true,"href":"https:\/\/candname.com\/tr\/index.php?rest_route=%2Fwp%2Fv2%2Fcategories&post=22863"},{"taxonomy":"post_tag","embeddable":true,"href":"https:\/\/candname.com\/tr\/index.php?rest_route=%2Fwp%2Fv2%2Ftags&post=22863"}],"curies":[{"name":"wp","href":"https:\/\/api.w.org\/{rel}","templated":true}]}}