{"id":22838,"date":"2023-05-27T22:25:59","date_gmt":"2023-05-27T19:25:59","guid":{"rendered":"https:\/\/candname.com\/tr\/?p=22838"},"modified":"2023-05-27T22:25:59","modified_gmt":"2023-05-27T19:25:59","slug":"korku-ve-umut-ii-abdulhamid-donemi-kurt-ermeni-iliskileri","status":"publish","type":"post","link":"https:\/\/candname.com\/tr\/?p=22838","title":{"rendered":"Korku ve Umut: II. Abd\u00fclhamid D\u00f6nemi K\u00fcrt-Ermeni \u0130li\u015fkileri"},"content":{"rendered":"<p>On dokuzuncu y\u00fczy\u0131l\u0131n ikinci yar\u0131s\u0131nda Ermenilerin umutlar\u0131 ile K\u00fcrtlerin ve uzun zamand\u0131r bir End\u00fcl\u00fcs Sendromu ya\u015famakta olan Osmanl\u0131 Devleti\u2019nin korkular\u0131 kar\u015f\u0131 kar\u015f\u0131ya geldi\u011finde ilk perdesi \u00e7ok kanl\u0131 kapanan, 1915\u2019teki son perdesi ise bir trajediyle sonu\u00e7lanan bir hik\u00e2ye de ba\u015flayacakt\u0131.<\/p>\n<p>Y\u00fcz binlerce insan\u0131n \u00f6l\u00fcm\u00fcne, \u00e7ok daha fazlas\u0131n\u0131n yerinden edilmesine, bir t\u00fcrl\u00fc bitmeyen bir talana ve ku\u015faktan ku\u015fa\u011fa miras kalan bireysel ve kolektif travmalara, ac\u0131lara, \u00f6fkelere ve h\u0131n\u00e7lara sebep olan bu yar\u0131m y\u00fczy\u0131ll\u0131k s\u00fcrecin son perdesi en k\u00fc\u00e7\u00fck ayr\u0131nt\u0131lar\u0131na kadar incelenmi\u015f, ancak \u00f6ncesinde ya\u015fanan \u00e7at\u0131\u015fmalar ihmal edilmi\u015ftir.<\/p>\n<p>Elinizdeki kitap bu bo\u015flu\u011fu doldurmak gayesiyle kaleme al\u0131nm\u0131\u015f ve 93 Harbi\u2019nden ve Berlin Antla\u015fmas\u0131\u2019ndan sonra Ermenilerle K\u00fcrtler aras\u0131nda ya\u015fanan \u00e7at\u0131\u015fmay\u0131 de\u011fi\u015fik ve\u00e7heleriyle ve zengin bir kaynak\u00e7ay\u0131 tart\u0131\u015ft\u0131rarak irdelemeye \u00e7al\u0131\u015fm\u0131\u015ft\u0131r.<\/p>\n<p>\u00c7al\u0131\u015fmam\u0131z sadece tarihi olaylar\u0131 sebep, sonu\u00e7 ve akt\u00f6rleri ba\u011flam\u0131nda de\u011ferlendiren bir tarih kitab\u0131 de\u011fil, ayn\u0131 zamanda bug\u00fcnk\u00fc okuyucuya ve gelecekteki ku\u015faklara verilen bir mesajd\u0131r. \u00c7\u00fcnk\u00fc incelenen d\u00f6nemin olaylar\u0131 benzer sorunlar ya\u015famakta olan her birey ve toplum i\u00e7in ihmal edilmemesi gereken dersler bar\u0131nd\u0131rmaktad\u0131r.<\/p>\n<p>&nbsp;<\/p>\n<p>Yazar: Nihat Karademir<\/p>\n<p>F\u0130YAT: 200.00 TL<\/p>\n<p>ISBN: 978-625-7383-82-0<\/p>\n<p>SAYFA SAYISI: 512<\/p>\n<p>EBAT: 13,50 x 21,00 (cm)<\/p>\n<p>D\u0130L: T\u00dcRK\u00c7E<\/p>\n<p>T\u00dcR: ARA\u015eTIRMA<\/p>\n<p>Yay\u0131nevi: N\u00fbbihar<\/p>\n<p>&nbsp;<\/p>\n","protected":false},"excerpt":{"rendered":"<p>On dokuzuncu y\u00fczy\u0131l\u0131n ikinci yar\u0131s\u0131nda Ermenilerin umutlar\u0131 ile K\u00fcrtlerin ve uzun zamand\u0131r bir End\u00fcl\u00fcs Sendromu ya\u015famakta olan Osmanl\u0131 Devleti\u2019nin korkular\u0131 kar\u015f\u0131 kar\u015f\u0131ya geldi\u011finde ilk perdesi \u00e7ok kanl\u0131 kapanan, 1915\u2019teki son perdesi ise bir trajediyle sonu\u00e7lanan bir hik\u00e2ye de ba\u015flayacakt\u0131. Y\u00fcz binlerce insan\u0131n \u00f6l\u00fcm\u00fcne, \u00e7ok daha fazlas\u0131n\u0131n yerinden edilmesine, bir t\u00fcrl\u00fc bitmeyen bir talana ve ku\u015faktan &hellip;<\/p>\n","protected":false},"author":32,"featured_media":22839,"comment_status":"open","ping_status":"open","sticky":false,"template":"","format":"standard","meta":{"footnotes":""},"categories":[25],"tags":[3379,6163,137,1616,6162,734,5580],"class_list":["post-22838","post","type-post","status-publish","format-standard","has-post-thumbnail","","category-tarih","tag-arastirma","tag-korku-ve-umut","tag-kurt","tag-manset","tag-nihat-karademir","tag-osmanli","tag-turkler"],"_links":{"self":[{"href":"https:\/\/candname.com\/tr\/index.php?rest_route=\/wp\/v2\/posts\/22838","targetHints":{"allow":["GET"]}}],"collection":[{"href":"https:\/\/candname.com\/tr\/index.php?rest_route=\/wp\/v2\/posts"}],"about":[{"href":"https:\/\/candname.com\/tr\/index.php?rest_route=\/wp\/v2\/types\/post"}],"author":[{"embeddable":true,"href":"https:\/\/candname.com\/tr\/index.php?rest_route=\/wp\/v2\/users\/32"}],"replies":[{"embeddable":true,"href":"https:\/\/candname.com\/tr\/index.php?rest_route=%2Fwp%2Fv2%2Fcomments&post=22838"}],"version-history":[{"count":0,"href":"https:\/\/candname.com\/tr\/index.php?rest_route=\/wp\/v2\/posts\/22838\/revisions"}],"wp:featuredmedia":[{"embeddable":true,"href":"https:\/\/candname.com\/tr\/index.php?rest_route=\/wp\/v2\/media\/22839"}],"wp:attachment":[{"href":"https:\/\/candname.com\/tr\/index.php?rest_route=%2Fwp%2Fv2%2Fmedia&parent=22838"}],"wp:term":[{"taxonomy":"category","embeddable":true,"href":"https:\/\/candname.com\/tr\/index.php?rest_route=%2Fwp%2Fv2%2Fcategories&post=22838"},{"taxonomy":"post_tag","embeddable":true,"href":"https:\/\/candname.com\/tr\/index.php?rest_route=%2Fwp%2Fv2%2Ftags&post=22838"}],"curies":[{"name":"wp","href":"https:\/\/api.w.org\/{rel}","templated":true}]}}