{"id":22810,"date":"2023-05-27T07:35:32","date_gmt":"2023-05-27T04:35:32","guid":{"rendered":"https:\/\/candname.com\/tr\/?p=22810"},"modified":"2023-05-21T23:42:49","modified_gmt":"2023-05-21T20:42:49","slug":"meme-alan-destani","status":"publish","type":"post","link":"https:\/\/candname.com\/tr\/?p=22810","title":{"rendered":"MEM\u00ca ALAN DESTANI"},"content":{"rendered":"<div class=\"x11i5rnm xat24cr x1mh8g0r x1vvkbs xtlvy1s x126k92a\">\n<div dir=\"auto\">S\u00f6zl\u00fc K\u00fcrd edebiyat\u0131n\u0131n en eski \u00f6rne\u011fi olan Mem\u00ea Alan Destan\u0131, K\u00fcrd halk\u0131 aras\u0131nda y\u00fczy\u0131llardan beri dengb\u00eajler taraf\u0131ndan s\u00f6ylenegelen, ku\u015faktan ku\u015fa\u011fa aktar\u0131lan \u00fcnl\u00fc bir destand\u0131r.<\/div>\n<\/div>\n<div class=\"x11i5rnm xat24cr x1mh8g0r x1vvkbs xtlvy1s x126k92a\">\n<div dir=\"auto\">Mem\u00ea Alan ile \u015fimdiye kadar pek \u00e7ok ara\u015ft\u0131rmac\u0131 ilgilenmi\u015f, onun \u00e7e\u015fitli derlemeleri yay\u0131mlanm\u0131\u015ft\u0131r.<\/div>\n<\/div>\n<div class=\"x11i5rnm xat24cr x1mh8g0r x1vvkbs xtlvy1s x126k92a\">\n<div dir=\"auto\">K\u00fcrdolog Roger Lescot taraf\u0131ndan, \u00f6zenle yap\u0131lan derlemelerinden biri, Celadet Bedirhan\u2019\u0131n yard\u0131m\u0131yla Frans\u0131zcaya \u00e7evrilmi\u015f ve K\u00fcrd\u00e7esiyle birlikte 1942 y\u0131l\u0131nda Beyrut\u2019ta yay\u0131mlanm\u0131\u015ft\u0131r.<\/div>\n<\/div>\n<div class=\"x11i5rnm xat24cr x1mh8g0r x1vvkbs xtlvy1s x126k92a\">\n<div dir=\"auto\">Bir sevda \u00f6yk\u00fcs\u00fc olan Mem\u00ea Alan destan\u0131, mitolojik \u00f6zellikler g\u00f6sterir ve t\u00fcm Do\u011fu edebiyatlar\u0131n\u0131n a\u015fk i\u00e7erikli anlat\u0131lar\u0131nda oldu\u011fu gibi ac\u0131kl\u0131 bir \u015fekilde sonuca ba\u011flan\u0131r. Mem\u00ea Alan destan\u0131 yarat\u0131ld\u0131\u011f\u0131 K\u00fcrd toplumu hakk\u0131nda, di\u011fer Mezopotamya toplumlar\u0131 hakk\u0131nda ara\u015ft\u0131rmac\u0131lara zengin bir\u00e7ok folklor malzemesi sunar.<\/div>\n<div dir=\"auto\"><\/div>\n<\/div>\n<div class=\"x11i5rnm xat24cr x1mh8g0r x1vvkbs xtlvy1s x126k92a\">\n<div dir=\"auto\">Destan, K\u00fcrd halk\u0131n\u0131n eski ya\u015fay\u0131\u015f\u0131n\u0131 sergiler ve ge\u00e7mi\u015fin anla\u015f\u0131lmas\u0131 konusunda da tarihe \u0131\u015f\u0131k tutar. K\u00fcrd \u015fehri Ma\u011fripliler (Mixribiyan) kentinin padi\u015fah\u0131 olan Mem\u00ea Alan ile Cizre prensesi Z\u00een\u00ea Z\u00eadan\u2019\u0131n trajik bir sonla biten a\u015fklar\u0131n\u0131 anlatan eser manzum olup, K\u00fcrd halk edebiyat\u0131nda dengb\u00eajler taraf\u0131ndan icra edilen en uzun metinlerden biridir.<\/div>\n<div dir=\"auto\"><\/div>\n<\/div>\n<div class=\"x11i5rnm xat24cr x1mh8g0r x1vvkbs xtlvy1s x126k92a\">\n<div dir=\"auto\">Kaynak: Kurt Dili Ve Edebiyati Ders Kitabi, sayfa 60<\/div>\n<\/div>\n<div class=\"x11i5rnm xat24cr x1mh8g0r x1vvkbs xtlvy1s x126k92a\">\n<div dir=\"auto\">Bu kitabi internette bedava PDF olarak indirebilirsiniz.<\/div>\n<div dir=\"auto\">https:\/\/dokumen.tips\/&#8230;\/kurt-dili-ve-edebiyati-ders&#8230;<\/div>\n<div dir=\"auto\"><\/div>\n<\/div>\n<div class=\"x11i5rnm xat24cr x1mh8g0r x1vvkbs xtlvy1s x126k92a\">\n<div dir=\"auto\"><strong>Alan Lezan || 30.04.2023<\/strong><\/div>\n<\/div>\n","protected":false},"excerpt":{"rendered":"<p>S\u00f6zl\u00fc K\u00fcrd edebiyat\u0131n\u0131n en eski \u00f6rne\u011fi olan Mem\u00ea Alan Destan\u0131, K\u00fcrd halk\u0131 aras\u0131nda y\u00fczy\u0131llardan beri dengb\u00eajler taraf\u0131ndan s\u00f6ylenegelen, ku\u015faktan ku\u015fa\u011fa aktar\u0131lan \u00fcnl\u00fc bir destand\u0131r. Mem\u00ea Alan ile \u015fimdiye kadar pek \u00e7ok ara\u015ft\u0131rmac\u0131 ilgilenmi\u015f, onun \u00e7e\u015fitli derlemeleri yay\u0131mlanm\u0131\u015ft\u0131r. K\u00fcrdolog Roger Lescot taraf\u0131ndan, \u00f6zenle yap\u0131lan derlemelerinden biri, Celadet Bedirhan\u2019\u0131n yard\u0131m\u0131yla Frans\u0131zcaya \u00e7evrilmi\u015f ve K\u00fcrd\u00e7esiyle birlikte 1942 y\u0131l\u0131nda &hellip;<\/p>\n","protected":false},"author":32,"featured_media":22811,"comment_status":"open","ping_status":"open","sticky":false,"template":"","format":"standard","meta":{"footnotes":""},"categories":[5371,15],"tags":[6156,6157,1616],"class_list":["post-22810","post","type-post","status-publish","format-standard","has-post-thumbnail","","category-alinti-yazilar","category-edebiyat","tag-foklor","tag-kurt-destanlari","tag-manset"],"_links":{"self":[{"href":"https:\/\/candname.com\/tr\/index.php?rest_route=\/wp\/v2\/posts\/22810","targetHints":{"allow":["GET"]}}],"collection":[{"href":"https:\/\/candname.com\/tr\/index.php?rest_route=\/wp\/v2\/posts"}],"about":[{"href":"https:\/\/candname.com\/tr\/index.php?rest_route=\/wp\/v2\/types\/post"}],"author":[{"embeddable":true,"href":"https:\/\/candname.com\/tr\/index.php?rest_route=\/wp\/v2\/users\/32"}],"replies":[{"embeddable":true,"href":"https:\/\/candname.com\/tr\/index.php?rest_route=%2Fwp%2Fv2%2Fcomments&post=22810"}],"version-history":[{"count":0,"href":"https:\/\/candname.com\/tr\/index.php?rest_route=\/wp\/v2\/posts\/22810\/revisions"}],"wp:featuredmedia":[{"embeddable":true,"href":"https:\/\/candname.com\/tr\/index.php?rest_route=\/wp\/v2\/media\/22811"}],"wp:attachment":[{"href":"https:\/\/candname.com\/tr\/index.php?rest_route=%2Fwp%2Fv2%2Fmedia&parent=22810"}],"wp:term":[{"taxonomy":"category","embeddable":true,"href":"https:\/\/candname.com\/tr\/index.php?rest_route=%2Fwp%2Fv2%2Fcategories&post=22810"},{"taxonomy":"post_tag","embeddable":true,"href":"https:\/\/candname.com\/tr\/index.php?rest_route=%2Fwp%2Fv2%2Ftags&post=22810"}],"curies":[{"name":"wp","href":"https:\/\/api.w.org\/{rel}","templated":true}]}}