{"id":22795,"date":"2023-05-16T07:11:33","date_gmt":"2023-05-16T04:11:33","guid":{"rendered":"https:\/\/candname.com\/tr\/?p=22795"},"modified":"2023-05-14T15:17:05","modified_gmt":"2023-05-14T12:17:05","slug":"1-dunya-savasi-yillarinda-1916-kurd-tehciri","status":"publish","type":"post","link":"https:\/\/candname.com\/tr\/?p=22795","title":{"rendered":"1. D\u00fcnya Sava\u015f\u0131 Y\u0131llar\u0131nda 1916 K\u00dcRD TEHC\u0130R\u0130"},"content":{"rendered":"<div dir=\"auto\">Birinci D\u00fcnya Sava\u015f\u0131 s\u0131ras\u0131nda bu g\u00fcnk\u00fc idari yap\u0131yla 13 ili kapsayan, Erzurum, Bitlis, Van vilayetlerinde ya\u015fayan \u00e7o\u011fu K\u00fcrt, bir milyona yak\u0131n M\u00fcsl\u00fcman halk, Rus i\u015fgali dolays\u0131yla g\u00f6\u00e7 ederek m\u00fclteci durumuna d\u00fc\u015fm\u00fc\u015ft\u00fcr. Zaman\u0131n \u0130ttihat-Terakki H\u00fck\u00fcmeti, bu g\u00f6\u00e7\u00fc, zorla g\u00f6\u00e7\/tehcir hffline getirerek gizli bir politika ve asimilasyon amac\u0131yla, g\u00f6\u00e7 kafilelerini Anadolu&#8217;ya sevk etmi\u015ftir.<\/div>\n<div dir=\"auto\">B\u00fcy\u00fck dramlar\u0131n ya\u015fand\u0131\u011f\u0131 bu \u00f6l\u00fcm yolculu\u011funda. g\u00f6\u00e7 ko\u015fullar\u0131. a\u00e7l\u0131k ve salg\u0131n hastal\u0131klar dolays\u0131yla, resmi verilere g\u00f6re, g\u00f6\u00e7 eden bu insanlar\u0131n yar\u0131s\u0131ndan fazlas\u0131 ya\u015fam\u0131n\u0131 yitirmi\u015f. bir k\u0131sm\u0131 Anadolu i\u00e7lerinde yok olmu\u015f, az bir k\u0131sm\u0131 da sava\u015ftan sonra yurtlar\u0131na d\u00f6nebilmi\u015ftir. 1915-1917 y\u0131llar\u0131nda. yo\u011funluklu olarak 1916 y\u0131l\u0131nda ger\u00e7ekle\u015fen bu tehcir, b\u00fcy\u00fck bir trajedi olmas\u0131na kar\u015f\u0131n, bilinmemektedir.<\/div>\n<div dir=\"auto\">K\u00fcrtlerin siyasal olarak zay\u0131f olmalar\u0131, hi\u00e7bir kurumsal yap\u0131ya sahip olmamalar\u0131, i\u00e7 ve d\u0131\u015f destekten yoksun olmalar\u0131. Bat\u0131l\u0131 emperyalist g\u00fc\u00e7lerle farkl\u0131 dine sahip olmalar\u0131, bir y\u0131l \u00f6nce ger\u00e7ekle\u015fen Ermeni Tehciri&#8217;ne bula\u015ft\u0131rdm\u0131\u015f olmalar\u0131 gibi nedenler, K\u00fcrtlerin bu s\u00fcre\u00e7te yaln\u0131z kalmas\u0131nda ve bu tehcirin bilinmemesinde etkili olmu\u015ftur. Bu kitapta, Birinci D\u00fcnya Sava\u015f\u0131&#8217;n\u0131n K\u00fcrtlere etkileri, Ittihat ve Terakki h\u00fck\u00fcmetlerinin bu d\u00f6nemdeki isk\u00e2n ve n\u00fcfus m\u00fchendisli\u011fi politikala-r\u0131n\u0131n bir sonucu olarak ger\u00e7ekle\u015fen 1916 B\u00fcy\u00fck K\u00fcrt Tehciri: geni\u015f bir ar\u015fiv tara\u0131nas\u0131yla ara\u015ft\u0131r\u0131lm\u0131\u015f, baz\u0131 s\u00f6zl\u00fc tarih anlat\u0131mlar\u0131yla desteklenip de\u011ferlendirilmi\u015ftir.<\/div>\n<div dir=\"auto\"><\/div>\n<div dir=\"auto\">\n<div class=\"author\">Yazar:\u00a0Celal Temel<\/div>\n<div id=\"publisherName\" class=\"author\">Yay\u0131nevi:\u00a0\u0130smail Be\u015fik\u00e7i Vakf\u0131<\/div>\n<div>\n<div class=\"short-prop\">Sayfa Say\u0131s\u0131:\u00a0458<\/div>\n<div class=\"short-prop\">Ebat:\u00a013,5 x 21<\/div>\n<div class=\"short-prop\">\u0130lk Bask\u0131 Y\u0131l\u0131:\u00a02021<\/div>\n<div class=\"short-prop\">Bask\u0131 Say\u0131s\u0131:\u00a01. Bas\u0131m<\/div>\n<div class=\"short-prop\">Dil:\u00a0T\u00fcrk\u00e7e<\/div>\n<\/div>\n<\/div>\n","protected":false},"excerpt":{"rendered":"<p>Birinci D\u00fcnya Sava\u015f\u0131 s\u0131ras\u0131nda bu g\u00fcnk\u00fc idari yap\u0131yla 13 ili kapsayan, Erzurum, Bitlis, Van vilayetlerinde ya\u015fayan \u00e7o\u011fu K\u00fcrt, bir milyona yak\u0131n M\u00fcsl\u00fcman halk, Rus i\u015fgali dolays\u0131yla g\u00f6\u00e7 ederek m\u00fclteci durumuna d\u00fc\u015fm\u00fc\u015ft\u00fcr. Zaman\u0131n \u0130ttihat-Terakki H\u00fck\u00fcmeti, bu g\u00f6\u00e7\u00fc, zorla g\u00f6\u00e7\/tehcir hffline getirerek gizli bir politika ve asimilasyon amac\u0131yla, g\u00f6\u00e7 kafilelerini Anadolu&#8217;ya sevk etmi\u015ftir. B\u00fcy\u00fck dramlar\u0131n ya\u015fand\u0131\u011f\u0131 bu &hellip;<\/p>\n","protected":false},"author":32,"featured_media":22796,"comment_status":"open","ping_status":"open","sticky":false,"template":"","format":"standard","meta":{"footnotes":""},"categories":[25],"tags":[6152,1616,6153],"class_list":["post-22795","post","type-post","status-publish","format-standard","has-post-thumbnail","","category-tarih","tag-kurt-tehciri","tag-manset","tag-surgunler"],"_links":{"self":[{"href":"https:\/\/candname.com\/tr\/index.php?rest_route=\/wp\/v2\/posts\/22795","targetHints":{"allow":["GET"]}}],"collection":[{"href":"https:\/\/candname.com\/tr\/index.php?rest_route=\/wp\/v2\/posts"}],"about":[{"href":"https:\/\/candname.com\/tr\/index.php?rest_route=\/wp\/v2\/types\/post"}],"author":[{"embeddable":true,"href":"https:\/\/candname.com\/tr\/index.php?rest_route=\/wp\/v2\/users\/32"}],"replies":[{"embeddable":true,"href":"https:\/\/candname.com\/tr\/index.php?rest_route=%2Fwp%2Fv2%2Fcomments&post=22795"}],"version-history":[{"count":0,"href":"https:\/\/candname.com\/tr\/index.php?rest_route=\/wp\/v2\/posts\/22795\/revisions"}],"wp:featuredmedia":[{"embeddable":true,"href":"https:\/\/candname.com\/tr\/index.php?rest_route=\/wp\/v2\/media\/22796"}],"wp:attachment":[{"href":"https:\/\/candname.com\/tr\/index.php?rest_route=%2Fwp%2Fv2%2Fmedia&parent=22795"}],"wp:term":[{"taxonomy":"category","embeddable":true,"href":"https:\/\/candname.com\/tr\/index.php?rest_route=%2Fwp%2Fv2%2Fcategories&post=22795"},{"taxonomy":"post_tag","embeddable":true,"href":"https:\/\/candname.com\/tr\/index.php?rest_route=%2Fwp%2Fv2%2Ftags&post=22795"}],"curies":[{"name":"wp","href":"https:\/\/api.w.org\/{rel}","templated":true}]}}