{"id":22791,"date":"2023-05-16T07:00:14","date_gmt":"2023-05-16T04:00:14","guid":{"rendered":"https:\/\/candname.com\/tr\/?p=22791"},"modified":"2023-05-14T14:56:11","modified_gmt":"2023-05-14T11:56:11","slug":"azerbaycenin-bir-kurt-cografyasi-mi","status":"publish","type":"post","link":"https:\/\/candname.com\/tr\/?p=22791","title":{"rendered":"Azerbaycen&#8217;\u0131n bir K\u00fcrt cografyas\u0131 m\u0131?"},"content":{"rendered":"<div class=\"xdj266r x11i5rnm xat24cr x1mh8g0r x1vvkbs x126k92a\">\n<div dir=\"auto\">Azerbaycen&#8217;\u0131n bir K\u00fcrt cografyas\u0131 olduguna dair tarihsel verileri bolca bulmak m\u00fcmk\u00fcnd\u00fcr. \u0130bn Haldun a\u00e7\u0131k bir \u015fekilde Azerbeycan&#8217;\u0131n K\u00fcrt cografyas\u0131 K\u00fcrdistan&#8217;\u0131n bir parcas\u0131 olduguna dikkat ceker.<\/div>\n<\/div>\n<div class=\"x11i5rnm xat24cr x1mh8g0r x1vvkbs xtlvy1s x126k92a\">\n<div dir=\"auto\">\u0130bn Haldun, Hulag\u00fc&#8217;n\u00fcn Bagdad&#8217;a giderken Azerbeycan da K\u00fcrtlerin direni\u015fi ile kars\u0131la\u015ft\u0131g\u0131n\u0131 ifade etmektedir. tarih; H. 656.<\/div>\n<\/div>\n<div class=\"x11i5rnm xat24cr x1mh8g0r x1vvkbs xtlvy1s x126k92a\">\n<div dir=\"auto\">1660 senesinde Thomas Herbert, \u0130ran seyhatnamsinde Tebriz&#8217;\u015fi dola\u015f\u0131rken cografyan\u0131n &#8220;Cortestan&#8221; (&#8220;land of the Kurds&#8221;), yani K\u00fcrt yurdu olarak adland\u0131r\u0131ld\u0131g\u0131na dikkat \u00e7ekiyor.<\/div>\n<\/div>\n<div class=\"x11i5rnm xat24cr x1mh8g0r x1vvkbs xtlvy1s x126k92a\">\n<div dir=\"auto\">Tebriz Krall\u0131g\u0131 Dunbuli\/Dim\u00eell\u00ee yan, Zaza krall\u0131g\u0131 olduguna dikkat cekiyor. bu krall\u0131k 1779 senesinde kald\u0131r\u0131ld\u0131. Ka\u00e7ar d\u00f6neminde ise \u015eiile\u015ftirme, Fars ve T\u00fcrkle\u015ftirme politikas\u0131 uyguland\u0131.<\/div>\n<\/div>\n<div class=\"x11i5rnm xat24cr x1mh8g0r x1vvkbs xtlvy1s x126k92a\">\n<div dir=\"auto\">daha sonra 20 yy ba\u015flar\u0131nja kadar K\u00fcrtlerin idaresi alt\u0131nda olan Tebriz, Azerbeycan, daha sonra Ruslar\u0131 b\u00f6lgeye farkl\u0131 milletlerin yerle\u015ftirilesi politikas\u0131 uyguland\u0131. Rewandi K\u00fcrt krall\u0131g\u0131, Azerbeycan, Azeri ad\u0131n\u0131 ald\u0131.<\/div>\n<\/div>\n<div class=\"x11i5rnm xat24cr x1mh8g0r x1vvkbs xtlvy1s x126k92a\">\n<div dir=\"auto\">Rusya b\u00f6ylece uzun y\u0131llar Azerbeycan&#8217;\u0131 \u0130ran&#8217;a teslim ederek, \u0130ran&#8217;\u0131n idaresine b\u0131rak\u0131lmas\u0131nda rol oynad\u0131.<\/div>\n<\/div>\n<div class=\"x11i5rnm xat24cr x1mh8g0r x1vvkbs xtlvy1s x126k92a\">\n<div dir=\"auto\">Ayr\u0131ca, &#8220;eski azerice&#8221; K\u00fcrt\u00e7enin bir parcas\u0131 ve alt kolu oldugu tarihsel veriler ile desteklendi\u011fi tart\u0131\u015fmas\u0131zd\u0131r.<\/div>\n<\/div>\n<div class=\"x11i5rnm xat24cr x1mh8g0r x1vvkbs xtlvy1s x126k92a\">\n<div dir=\"auto\">\u015eeyh Ubeydullah&#8217;\u0131n Tebrize Vali atamas\u0131na kadar Azerbeycan K\u00fcrdistan&#8217;\u0131n bir parcas\u0131 oldugunu asla red edememi\u015flerdir. \u015eeyh Ubeydullah&#8217;tan sonra cografya kolonize edilmi\u015ftir.<\/div>\n<div dir=\"auto\"><img loading=\"lazy\" decoding=\"async\" class=\"alignnone size-full wp-image-22792\" src=\"https:\/\/candname.com\/tr\/wp-content\/uploads\/2023\/05\/azerbeycan.jpeg\" alt=\"\" width=\"679\" height=\"242\" \/><\/div>\n<div dir=\"auto\"><img loading=\"lazy\" decoding=\"async\" class=\"alignnone size-full wp-image-22793\" src=\"https:\/\/candname.com\/tr\/wp-content\/uploads\/2023\/05\/azerbeycan1.jpeg\" alt=\"\" width=\"1080\" height=\"525\" \/><\/div>\n<div dir=\"auto\"><\/div>\n<div dir=\"auto\"><strong>(Bu yaz\u0131 Huseyn Siyabend Aytemur facebook sayfas\u0131ndan al\u0131nm\u0131\u015ft\u0131r)<\/strong><\/div>\n<\/div>\n","protected":false},"excerpt":{"rendered":"<p>Azerbaycen&#8217;\u0131n bir K\u00fcrt cografyas\u0131 olduguna dair tarihsel verileri bolca bulmak m\u00fcmk\u00fcnd\u00fcr. \u0130bn Haldun a\u00e7\u0131k bir \u015fekilde Azerbeycan&#8217;\u0131n K\u00fcrt cografyas\u0131 K\u00fcrdistan&#8217;\u0131n bir parcas\u0131 olduguna dikkat ceker. \u0130bn Haldun, Hulag\u00fc&#8217;n\u00fcn Bagdad&#8217;a giderken Azerbeycan da K\u00fcrtlerin direni\u015fi ile kars\u0131la\u015ft\u0131g\u0131n\u0131 ifade etmektedir. tarih; H. 656. 1660 senesinde Thomas Herbert, \u0130ran seyhatnamsinde Tebriz&#8217;\u015fi dola\u015f\u0131rken cografyan\u0131n &#8220;Cortestan&#8221; (&#8220;land of the Kurds&#8221;), &hellip;<\/p>\n","protected":false},"author":32,"featured_media":22792,"comment_status":"open","ping_status":"open","sticky":false,"template":"","format":"standard","meta":{"footnotes":""},"categories":[5371],"tags":[5581,3789,1616,5823],"class_list":["post-22791","post","type-post","status-publish","format-standard","has-post-thumbnail","","category-alinti-yazilar","tag-azerbeycan","tag-azeri","tag-manset","tag-tebriz"],"_links":{"self":[{"href":"https:\/\/candname.com\/tr\/index.php?rest_route=\/wp\/v2\/posts\/22791","targetHints":{"allow":["GET"]}}],"collection":[{"href":"https:\/\/candname.com\/tr\/index.php?rest_route=\/wp\/v2\/posts"}],"about":[{"href":"https:\/\/candname.com\/tr\/index.php?rest_route=\/wp\/v2\/types\/post"}],"author":[{"embeddable":true,"href":"https:\/\/candname.com\/tr\/index.php?rest_route=\/wp\/v2\/users\/32"}],"replies":[{"embeddable":true,"href":"https:\/\/candname.com\/tr\/index.php?rest_route=%2Fwp%2Fv2%2Fcomments&post=22791"}],"version-history":[{"count":0,"href":"https:\/\/candname.com\/tr\/index.php?rest_route=\/wp\/v2\/posts\/22791\/revisions"}],"wp:featuredmedia":[{"embeddable":true,"href":"https:\/\/candname.com\/tr\/index.php?rest_route=\/wp\/v2\/media\/22792"}],"wp:attachment":[{"href":"https:\/\/candname.com\/tr\/index.php?rest_route=%2Fwp%2Fv2%2Fmedia&parent=22791"}],"wp:term":[{"taxonomy":"category","embeddable":true,"href":"https:\/\/candname.com\/tr\/index.php?rest_route=%2Fwp%2Fv2%2Fcategories&post=22791"},{"taxonomy":"post_tag","embeddable":true,"href":"https:\/\/candname.com\/tr\/index.php?rest_route=%2Fwp%2Fv2%2Ftags&post=22791"}],"curies":[{"name":"wp","href":"https:\/\/api.w.org\/{rel}","templated":true}]}}