{"id":22788,"date":"2023-05-14T14:34:54","date_gmt":"2023-05-14T11:34:54","guid":{"rendered":"https:\/\/candname.com\/tr\/?p=22788"},"modified":"2023-05-14T14:34:54","modified_gmt":"2023-05-14T11:34:54","slug":"4-cermik-kitap-fuari-izlenimlerim","status":"publish","type":"post","link":"https:\/\/candname.com\/tr\/?p=22788","title":{"rendered":"4. \u00c7ermik Kitap Fuar\u0131 izlenimlerim"},"content":{"rendered":"<p>25-30 Nisan 2023 tarihleri aras\u0131nda \u00c7ermik\u2019te Kaymakaml\u0131k, Belediye ve \u0130l\u00e7e Milli E\u011fitim M\u00fcd\u00fcrl\u00fc\u011f\u00fc\u2019n\u00fcn deste\u011fiyle\u00a0<strong>4. \u00c7ermik Kitap Fuar\u0131<\/strong>\u00a0d\u00fczenlendi.<\/p>\n<p>Fuar d\u00fczenlenmeden \u00f6nce \u0130l\u00e7e Milli E\u011fitim M\u00fcd\u00fcr\u00fc Sn. Murat Bozdo\u011fan taraf\u0131ndan fuara davet edildim. Her yerde ve her ortamda bulunup sesimizi duyurmal\u0131y\u0131z anlay\u0131\u015f\u0131m\u0131n gere\u011fi daveti kabul ettim ve \u0130stanbul\u2019dan fuara gittim. G\u00fczel de oldu. Fuara az da olsa bir katk\u0131m\u0131n olmas\u0131; Cumali E\u015fsizo\u011flu, Do\u011fan Karaa\u011fa\u00e7, S\u00fcleyman Demirkol ve Mustafa Nesim Sevin\u00e7 gibi tan\u0131d\u0131k \u015fair ve yazar arkada\u015flar\u0131m\u0131 g\u00f6rmem; kitap standlar\u0131 aras\u0131nda gezip kitaplar\u0131 incelemem; do\u011fup b\u00fcy\u00fcd\u00fc\u011f\u00fcm mek\u00e2nlar\u0131 g\u00f6rmem beni fazlas\u0131yla mutlu etti. Ayr\u0131ca feodal de\u011fer yarg\u0131lar\u0131n\u0131n amans\u0131zca h\u00fck\u00fcm s\u00fcrd\u00fc\u011f\u00fc ve sanki zaman\u0131n durdu\u011fu \u00c7ermik\u2019te yemek yedi\u011fimiz lokantada garson olarak gen\u00e7 k\u0131zlar\u0131n \u00e7al\u0131\u015ft\u0131klar\u0131n\u0131 g\u00f6rmem beni \u00e7ok sevindirdi. Bu geli\u015fmenin \u00e7ok \u00f6nemli oldu\u011funu d\u00fc\u015f\u00fcn\u00fcyorum. \u015eeytan\u0131n aya\u011f\u0131 k\u0131r\u0131ld\u0131, derim.<\/p>\n<div class=\"banner banner-wide\"><\/div>\n<p>Kitap Fuar\u0131 biraz resmiyet koksa da organizasyonu ba\u015far\u0131l\u0131yd\u0131: Davet edilen ve gelen 37 yazar ve \u015fairin her birine bir rehber \u00f6\u011fretmenin g\u00f6revlendirilmesi, fuar kapsam\u0131nda Belediye Konferans Salonu\u2019nda konu\u015fma yapan yazar ve \u015fairlere dinleyici olarak g\u00f6revli \u00f6\u011fretmenlerin e\u015fli\u011finde okullardan \u00f6\u011frencilerin getirilmesi, Kapal\u0131 Spor Salonu\u2019nda kitap stantlar\u0131nda kitap sat\u0131\u015f i\u015flerini bir \u00f6\u011fretmenin sorumlulu\u011funda k\u0131z ve erkek \u00f6\u011frencilerin yap\u0131yor olmas\u0131, k\u00f6y okullar\u0131n\u0131n yetkililerine 500-600 TL\u2019lik \u00e7ekler verilerek k\u00f6y okul k\u00fct\u00fcphanelerine kitap al\u0131m imk\u00e2n\u0131n\u0131n yarat\u0131lmas\u0131 gibi&#8230; Fuar kapsam\u0131nda yap\u0131lan di\u011fer bir\u00e7ok \u00e7al\u0131\u015fmada da hep \u00f6\u011fretmen ve \u00f6\u011frenciler vard\u0131. Ayr\u0131ca bir\u00e7ok \u00f6nemli yay\u0131nevinin kitaplar\u0131 fuarda mevcuttu, ama yay\u0131nevi yetkili veya temsilcilerini hi\u00e7 g\u00f6rmedim. Anlad\u0131\u011f\u0131m kadar\u0131yla t\u00fcm fuar \u00e7al\u0131\u015fmalar\u0131nda masraflar belediyece kar\u015f\u0131lanm\u0131\u015ft\u0131r.<\/p>\n<div class=\"banner banner-wide\"><\/div>\n<p>Benim Fuar etkinlikleri kapsam\u0131nda 28 Nisan Cuma g\u00fcn\u00fc sabah 10.30\u2019da Belediye Konferans Salonu\u2019nda\u00a0<strong>Tarih Bilinci<\/strong>\u00a0\u00fczerine bir konu\u015fmam ve \u00f6\u011fleden sonra da 14.00-16.00 aras\u0131\u00a0<strong>Yaz\u0131l\u0131 Kaynaklarda \u00c7ERM\u0130K<\/strong>\u00a0kitab\u0131n\u0131 imzalamam oldu.<\/p>\n<p>Sabah Konferans Salonu\u2019ndaki yapt\u0131\u011f\u0131m konu\u015fmaya dinleyici olarak 100\u2019e yak\u0131n lise 2. ve 3. s\u0131n\u0131f \u00f6\u011frencileri getirilmi\u015fti, ayr\u0131ca 6-7 \u00f6\u011fretmen vard\u0131 salonda. Konu\u015fmamda yay\u0131mlanan\u00a0<strong>Yaz\u0131l\u0131 Kaynaklarda \u00c7ERM\u0130K<\/strong>\u00a0kitab\u0131m \u00fczerinde biraz durdum: T\u00fcrk\u00e7e, Osmanl\u0131ca, Ermenice, Frans\u0131zca kaynaklarda bulabildi\u011fim bilgileri bir araya getirmeyi hedefledi\u011fimi, ileriki y\u0131llarda \u00c7ermik hakk\u0131nda kapsaml\u0131 \u00e7al\u0131\u015fma yapacak olanlara bir katk\u0131m\u0131n olmas\u0131n\u0131 istedi\u011fimi; de\u011fi\u015fik kaynaklarda yer alan bilgileri, metinleri oldu\u011fu gibi aktarmaya \u00e7al\u0131\u015ft\u0131\u011f\u0131m\u0131, ama yeri geldi\u011finde de baz\u0131lar\u0131na kendi \u015ferhimi d\u00fc\u015ft\u00fc\u011f\u00fcm\u00fc belirtim. Do\u011fa\u00e7lama yapt\u0131\u011f\u0131m konu\u015fmada mealen \u015funlar\u0131 s\u00f6yledim:<\/p>\n<div class=\"banner banner-wide\"><\/div>\n<p>Tarihte ger\u00e7ekle\u015fmi\u015f olaylar, olup bitmi\u015f olaylard\u0131r. Olup biten olaylar\u0131 \u015fimdi herkes kendisine g\u00f6re, kendi anlay\u0131\u015f ve zaviyesinden yaz\u0131yor. Daha do\u011fru bir ifadeyle g\u00fc\u00e7l\u00fc olanlar, egemen olanlar tarihi kendilerine g\u00f6re yaz\u0131yor. Bundan dolay\u0131, tarih tarafl\u0131d\u0131r. Hani bir s\u00f6z vard\u0131r: \u201c<em>Aslanlar kendi tarihlerini yazmad\u0131k\u00e7a, tarihi avc\u0131lar yazmaya devam eder<\/em>.\u201d Dikkatli olmal\u0131y\u0131z, tarih kitaplar\u0131n\u0131 okurken ak\u0131l s\u00fczgecinden ge\u00e7irmeyi unutmamal\u0131y\u0131z.<\/p>\n<p>Bizler kasaba veya vilayetlerde ikametg\u00e2h etsek de \u00e7o\u011funlukla k\u00f6yl\u00fc\/g\u00f6\u00e7ebe zihniyetini ta\u015f\u0131yoruz. G\u00f6\u00e7ebe toplumlarda ya da k\u00f6yl\u00fc zihniyetinin egemen oldu\u011fu toplumlarda genellikle Tarih Bilinci olmaz! Sadece tarih bilinci de\u011fil, mezar ta\u015f\u0131 bile olmaz.<\/p>\n<div class=\"banner banner-wide\"><\/div>\n<p>Ailemize, k\u00f6y\u00fcm\u00fcze, kasabam\u0131za, ulusumuza ait yaz\u0131l\u0131 belge, foto\u011fraf, nesne ve mek\u00e2nlar\u0131 koruyamad\u0131k, koruyam\u0131yoruz ya da korumuyoruz. Aile tarihini dedelerimizin, ninelerimizin, baba ve annelerimizin isimlerini do\u011fan \u00e7ocuklar\u0131m\u0131za vererek 2-3 ku\u015fak ya\u015fat\u0131yoruz, sonras\u0131nda da unutuyoruz.<\/p>\n<p>Bizlerde sadece Tarih Bilinci eksik de\u011fil; tarihi g\u00fcnlere, tarihi olaylara, ya\u015fanm\u0131\u015fl\u0131klara dair de d\u00fc\u015f\u00fcnce k\u0131tl\u0131\u011f\u0131 i\u00e7erisindeyiz. B\u00f6lgemiz insanlar\u0131n\u0131n, \u00f6zellikle ge\u00e7mi\u015f zamanlarda, \u00e7o\u011funun do\u011fum, evlenme ve \u00f6l\u00fcm tarihleri yanl\u0131\u015ft\u0131r. Yapt\u0131\u011f\u0131m \u00e7al\u0131\u015fmalarda bizzat buna \u015fahit oldum. Ben ve benden \u00f6nceki ku\u015faklar do\u011fum g\u00fcn\u00fc kutlamas\u0131n\u0131 bilmezdi. Bizler do\u011fum g\u00fcnlerimizi kutlamazd\u0131k, halen de bu davran\u0131\u015f\u0131m\u0131z\u0131n yayg\u0131n oldu\u011funu s\u00f6yleyebilirim, yani zamandan yoksun ya\u015f\u0131yoruz. Bir di\u011fer \u00f6nemli husus da, bizlerin tarihle ilgisi sadece ge\u00e7mi\u015fte ger\u00e7ekle\u015fmi\u015f olaylar\u0131n ser\u00fcven yan\u0131yla ilgili olu\u015fudur. Bizler s\u00f6z konusu olaylar ne zaman oldu, neden oldu, nerede oldu, nas\u0131l geli\u015fti, etkisi olumlu veya olumsuz nas\u0131l oldu sorular\u0131n\u0131 sormuyoruz, soru sormay\u0131 kulak ard\u0131 ediyoruz. Bu anlatt\u0131klar\u0131m sadece \u00c7ermikle alakal\u0131 bir durum de\u011fil, b\u00f6lgemize mahsus bir durumdur.<\/p>\n<div class=\"banner banner-wide\"><\/div>\n<p>Okudu\u011fumuz ya da anlat\u0131lan \u015feylerin do\u011frulu\u011funu kabul etmeden \u00f6nce anlat\u0131lan ya da yaz\u0131lanlar \u00fczerinde iyice d\u00fc\u015f\u00fcn\u00fcp sorular sormuyoruz. Soru sormay\u0131nca do\u011fru cevab\u0131 nas\u0131l bulaca\u011f\u0131z, do\u011fru olup olmad\u0131\u011f\u0131na nas\u0131l karar verece\u011fiz? Sizlere \u00f6nerim: Her \u015feyi ak\u0131l s\u00fczgecinden ge\u00e7irin ve kar\u015f\u0131tlar\u0131yla, kavramlarla d\u00fc\u015f\u00fcn\u00fcn. B\u00f6yle yapmad\u0131\u011f\u0131m\u0131zda bizler hi\u00e7bir zaman do\u011fru cevab\u0131 bulamay\u0131z. \u00d6rne\u011fin; ya\u015fad\u0131\u011f\u0131m\u0131z co\u011frafya neden her konuda geri kalm\u0131\u015ft\u0131r? Neden K\u00fcrt Ulusal Bilinci gecikmeli geli\u015fti veya geli\u015fiyor? Neden tarihi eserleri koruyam\u0131yoruz? Neden ba\u015fka b\u00f6lgelere g\u00f6re b\u00f6lgemizden \u00e7ok az bilim insan\u0131, yazar, \u015fair, d\u00fc\u015f\u00fcn\u00fcr \u00e7\u0131k\u0131yor? Neden \u00c7ermik\u2019te \u201cKan Davas\u0131\u201d hi\u00e7 bitmiyor?<\/p>\n<p>Bu ve benzeri sorulara do\u011fru cevaplar\u0131 bulabilmeniz i\u00e7in, sizlerin \u00f6ncelikle derslerinize \u00e7ok \u00e7al\u0131\u015f\u0131p okullar\u0131n\u0131z\u0131 ba\u015far\u0131yla bitirmeniz laz\u0131m. Sonras\u0131nda da olay ve olgular\u0131n nedenleri, etkileri ve \u00e7\u00f6z\u00fcm yollar\u0131 konusunda d\u00fc\u015f\u00fcnceler \u00fcretebilirsiniz. Ama bunun i\u00e7in de \u00e7ok okumal\u0131s\u0131n\u0131z.<\/p>\n<p>S\u00f6zlerimi uzat\u0131p sizleri s\u0131kmak istemiyorum. Derim ki, \u00f6ncelikle kendi ailemizi, kendi k\u00f6y\u00fcm\u00fcz\u00fc, kendi kasabam\u0131z\u0131 ve en \u00f6nemlisi de kendi insan\u0131m\u0131z\u0131 tan\u0131mal\u0131y\u0131z. Bunun yolu Tarih Bilincine sahip olmaktan ge\u00e7er. Kendi insan\u0131m\u0131z\u0131 iyi tan\u0131madan toplumumuzu ileriye ta\u015f\u0131yamay\u0131z, de\u011fi\u015fim ve d\u00f6n\u00fc\u015f\u00fcm\u00fc ger\u00e7ekle\u015ftiremeyiz.<\/p>\n<p>Unutmayal\u0131m, de\u011fi\u015fimi ba\u015faramayanlar ba\u015fkalar\u0131 taraf\u0131ndan de\u011fi\u015ftirilir.<\/p>\n<p>Konu\u015fmama son verirken sizlere sevgi ve ba\u015far\u0131 dileklerimi sunuyorum. Ayr\u0131ca \u00c7ermikli yazar K\u00e2mil S\u00fcmb\u00fcl\u2019\u00fcn, -fuara gelemedi\u011fi i\u00e7in-, benim arac\u0131l\u0131\u011f\u0131mla sizlere selam, sevgi ve ba\u015far\u0131 dileklerini iletti\u011fini bilmenizi istiyorum.<\/p>\n<p>***<\/p>\n<p>Konu\u015fmam\u0131 bitirdikten sonra soru ve cevap fasl\u0131na ge\u00e7ildi.<\/p>\n<p><strong>4. \u00c7ermik Kitap Fuar\u0131<\/strong>\u00a0\u00e7al\u0131\u015fmalar\u0131nda g\u00f6rev al\u0131p da benim tan\u0131\u015fabildi\u011fim Murat Bozdo\u011fan, Zeynep Do\u011fruyol, Hekim \u00c7oban ve \u0130sa Y\u00fcksekkaya\u2019ya ilgi ve gayretlerinden dolay\u0131 te\u015fekk\u00fcr ederim. Fuara eme\u011fi ge\u00e7en herkesi ayr\u0131ms\u0131z kutluyorum. Nice fuarlara&#8230;<\/p>\n<p>&nbsp;<\/p>\n<p><strong>M\u00fcsl\u00fcm \u00dcz\u00fclmez-Tigris haber<\/strong><\/p>\n","protected":false},"excerpt":{"rendered":"<p>25-30 Nisan 2023 tarihleri aras\u0131nda \u00c7ermik\u2019te Kaymakaml\u0131k, Belediye ve \u0130l\u00e7e Milli E\u011fitim M\u00fcd\u00fcrl\u00fc\u011f\u00fc\u2019n\u00fcn deste\u011fiyle\u00a04. \u00c7ermik Kitap Fuar\u0131\u00a0d\u00fczenlendi. Fuar d\u00fczenlenmeden \u00f6nce \u0130l\u00e7e Milli E\u011fitim M\u00fcd\u00fcr\u00fc Sn. Murat Bozdo\u011fan taraf\u0131ndan fuara davet edildim. Her yerde ve her ortamda bulunup sesimizi duyurmal\u0131y\u0131z anlay\u0131\u015f\u0131m\u0131n gere\u011fi daveti kabul ettim ve \u0130stanbul\u2019dan fuara gittim. G\u00fczel de oldu. Fuara az da olsa &hellip;<\/p>\n","protected":false},"author":32,"featured_media":22789,"comment_status":"open","ping_status":"open","sticky":false,"template":"","format":"standard","meta":{"footnotes":""},"categories":[5357],"tags":[5564,5618,6151,573,1616],"class_list":["post-22788","post","type-post","status-publish","format-standard","has-post-thumbnail","","category-yayincilik","tag-cermik","tag-cermik-kaplica","tag-cermik-kitap-fuari","tag-diyarbakir","tag-manset"],"_links":{"self":[{"href":"https:\/\/candname.com\/tr\/index.php?rest_route=\/wp\/v2\/posts\/22788","targetHints":{"allow":["GET"]}}],"collection":[{"href":"https:\/\/candname.com\/tr\/index.php?rest_route=\/wp\/v2\/posts"}],"about":[{"href":"https:\/\/candname.com\/tr\/index.php?rest_route=\/wp\/v2\/types\/post"}],"author":[{"embeddable":true,"href":"https:\/\/candname.com\/tr\/index.php?rest_route=\/wp\/v2\/users\/32"}],"replies":[{"embeddable":true,"href":"https:\/\/candname.com\/tr\/index.php?rest_route=%2Fwp%2Fv2%2Fcomments&post=22788"}],"version-history":[{"count":0,"href":"https:\/\/candname.com\/tr\/index.php?rest_route=\/wp\/v2\/posts\/22788\/revisions"}],"wp:featuredmedia":[{"embeddable":true,"href":"https:\/\/candname.com\/tr\/index.php?rest_route=\/wp\/v2\/media\/22789"}],"wp:attachment":[{"href":"https:\/\/candname.com\/tr\/index.php?rest_route=%2Fwp%2Fv2%2Fmedia&parent=22788"}],"wp:term":[{"taxonomy":"category","embeddable":true,"href":"https:\/\/candname.com\/tr\/index.php?rest_route=%2Fwp%2Fv2%2Fcategories&post=22788"},{"taxonomy":"post_tag","embeddable":true,"href":"https:\/\/candname.com\/tr\/index.php?rest_route=%2Fwp%2Fv2%2Ftags&post=22788"}],"curies":[{"name":"wp","href":"https:\/\/api.w.org\/{rel}","templated":true}]}}