{"id":22769,"date":"2023-05-06T07:06:33","date_gmt":"2023-05-06T04:06:33","guid":{"rendered":"https:\/\/candname.com\/tr\/?p=22769"},"modified":"2023-05-04T17:09:13","modified_gmt":"2023-05-04T14:09:13","slug":"said-i-kurdi-ben-kurdistan-daglarinda-buyudum","status":"publish","type":"post","link":"https:\/\/candname.com\/tr\/?p=22769","title":{"rendered":"SA\u00ceD-\u00ce KURD\u00ce: \u201cBEN K\u00dcRD\u0130STAN DA\u011eLARINDA B\u00dcY\u00dcD\u00dcM\u201d"},"content":{"rendered":"<p>Said-i Kurdi, \u00dcniversite i\u00e7in Padi\u015fah\u2019\u0131n kap\u0131s\u0131n\u0131 \u00e7al\u0131yor. Said-i Kurdi\u2019nin bu talebini \u201dayr\u0131l\u0131k-b\u00f6l\u00fcc\u00fcl\u00fck\u201d olarak g\u00f6ren Zaptiye Naz\u0131r\u0131 ve Said-i Kurdi aras\u0131nda son derece sert bir tart\u0131\u015fma ya\u015fan\u0131yor. Naz\u0131r, Said-i Kurdi\u2019ye \u201dMaa\u015f al, K\u00fcrtler i\u00e7in \u00dcniversite talebinden vazge\u00e7 \u201d \u00e7\u0131k\u0131s\u0131 yap\u0131yor. Said-i Kurdi\u2019nin cevab\u0131 a\u015fa\u011f\u0131daki gibidir.<\/p>\n<p><strong><em>Zaptiye N\u00e2z\u0131n:\u00a0<\/em><\/strong>\u201cP\u00e2di\u015f\u00e2h sana sel\u00e2m etmi\u015f, bin kuru\u015f da maa\u015f ba\u011fla\u00adm\u0131\u015f. Sonra da yirmi-otuz lira yapacak\u201d dedi.<\/p>\n<p><strong><em>Cevaben:\u00a0<\/em><\/strong>\u201cBen maa\u015f dilencisi de\u011filim, bin lira da olsa kabul edemem. Kendim i\u00e7in gelmedim, milletim i\u00e7in geldim. Hem de bu bana vermek istedi\u00ad\u011finiz r\u00fc\u015fvet ve hakk-\u0131 s\u00fck\u00fbttur.\u201d<\/p>\n<p><strong><em>Naz\u0131r:\u00a0<\/em><\/strong>\u201c\u0130rade\u2019yi reddediyorsun, trade reddolunmaz.\u201d<\/p>\n<p><em><strong>Cevaben dedim<\/strong>:\u00a0<\/em>\u201cReddediyorum. T\u00e2 ki P\u00e2di\u015f\u00e2h dar\u0131ls\u0131n, beni \u00e7a\u011f\u0131rs\u0131n, ben de do\u011frusunu s\u00f6yleyeyim.\u201d<\/p>\n<p><strong><em>Naz\u0131r:\u00a0<\/em><\/strong>\u201cNeticesi vahimdir.\u201d<\/p>\n<p><strong><em>Cevaben:\u00a0<\/em><\/strong>\u201cNeticesi deniz olsa geni\u015f bir kabirdir. \u0130dam olunsam bir mil\u00adletin kalbinde yataca\u011f\u0131m. Hem de \u0130stanbul\u2019a geldi\u011fim vakit hayat\u0131m\u0131 r\u00fc\u015fvet getirmi\u015fim, ne ederseniz ediniz.<\/p>\n<p><strong>Bunu da cidd\u00ee s\u00f6yl\u00fcyorum;<\/strong>\u00a0Ben isterim ki, ebn\u00e2-y\u0131 cinsimi bil-fiil ikaz edeyim ki, devlete intis\u00e2b hizmet etmek i\u00e7indir, maa\u015f kapmak i\u00e7in de\u011fildir.\u00a0<em>Hem de benim gibi bir adam\u0131n millete ve devlete hizmeti nasihatlad\u0131r. O da h\u00fcsn-\u00fc tesirledir. O da hasb\u00eelikledir. Bu da garazs\u0131zl\u0131k, o da ivazs\u0131zl\u0131k, o da\u00a0<\/em><em>terk-i men\u00e2fi-i \u015fahsiye iledir. Bin\u00e2enaleyh, ben maa\u015f\u0131n kabul\u00fcnde mazurum.\u201d<\/em><\/p>\n<p><strong><em>Naz\u0131r:\u00a0<\/em><\/strong>\u201cSenin, K\u00fcrdistan\u2019da ne\u015fr-i maarif olan maksad\u0131n Meclis-i V\u00fc-kel\u00e2\u2019da derdest-i tezekk\u00fcrd\u00fcr.\u201d<\/p>\n<p><strong><em>Cevaben:\u00a0<\/em><\/strong>\u201cAcaba ma\u00e2rifi te\u2019hir, maa\u015f\u0131 ta\u2019\u00e7il edersiniz, ne kaide iledir? Menfaat-\u0131 \u015fahsiyemi menfaat-\u0131 umumiye-i millete tercih ediyorsunuz.\u201d<\/p>\n<p><strong>Naz\u0131r hiddet etti. Ben dedim:<\/strong>\u00a0<strong>\u201cBen h\u00fcr ya\u015fam\u0131\u015f\u0131m. H\u00fcrriyet-i mutlakan\u0131n meydan\u0131 olan K\u00fcrdistan da\u011flar\u0131nda b\u00fcy\u00fcm\u00fc\u015f\u00fcm. Bana hiddet fayda vermez, nafile yorulmay\u0131n\u0131z. Beni nefy edin, Fizan olsun, Yemen olsun ra\u00adz\u0131y\u0131m. Siz de p\u00eened\u00fbzluktan ve yamac\u0131l\u0131ktan kurtulursunuz. Ben de y\u00fck\u00adsekten d\u00fc\u015fmekle incinmekten kurtulurum.\u201d<\/strong><\/p>\n<p><strong><em>Naz\u0131r:\u00a0<\/em>\u201cNe demek istiyorsun?\u201d<\/strong><\/p>\n<p><strong><em>Cevaben dedim:\u00a0<\/em><\/strong>\u201cSigara k\u00e2\u011f\u0131d\u0131 kadar ince ve nizam nam\u0131yla bir perde\u00adyi bu kadar fever\u00e2n-\u0131 efk\u00e2r ve hissiyata kar\u015f\u0131 herkesin \u00fcst\u00fcne \u00f6rtm\u00fc\u015fs\u00fcn\u00fcz. Herkes alt\u0131nda, sizin tazyik\u0131n\u0131zla meyyit-i m\u00fcteharrik gibi inliyor. Ben ace\u00admi idim, alt\u0131na girmedim, \u00fcst\u00fcne d\u00fc\u015ft\u00fcm. Suret-i telebb\u00fcs\u00fcm gibi ahl\u00e2k\u0131m da sak\u00eel idi. Bir kere M\u00e2beyn\u2019de y\u0131rt\u0131ld\u0131. \u015ei\u015fli\u2019de bir ermeninin evine d\u00fc\u015f\u00adt\u00fcm, orada y\u0131rt\u0131ld\u0131. \u015eekerci Han\u0131\u2019na d\u00fc\u015ft\u00fcm, orada da y\u0131rt\u0131ld\u0131. T\u0131marhane\u00adye d\u00fc\u015ft\u00fcm, \u015fimdi de tarassuth\u00e2neye d\u00fc\u015fm\u00fc\u015f\u00fcm. H\u00e2s\u0131l\u0131, siz de o kadar ya\u00admac\u0131l\u0131k yapamazs\u0131n\u0131z. Ben de incinirim.<\/p>\n<p>Hem de K\u00fcrdistan\u2019da iken sizi iyi bilirdim. Bu ahval sizin ser\u00e2irinizi bana iyi \u00f6\u011fretti. Bahusus, t\u0131marhane bu metinleri bana iyi \u015ferh etti. Hem de bu hallere te\u015fekk\u00fcr ederim. Zira su-i zan makam\u0131nda h\u00fcsn-\u00fc zan eder idim.\u201d<\/p>\n<p><strong>Bed\u00ee\u00fczzaman\u00a0<em>Molla Said-i Kurd\u00ee-Bitlisname.com<\/em><\/strong><\/p>\n","protected":false},"excerpt":{"rendered":"<p>Said-i Kurdi, \u00dcniversite i\u00e7in Padi\u015fah\u2019\u0131n kap\u0131s\u0131n\u0131 \u00e7al\u0131yor. Said-i Kurdi\u2019nin bu talebini \u201dayr\u0131l\u0131k-b\u00f6l\u00fcc\u00fcl\u00fck\u201d olarak g\u00f6ren Zaptiye Naz\u0131r\u0131 ve Said-i Kurdi aras\u0131nda son derece sert bir tart\u0131\u015fma ya\u015fan\u0131yor. Naz\u0131r, Said-i Kurdi\u2019ye \u201dMaa\u015f al, K\u00fcrtler i\u00e7in \u00dcniversite talebinden vazge\u00e7 \u201d \u00e7\u0131k\u0131s\u0131 yap\u0131yor. Said-i Kurdi\u2019nin cevab\u0131 a\u015fa\u011f\u0131daki gibidir. Zaptiye N\u00e2z\u0131n:\u00a0\u201cP\u00e2di\u015f\u00e2h sana sel\u00e2m etmi\u015f, bin kuru\u015f da maa\u015f ba\u011fla\u00adm\u0131\u015f. Sonra &hellip;<\/p>\n","protected":false},"author":32,"featured_media":22770,"comment_status":"open","ping_status":"open","sticky":false,"template":"","format":"standard","meta":{"footnotes":""},"categories":[5371],"tags":[307,1616,6139,903,4513],"class_list":["post-22769","post","type-post","status-publish","format-standard","has-post-thumbnail","","category-alinti-yazilar","tag-bediuzzeman","tag-manset","tag-medresetuzzehra","tag-said-nursi","tag-said-i-kurdi"],"_links":{"self":[{"href":"https:\/\/candname.com\/tr\/index.php?rest_route=\/wp\/v2\/posts\/22769","targetHints":{"allow":["GET"]}}],"collection":[{"href":"https:\/\/candname.com\/tr\/index.php?rest_route=\/wp\/v2\/posts"}],"about":[{"href":"https:\/\/candname.com\/tr\/index.php?rest_route=\/wp\/v2\/types\/post"}],"author":[{"embeddable":true,"href":"https:\/\/candname.com\/tr\/index.php?rest_route=\/wp\/v2\/users\/32"}],"replies":[{"embeddable":true,"href":"https:\/\/candname.com\/tr\/index.php?rest_route=%2Fwp%2Fv2%2Fcomments&post=22769"}],"version-history":[{"count":0,"href":"https:\/\/candname.com\/tr\/index.php?rest_route=\/wp\/v2\/posts\/22769\/revisions"}],"wp:featuredmedia":[{"embeddable":true,"href":"https:\/\/candname.com\/tr\/index.php?rest_route=\/wp\/v2\/media\/22770"}],"wp:attachment":[{"href":"https:\/\/candname.com\/tr\/index.php?rest_route=%2Fwp%2Fv2%2Fmedia&parent=22769"}],"wp:term":[{"taxonomy":"category","embeddable":true,"href":"https:\/\/candname.com\/tr\/index.php?rest_route=%2Fwp%2Fv2%2Fcategories&post=22769"},{"taxonomy":"post_tag","embeddable":true,"href":"https:\/\/candname.com\/tr\/index.php?rest_route=%2Fwp%2Fv2%2Ftags&post=22769"}],"curies":[{"name":"wp","href":"https:\/\/api.w.org\/{rel}","templated":true}]}}