{"id":22762,"date":"2023-05-07T07:00:20","date_gmt":"2023-05-07T04:00:20","guid":{"rendered":"https:\/\/candname.com\/tr\/?p=22762"},"modified":"2023-04-30T19:51:50","modified_gmt":"2023-04-30T16:51:50","slug":"orta-anadolu-kurdleri","status":"publish","type":"post","link":"https:\/\/candname.com\/tr\/?p=22762","title":{"rendered":"Orta Anadolu K\u00fcrdleri"},"content":{"rendered":"<div class=\"x11i5rnm xat24cr x1mh8g0r x1vvkbs xtlvy1s x126k92a\">\n<div dir=\"auto\">Kurd\u00ean Anadoliya Nav\u00een, ya da \u0130\u00e7 Anadolu Kurdleri, T\u00fcrkiye&#8217;de Orta Anadolu&#8217;da; Aksaray, Ankara, \u00c7ank\u0131r\u0131, \u00c7orum, Eski\u015fehir, Karaman, Kayseri, K\u0131r\u0131kkale, K\u0131r\u015fehir, Konya, Nev\u015fehir, Ni\u011fde, Sivas ve Yozgat illerinde ya\u015fayan K\u00fcrdlerdir.<\/div>\n<\/div>\n<div class=\"x11i5rnm xat24cr x1mh8g0r x1vvkbs xtlvy1s x126k92a\">\n<div dir=\"auto\">Orta Anadolu K\u00fcrdlerinin \u00e7ekirde\u011fi, Ankara, Konya ve Aksaray illerinde ya\u015fayan Tuz G\u00f6l\u00fc K\u00fcrdleridir. Bunlar; Kurmanci, \u015e\u00eaxbizin\u00ee konu\u015furlar ve S\u00fcnni M\u00fcsl\u00fcmanlar veya Alevilerdir.<\/div>\n<\/div>\n<div class=\"x11i5rnm xat24cr x1mh8g0r x1vvkbs xtlvy1s x126k92a\">\n<div dir=\"auto\">Orta Anadolu&#8217;ya gelen ilk Kurd a\u015fireti Modanl\u0131 a\u015firetidir. 1184&#8217;te Haymana&#8217;ya yerle\u015ferek sadece \u0130\u00e7 Anadolu&#8217;nun \u00e7e\u015fitli yerlerine de\u011fil, \u0130stanbul ve Rumeli&#8217;ye de yay\u0131ld\u0131lar: Aksaray, K\u00fctahya, Rumeli, \u00c7atalca, Ko\u00e7hisar, Haymana, \u0130psala ve Evre\u015fe, Modanl\u0131 a\u015fireti, A\u015firet Merdisi&#8217;ne mensuptu. Kurdler adl\u0131 ilk Orta Anadolu Kurd k\u00f6y\u00fc 1463 y\u0131l\u0131nda Yaban\u00e2b\u00e2d&#8217;da, bug\u00fcnk\u00fc K\u0131z\u0131lcahamam -\u00c7aml\u0131dere, Ankara\u2019dad\u0131r.<\/div>\n<\/div>\n<div class=\"x11i5rnm xat24cr x1mh8g0r x1vvkbs xtlvy1s x126k92a\">\n<div dir=\"auto\">Orta Anadolu&#8217;ya ilk Kurd s\u00fcrg\u00fcn\u00fc, \u00c7ald\u0131ran Sava\u015f\u0131&#8217;nda en az 40.000 Alevi T\u00fcrkmen&#8217;in toplu katliam\u0131ndan sorumlu olan I. Selim (1512-1520) d\u00f6neminde verildi.<\/div>\n<\/div>\n<div class=\"x11i5rnm xat24cr x1mh8g0r x1vvkbs xtlvy1s x126k92a\">\n<div dir=\"auto\">Orta Anadolu Kurdlerinin en b\u00fcy\u00fck a\u015firetleri, bir t\u00fcr Orta Kurd leh\u00e7esi konu\u015fan \u015eeyhbizin\u00ee, Kurmanci&#8217;nin iki leh\u00e7esini konu\u015fan Re\u015f\u00ee (veya Re\u015fvan) ve Canbeg\u00ee ve Dimil\u00ee leh\u00e7esi konu\u015fan \u00carkecik\u00ee Kurdleridir.<\/div>\n<\/div>\n<div class=\"x11i5rnm xat24cr x1mh8g0r x1vvkbs xtlvy1s x126k92a\">\n<div dir=\"auto\">\u015eeyhbizin (\u015e\u00eaxbizin\u00ee) a\u015fireti mensuplar\u0131n\u0131n ya\u015fad\u0131\u011f\u0131 Haymana&#8217;da Kurmanci konu\u015fanlar konu\u015fulan dili anlamakta g\u00fc\u00e7l\u00fck \u00e7ekiyor. Yeni nesil Kurdler art\u0131k baz\u0131 yerle\u015fim yerlerinde Kurd\u00e7e konu\u015fmuyor.<\/div>\n<div dir=\"auto\"><\/div>\n<\/div>\n<div class=\"x11i5rnm xat24cr x1mh8g0r x1vvkbs xtlvy1s x126k92a\">\n<div dir=\"auto\">Kaynak: Almanca Wikipedia<\/div>\n<div dir=\"auto\">Harita: Almanca Wikipedia (Orta Anadolu Kurdlerinin yerle\u015fim yerleri)<\/div>\n<div dir=\"auto\"><\/div>\n<\/div>\n<div class=\"x11i5rnm xat24cr x1mh8g0r x1vvkbs xtlvy1s x126k92a\">\n<div dir=\"auto\"><strong>Alan Lezan || 29.04.2023<\/strong><\/div>\n<\/div>\n","protected":false},"excerpt":{"rendered":"<p>Kurd\u00ean Anadoliya Nav\u00een, ya da \u0130\u00e7 Anadolu Kurdleri, T\u00fcrkiye&#8217;de Orta Anadolu&#8217;da; Aksaray, Ankara, \u00c7ank\u0131r\u0131, \u00c7orum, Eski\u015fehir, Karaman, Kayseri, K\u0131r\u0131kkale, K\u0131r\u015fehir, Konya, Nev\u015fehir, Ni\u011fde, Sivas ve Yozgat illerinde ya\u015fayan K\u00fcrdlerdir. Orta Anadolu K\u00fcrdlerinin \u00e7ekirde\u011fi, Ankara, Konya ve Aksaray illerinde ya\u015fayan Tuz G\u00f6l\u00fc K\u00fcrdleridir. Bunlar; Kurmanci, \u015e\u00eaxbizin\u00ee konu\u015furlar ve S\u00fcnni M\u00fcsl\u00fcmanlar veya Alevilerdir. Orta Anadolu&#8217;ya gelen ilk &hellip;<\/p>\n","protected":false},"author":32,"featured_media":22763,"comment_status":"open","ping_status":"open","sticky":false,"template":"","format":"standard","meta":{"footnotes":""},"categories":[5371],"tags":[2467,117,1616,6137],"class_list":["post-22762","post","type-post","status-publish","format-standard","has-post-thumbnail","","category-alinti-yazilar","tag-anadolu","tag-kurtler","tag-manset","tag-orta-anadolu-kurleri"],"_links":{"self":[{"href":"https:\/\/candname.com\/tr\/index.php?rest_route=\/wp\/v2\/posts\/22762","targetHints":{"allow":["GET"]}}],"collection":[{"href":"https:\/\/candname.com\/tr\/index.php?rest_route=\/wp\/v2\/posts"}],"about":[{"href":"https:\/\/candname.com\/tr\/index.php?rest_route=\/wp\/v2\/types\/post"}],"author":[{"embeddable":true,"href":"https:\/\/candname.com\/tr\/index.php?rest_route=\/wp\/v2\/users\/32"}],"replies":[{"embeddable":true,"href":"https:\/\/candname.com\/tr\/index.php?rest_route=%2Fwp%2Fv2%2Fcomments&post=22762"}],"version-history":[{"count":0,"href":"https:\/\/candname.com\/tr\/index.php?rest_route=\/wp\/v2\/posts\/22762\/revisions"}],"wp:featuredmedia":[{"embeddable":true,"href":"https:\/\/candname.com\/tr\/index.php?rest_route=\/wp\/v2\/media\/22763"}],"wp:attachment":[{"href":"https:\/\/candname.com\/tr\/index.php?rest_route=%2Fwp%2Fv2%2Fmedia&parent=22762"}],"wp:term":[{"taxonomy":"category","embeddable":true,"href":"https:\/\/candname.com\/tr\/index.php?rest_route=%2Fwp%2Fv2%2Fcategories&post=22762"},{"taxonomy":"post_tag","embeddable":true,"href":"https:\/\/candname.com\/tr\/index.php?rest_route=%2Fwp%2Fv2%2Ftags&post=22762"}],"curies":[{"name":"wp","href":"https:\/\/api.w.org\/{rel}","templated":true}]}}